{"id":63317,"date":"2023-09-21T10:30:48","date_gmt":"2023-09-21T08:30:48","guid":{"rendered":"https:\/\/miradordeatarfe.es\/?p=63317"},"modified":"2023-09-12T11:16:49","modified_gmt":"2023-09-12T09:16:49","slug":"por-cuanto-me-vendes-a-tu-hijo","status":"publish","type":"post","link":"https:\/\/miradordeatarfe.es\/?p=63317","title":{"rendered":"\u00bfPor cu\u00e1nto me vendes a tu hijo?"},"content":{"rendered":"<h3 class=\"a_st\" style=\"text-align: justify;\">Lejos de disminuir, la esclavitud ha aumentado en los \u00faltimos a\u00f1os y ahora se presenta una nueva forma que afecta especialmente a las mujeres: los vientres de alquiler<\/h3>\n<p class=\"\" style=\"text-align: justify;\">Hace unos a\u00f1os, la realizadora Lala Gom\u00e0 estren\u00f3 un documental titulado <i>Free: Hadijatou contra el Estado<\/i>, donde explicaba la historia de una esclava nigerina que denunci\u00f3 al Estado por no impedir su esclavitud. Gan\u00f3, al final, el proceso. Como dato decir que seg\u00fan Anti-Slavery International, organizaci\u00f3n fundada el 1839 que trabaja para eliminar todas las formas de esclavitud, <a href=\"https:\/\/elpais.com\/internacional\/2019\/02\/11\/actualidad\/1549893160_671282.html\" target=\"_blank\" rel=\"noopener\" data-link-track-dtm=\"\" data-mrf-link=\"https:\/\/elpais.com\/internacional\/2019\/02\/11\/actualidad\/1549893160_671282.html\">se calcula que solo en N\u00edger hay m\u00e1s de 43.000 esclavos.<\/a><\/p>\n<p class=\"\" style=\"text-align: justify;\">El documental es de 2017 y yo al verlo, os confieso, me sorprend\u00ed \u2014soy bastante ingenua\u2014 de que en pleno siglo XXI existiera esclavitud. Estaba convencida de que se hab\u00eda abolido en el siglo XIX. Indagu\u00e9 y me enter\u00e9 de que, seg\u00fan la OIT no solo hay compraventa de seres humanos, otras formas de esclavitud segu\u00edan existiendo: trabajo forzoso, trata, matrimonio forzado\u2026 formas que no solo perviven, <a href=\"https:\/\/elpais.com\/america-futura\/2023-02-27\/la-justicia-ecuatoriana-lleva-a-juicio-a-una-empresa-japonesa-por-esclavitud-moderna.html\" target=\"_blank\" rel=\"noopener\" data-link-track-dtm=\"\" data-mrf-link=\"https:\/\/elpais.com\/america-futura\/2023-02-27\/la-justicia-ecuatoriana-lleva-a-juicio-a-una-empresa-japonesa-por-esclavitud-moderna.html\">sino que han aumentado considerablemente en los \u00faltimos a\u00f1os.<\/a> En 2021 hab\u00eda 10 millones m\u00e1s de personas en situaci\u00f3n de esclavitud moderna en comparaci\u00f3n con 2016, lo que nos deja la nada despreciable cifra de 50 millones de esclavos en todo el mundo.<\/p>\n<p class=\"\" style=\"text-align: justify;\">La sorpresa aument\u00f3 cuando me enter\u00e9 de que las formas de esclavitud, lejos de disminuir, aumentaban y el neoliberalismo inmoral en que viv\u00edamos hab\u00eda a\u00f1adido otra forma de esclavizar a las mujeres\u2026 pobres: los vientres de alquiler.<\/p>\n<p class=\"\" style=\"text-align: justify;\">No perdamos de vista el sujeto con el que he empezado el art\u00edculo: \u201cesclavitud\u201d, que, seg\u00fan el DRAE, es: \u201cSituaci\u00f3n de una persona que carece de derechos de modo permanente, especialmente los fundamentales de igualdad y libertad, por ejercer un tercero sobre ella todos o algunos de los atributos del derecho de propiedad, reduci\u00e9ndola a la condici\u00f3n de objeto\u201d. Y aqu\u00ed era, es, donde justamente se sit\u00faan los vientres de alquiler.<\/p>\n<p class=\"\" style=\"text-align: justify;\">Para quien no lo sepa un contrato de vientre de alquiler es un acuerdo privado, suscrito entre dos partes, en el que una mujer se compromete a gestar un beb\u00e9 con el fin de entregarlo, tras dar a luz, a las personas con las que ha firmado un contrato de compraventa, renunciando a su filiaci\u00f3n a cambio de dinero. Los derechos de la madre desaparecen desde el mismo momento en que firma. No podr\u00e1 quedarse con el beb\u00e9, ni siquiera si hubiera un embarazo gemelar y los compradores solo quisieran uno; o caso de que el beb\u00e9 tuviera malformaci\u00f3n y los compradores decidieran que abortara.<\/p>\n<p class=\"\" style=\"text-align: justify;\">As\u00ed est\u00e1n las cosas. Esclavitud.<\/p>\n<p class=\"\" style=\"text-align: justify;\">La pol\u00e9mica acerca de la legalidad de los vientres de alquiler, lo recordar\u00e9is, entr\u00f3 en la actualidad espa\u00f1ola recientemente con la llegada a nuestro pa\u00eds de la nieta de Ana Obreg\u00f3n, y acaba de volver a ella hace unos d\u00edas con Gustav VII, sobrino de Margarita II de Dinamarca, y Carina Axelsson. El matrimonio, ya talludito, \u201cdeseaba\u201d tener descendencia y, ni cortos ni perezosos, como en Alemania, lugar de residencia de la familia, los vientres de alquiler est\u00e1n prohibidos, partieron a Estados Unidos a contratar \u201cun vientre\u201d. En el bautizo, eso s\u00ed, han pedido \u201cdiscreci\u00f3n\u201d, por el \u201cbien del beb\u00e9\u201d, obviando que nadie cuestiona al ni\u00f1o, sino la actitud de ellos.<\/p>\n<p class=\"\" style=\"text-align: justify;\"><a href=\"https:\/\/elpais.com\/opinion\/2023-04-01\/vientres-de-alquiler.html\" target=\"_blank\" rel=\"noopener\" data-link-track-dtm=\"\" data-mrf-link=\"https:\/\/elpais.com\/opinion\/2023-04-01\/vientres-de-alquiler.html\">No deber\u00eda haber discusi\u00f3n acerca de que no se puede comprar y vender seres humanos<\/a>. Parece, digo, pero los que defienden esta compraventa reclaman la \u201clibertad de elecci\u00f3n\u201d de las mujeres a\u2026 \u00bfvender a sus hijos? La trampa, claro est\u00e1, consiste en apelar a la libertad individual de cada una de nosotras para justificar y permitir que se abuse de las mujeres. Sabido es que, como dijo<i> <\/i>Margaret Sanger: \u201cNinguna mujer puede llamarse a s\u00ed misma \u2018libre\u2019 cuando no tiene el control sobre su propio cuerpo\u201d. Vender tu beb\u00e9 no es una muestra de control sobre tu cuerpo, porque hacerlo para sobrevivir es precisamente perder el control sobre tu propio cuerpo.<\/p>\n<p class=\"\" style=\"text-align: justify;\">No es reciente el argumento, pero ahora se ha ampliado y se \u201cha cargado de legitimidad\u201d. Sin importarle a esos defensores la situaci\u00f3n en la que se encuentra la mujer que llega a ese escenario. Ni que decir tiene que esos valedores de \u201clos vientres\u201d se mueven como pez en el agua, con soltura y sin complejos, en el marco de democracias preocupadas solo por los beneficios econ\u00f3micos y no por las personas, convirtiendo a las madres en \u201cvasijas\u201d en las que cocer un producto que puede comprarse. En un mundo en el que hay un sistema de reparto, el capitalismo, en el que hay casi 800 millones de personas que pasan hambre \u2014ni que decir tiene que las pobres de los pobres son mujeres\u2014 parece que no deber\u00eda generar ninguna duda rebatir el argumento de la \u201clibertad de decidir\u201d. Porque, cuando no se tienen las necesidades cubiertas, lo que decidimos no es una reacci\u00f3n fruto de nuestra libertad, sino condicionada, precisamente, porque no la tenemos. Eso, por no hablar, de que no existe el derecho a tener un hijo que reivindican los compradores, aprovechando que hay mujeres sin recursos, el dinero no todo lo puede.<\/p>\n<p class=\"\" style=\"text-align: justify;\">As\u00ed las cosas, seguro que vosotras sois de las privilegiadas que no vender\u00edais a vuestro hijo, porque la esclavitud, amigas, es cosa de pobres.<\/p>\n<p><a class=\"a_md_a_n\" title=\"Ver todas las noticias de Carmen Domingo\" href=\"https:\/\/elpais.com\/autor\/carmen-domingo\/#?rel=author_top\" data-mrf-link=\"https:\/\/elpais.com\/autor\/carmen-domingo\/\"><strong>Carmen Domingo<\/strong><\/a><\/p>\n<header class=\"a_e a_e-o _g _g-xs\">\n<div class=\"a_e_m\">\n<figure class=\"a_m a_m-h \"><figcaption class=\"a_m_p\">FOTO:Una embarazada, el 27 de febrero de 2023 en Buenos Aires (Argentina).<span class=\"a_m_m\">JUAN IGNACIO RONCORONI (EFE)<\/span><\/figcaption><\/figure>\n<\/div>\n<\/header>\n<div class=\"a_md _g _g-xs \">\n<figure class=\"a_md_i a_m-h c_m--nf\"><span class=\"a_m_w _db\">https:\/\/elpais.com\/opinion\/2023-09-12\/por-cuanto-me-vendes-tu-hijo.html<\/span><\/figure>\n<div class=\"a_md_txt\">\n<div class=\"a_md_a\" data-dtm-region=\"articulo_firma\">\u00a0<\/div>\n<\/div>\n<\/div>\n","protected":false},"excerpt":{"rendered":"<p>Lejos de disminuir, la esclavitud ha aumentado en los \u00faltimos a\u00f1os y ahora se presenta&#8230;<\/p>\n","protected":false},"author":1,"featured_media":63318,"comment_status":"closed","ping_status":"closed","sticky":false,"template":"","format":"standard","meta":{"_coblocks_attr":"","_coblocks_dimensions":"","_coblocks_responsive_height":"","_coblocks_accordion_ie_support":"","jetpack_post_was_ever_published":false,"_jetpack_newsletter_access":"","_jetpack_dont_email_post_to_subs":false,"_jetpack_newsletter_tier_id":0,"_jetpack_memberships_contains_paywalled_content":false,"_jetpack_memberships_contains_paid_content":false,"footnotes":"","jetpack_publicize_message":"","jetpack_publicize_feature_enabled":true,"jetpack_social_post_already_shared":false,"jetpack_social_options":{"image_generator_settings":{"template":"highway","default_image_id":0,"enabled":false},"version":2}},"categories":[1161,14,44,7671,6937,15],"tags":[5666,916],"class_list":["post-63317","post","type-post","status-publish","format-standard","has-post-thumbnail","hentry","category-ciudadania","category-feminismo","category-noticias-de-hoy","category-politica","category-sociedad","category-ultimas-noticias","tag-esclavitud","tag-vientres-de-alquiler"],"jetpack_publicize_connections":[],"jetpack_featured_media_url":"https:\/\/i0.wp.com\/miradordeatarfe.es\/wp-content\/uploads\/2023\/09\/Screenshot-2023-09-12-at-11-12-46-%C2%BFPor-cuanto-me-vendes-a-tu-hijo.png?fit=453%2C389&ssl=1","jetpack_likes_enabled":true,"jetpack_sharing_enabled":true,"_links":{"self":[{"href":"https:\/\/miradordeatarfe.es\/index.php?rest_route=\/wp\/v2\/posts\/63317","targetHints":{"allow":["GET"]}}],"collection":[{"href":"https:\/\/miradordeatarfe.es\/index.php?rest_route=\/wp\/v2\/posts"}],"about":[{"href":"https:\/\/miradordeatarfe.es\/index.php?rest_route=\/wp\/v2\/types\/post"}],"author":[{"embeddable":true,"href":"https:\/\/miradordeatarfe.es\/index.php?rest_route=\/wp\/v2\/users\/1"}],"replies":[{"embeddable":true,"href":"https:\/\/miradordeatarfe.es\/index.php?rest_route=%2Fwp%2Fv2%2Fcomments&post=63317"}],"version-history":[{"count":1,"href":"https:\/\/miradordeatarfe.es\/index.php?rest_route=\/wp\/v2\/posts\/63317\/revisions"}],"predecessor-version":[{"id":63319,"href":"https:\/\/miradordeatarfe.es\/index.php?rest_route=\/wp\/v2\/posts\/63317\/revisions\/63319"}],"wp:featuredmedia":[{"embeddable":true,"href":"https:\/\/miradordeatarfe.es\/index.php?rest_route=\/wp\/v2\/media\/63318"}],"wp:attachment":[{"href":"https:\/\/miradordeatarfe.es\/index.php?rest_route=%2Fwp%2Fv2%2Fmedia&parent=63317"}],"wp:term":[{"taxonomy":"category","embeddable":true,"href":"https:\/\/miradordeatarfe.es\/index.php?rest_route=%2Fwp%2Fv2%2Fcategories&post=63317"},{"taxonomy":"post_tag","embeddable":true,"href":"https:\/\/miradordeatarfe.es\/index.php?rest_route=%2Fwp%2Fv2%2Ftags&post=63317"}],"curies":[{"name":"wp","href":"https:\/\/api.w.org\/{rel}","templated":true}]}}