{"id":63320,"date":"2023-09-21T11:19:34","date_gmt":"2023-09-21T09:19:34","guid":{"rendered":"https:\/\/miradordeatarfe.es\/?p=63320"},"modified":"2023-09-24T21:48:48","modified_gmt":"2023-09-24T19:48:48","slug":"el-cortijo-del-rao-por-jose-enrique-granados","status":"publish","type":"post","link":"https:\/\/miradordeatarfe.es\/?p=63320","title":{"rendered":"\u00abEL CORTIJO DEL RAO\u00bb por Jos\u00e9 Enrique Granados"},"content":{"rendered":"<div class=\"\" dir=\"auto\">\n<div id=\":rmg:\" class=\"x1iorvi4 x1pi30zi x1l90r2v x1swvt13\" data-ad-comet-preview=\"message\" data-ad-preview=\"message\">\n<div class=\"x78zum5 xdt5ytf xz62fqu x16ldp7u\">\n<div class=\"xu06os2 x1ok221b\">\n<div class=\"xdj266r x11i5rnm xat24cr x1mh8g0r x1vvkbs x126k92a\">\n<h3 dir=\"auto\" style=\"text-align: justify;\"><em> Cortijo llamado del Rao, en t\u00e9rmino de esta ciudad y del pueblo de Atarfe, procedente del colegio de San Bartolom\u00e9 y Santiago de Granada, compuesto de 2 piezas<\/em><\/h3>\n<div dir=\"auto\" style=\"text-align: justify;\">\u00a0<\/div>\n<div dir=\"auto\" style=\"text-align: justify;\">La ley de 1 de mayo de 1855 declaraba en estado de venta todos los predios r\u00fasticos y urbanos, censos y foros pertenecientes al Estado, clero, \u00f3rdenes militares de Santiago, Alc\u00e1ntara, Calatrava, Montesa y San Juan de Jerusal\u00e9n, a la beneficencia, a la instrucci\u00f3n p\u00fablica y cualesquiera otros, pertenecientes a manos muertas, mandados o no vender por leyes anteriores.<\/div>\n<div dir=\"auto\" style=\"text-align: justify;\">\u00a0<\/div>\n<div dir=\"auto\" style=\"text-align: justify;\">Para llevar a cabo esta ley desamortizadora se dio el Real Decreto de 15 de mayo del mismo a\u00f1o por el que se crea la Direcci\u00f3n General de Ventas de Bienes Nacionales y la Junta Superior de Ventas de Bienes Nacionales. Esta \u00faltima fue creada por el art\u00edculo 93 de la Instrucci\u00f3n de 31 de mayo de dicho a\u00f1o y dispon\u00eda su composici\u00f3n de la manera siguiente: el Director General de Ventas como presidente, dos senadores, dos diputados, dos altos funcionarios pasivos, dos personas notables por su ciencia, arraigo y probidad, el asesor general de Hacienda y un secretario que ser\u00eda un subdirector del ramo. Para ayudarle en su gesti\u00f3n se establecieron unas juntas provinciales.<\/div>\n<div dir=\"auto\" style=\"text-align: justify;\">\u00a0<\/div>\n<\/div>\n<div class=\"x11i5rnm xat24cr x1mh8g0r x1vvkbs xtlvy1s x126k92a\" style=\"text-align: justify;\">\n<div dir=\"auto\">En este a\u00f1o por providencia del gobernador de la provincia sali\u00f3 a subasta p\u00fablica la siguiente finca, ubicada en el t\u00e9rmino municipal de Atarfe:<\/div>\n<div dir=\"auto\">\u00a0<\/div>\n<\/div>\n<div class=\"x11i5rnm xat24cr x1mh8g0r x1vvkbs xtlvy1s x126k92a\" style=\"text-align: justify;\">\n<div dir=\"auto\"><em>\u00abN\u00fam. 123 del inventario. Un cortijo llamado del Rao, en t\u00e9rmino de esta ciudad y del pueblo de Atarfe, procedente del colegio de San Bartolom\u00e9 y Santiago de Granada, compuesto de 2 piezas; a saber: la primera, de 1,330 marjales de labor, sufre un remano 700 marjales. 400 se humedecen, y 450 de buen cultivo; dentro de este raso est\u00e1 situada la casa y bajo los linderos, que pasan a represarse: hay tres hazas de agua, propiedad la una de 8 marjales, llamada la Honda, cuyo due\u00f1o se ignora, y la labra Luis Rodr\u00edguez y otras 2 unidas de38 marjales, de la propiedad del Exmo. Se\u00f1or conde de la Puebla del Maestre y dichas 3 hazas tienen marcados sus padrones de divisi\u00f3n.<\/em><\/div>\n<div dir=\"auto\">\u00a0<\/div>\n<div dir=\"auto\"><em> El raso del cortijo linda por Levante con la acequia de Gauchea, por Mediod\u00eda con tierras del cortijo del Capit\u00e1n y otra del Rab\u00f3n, por Poniente con el rio Genil, y por el Norte con tierras de D Antonio Diaz de Rivera: los 700 marjales son de cuarta calidad, 400 de tercera, y los restantes 430 de segunda.<\/em><\/div>\n<div dir=\"auto\">\u00a0<\/div>\n<div dir=\"auto\"><em> La segunda pieza se compone de 50 marjales de plant\u00edo y reto\u00f1os para la alameda de defensa de las tierras del cortijo: tiene 2.000 palos de di\u00e1metro de parejuelos, y el resto de que est\u00e1n poblados no se sujeta a numeraci\u00f3n por hallarse en crianza peque\u00f1a, y cuyo valor se comprende en el de los marjales, lindando por Levante con las alamedas del Rector, Mediod\u00eda el rio Genil, Poniente con alamedas del Sotillo, y Norte con las tierras del Cortijo. <\/em><\/div>\n<div dir=\"auto\">\u00a0<\/div>\n<div dir=\"auto\"><em>Otra haza, llamada de la Alameda, de 11 marjales de tierra calma de riego de tercera calidad, que linda por los 4 vientos con tierras del cortijo del Capit\u00e1n. Otra haza de tierra de riego de segunda calidad, llamada del Chopo, en t\u00e9rmino de Atarfe, de cabida de 18 marjales y 23 estadales, que linda por Levante y Mediod\u00eda con la acequia de Cauchel. Otra haza de tierra calma de riego de segunda calidad, llamada tambi\u00e9n del Chopo, como la anterior, de cabida de 16 marjales, en igual t\u00e9rmino de Atarfe, que linda por Mediod\u00eda con tierras del cortijo del Capit\u00e1n, y por Poniente y Norte con otra del referido t\u00e9rmino de Atarfe.<\/em><\/div>\n<div dir=\"auto\">\u00a0<\/div>\n<div dir=\"auto\"><em> Otra haza de tierra calma de riego de segunda calidad de 16 marjales en dicho t\u00e9rmino, que linda por Levante y Mediod\u00eda con la acequia de Gambella, y por Poniente con tierras de D. Jos\u00e9 Torrente. Otra haza de tierra calma de riego de segunda calidad, de 23 marjales, en dicho t\u00e9rmino, que linda por Levante con tierras de la jurisdicci\u00f3n del mismo pueblo de Atarfe. Otra haza en 3 pedazos unidos de tierra calma de riego en t\u00e9rmino de esta ciudad, de cabida de 120 marjales de segunda calidad en el pago del mismo cortijo, que linda por Levante con t\u00e9rmino de Atarfe, acequia de por medio, por Mediod\u00eda con el caz de Gauchea, y Norte con el camino de los Le\u00f1adores.<\/em><\/div>\n<div dir=\"auto\">\u00a0<\/div>\n<div dir=\"auto\"><em> Otra haza, llamada del Carril, de 22 marjales de tierra calma de riego de segunda calidad, que la divide en toda su longitud el carril del cortijo, y linda por Levante con tierras de D Jos\u00e9 Enr\u00edquez, y Mediod\u00eda con la acequia la Gambella. Otra de tierra de riego de segunda calidad, de 13 marjales contigua a la era del cortijo, que linda por Levante con otra de D. Francisco Mole\u00f3n, y Mediod\u00eda y Poniente otras del cortijo del Capit\u00e1n. Otra haza de tierra calma de riego, de segunda calidad, de 13 marjales, en dicho t\u00e9rmino y pago, que linda por Levante, Mediod\u00eda y Poniente con tierras del cortijo del Capit\u00e1n, y Norte con el camino de Los Le\u00f1adores.<\/em><\/div>\n<div dir=\"auto\">\u00a0<\/div>\n<div dir=\"auto\"><em> Y, por \u00faltimo, una era empedrada que atraviesa el carril del cortijo, de cabida de 2 marjales, y linda por Levante y Mediod\u00eda con tierras de D. Francisco Mole\u00f3n. Adem\u00e1s, tiene este cortijo una casa con dos cuerpos de alzado, y una torre que la separa en el centro de su fachada, de f\u00e1brica buena, pero con la falta de reparos, y su extensi\u00f3n superficial en la parte de labrado ocupa 8.947 pies, y la de los corrales y patios de luces 6.868, teniendo adem\u00e1s un pozo de agua. Se halla arrendada esta finca a Manuel Hern\u00e1ndez y consortes en 17.806 reales 16 maraved\u00edes. anuales, al plazo de 15 de agosto, capitalizada en 320.617 reales, 13 maraved\u00edes, y tasada en 328.745 reales, por cuya cantidad se saca a subasta.\u00bb<\/em><\/div>\n<div dir=\"auto\">\u00a0<\/div>\n<\/div>\n<div class=\"x11i5rnm xat24cr x1mh8g0r x1vvkbs xtlvy1s x126k92a\" style=\"text-align: justify;\">\n<div dir=\"auto\">Cuantos top\u00f3nimos que muchos desconocemos y se pierden en el tiempo.<\/div>\n<\/div>\n<\/div>\n<div dir=\"auto\" style=\"text-align: justify;\">\u00a0<\/div>\n<div dir=\"auto\" style=\"text-align: justify;\"><a href=\"https:\/\/i0.wp.com\/miradordeatarfe.es\/wp-content\/uploads\/2023\/09\/cortijo-del-rao.jpg?ssl=1\"><img data-recalc-dims=\"1\" loading=\"lazy\" decoding=\"async\" class=\"alignnone wp-image-63321 size-full\" src=\"https:\/\/i0.wp.com\/miradordeatarfe.es\/wp-content\/uploads\/2023\/09\/cortijo-del-rao.jpg?resize=640%2C480&#038;ssl=1\" alt=\"\" width=\"640\" height=\"480\" srcset=\"https:\/\/i0.wp.com\/miradordeatarfe.es\/wp-content\/uploads\/2023\/09\/cortijo-del-rao.jpg?w=2048&amp;ssl=1 2048w, https:\/\/i0.wp.com\/miradordeatarfe.es\/wp-content\/uploads\/2023\/09\/cortijo-del-rao.jpg?resize=300%2C225&amp;ssl=1 300w, https:\/\/i0.wp.com\/miradordeatarfe.es\/wp-content\/uploads\/2023\/09\/cortijo-del-rao.jpg?resize=1024%2C768&amp;ssl=1 1024w, https:\/\/i0.wp.com\/miradordeatarfe.es\/wp-content\/uploads\/2023\/09\/cortijo-del-rao.jpg?resize=768%2C576&amp;ssl=1 768w, https:\/\/i0.wp.com\/miradordeatarfe.es\/wp-content\/uploads\/2023\/09\/cortijo-del-rao.jpg?resize=1536%2C1152&amp;ssl=1 1536w, https:\/\/i0.wp.com\/miradordeatarfe.es\/wp-content\/uploads\/2023\/09\/cortijo-del-rao.jpg?resize=1320%2C990&amp;ssl=1 1320w, https:\/\/i0.wp.com\/miradordeatarfe.es\/wp-content\/uploads\/2023\/09\/cortijo-del-rao.jpg?w=1920&amp;ssl=1 1920w\" sizes=\"auto, (max-width: 640px) 100vw, 640px\" \/><\/a><\/div>\n<div class=\"xu06os2 x1ok221b\">\n<div class=\"x11i5rnm xat24cr x1mh8g0r x1vvkbs xtlvy1s x126k92a\">\n<div dir=\"auto\">En las fotograf\u00edas, alguna perspectiva del cortijo del Rao de hace unos a\u00f1os.<\/div>\n<\/div>\n<div class=\"x11i5rnm xat24cr x1mh8g0r x1vvkbs xtlvy1s x126k92a\">\n<div dir=\"auto\">\u00a0<\/div>\n<div dir=\"auto\"><a href=\"https:\/\/www.facebook.com\/photo?fbid=764154175718067&amp;set=pcb.764154215718063\">Gacetilla y curiosidades elvirenses.<\/a><\/div>\n<\/div>\n<\/div>\n<\/div>\n<\/div>\n<\/div>\n<div id=\":rmh:\" class=\"x1n2onr6\">\n<div class=\"x1n2onr6\">\n<div>\n<div class=\"x1n2onr6\">\n<div class=\"x1n2onr6\">\n<div class=\"x6ikm8r x10wlt62 x10l6tqk\">\u00a0<\/div>\n<\/div>\n<\/div>\n<\/div>\n<\/div>\n<\/div>\n<div class=\"x6ikm8r x10wlt62 x10l6tqk\">\u00a0<\/div>\n<div>\n<div id=\":rmh:\" class=\"x1n2onr6\">\n<div class=\"x6ikm8r x10wlt62\">\u00a0<\/div>\n<\/div>\n<\/div>\n<div>\n<div class=\"x168nmei x13lgxp2 x30kzoy x9jhf4c x6ikm8r x10wlt62\" data-visualcompletion=\"ignore-dynamic\">\n<div>\n<div>\n<div>\n<div class=\"x1n2onr6\">\n<div class=\"x6s0dn4 xi81zsa x78zum5 x6prxxf x13a6bvl xvq8zen xdj266r xktsk01 xat24cr x1d52u69 x889kno x4uap5 x1a8lsjc xkhd6sd xdppsyt\">\n<div class=\"x6s0dn4 x78zum5 x1iyjqo2 x6ikm8r x10wlt62\">\u00a0<\/div>\n<\/div>\n<\/div>\n<\/div>\n<\/div>\n<\/div>\n<\/div>\n<\/div>\n<div class=\"\">\u00a0<\/div>\n<div class=\"x9f619 x1n2onr6 x1ja2u2z x78zum5 xdt5ytf x2lah0s x193iq5w xeuugli xsyo7zv x16hj40l x10b6aqq x1yrsyyn\">\u00a0<\/div>\n<div class=\"x9f619 x1n2onr6 x1ja2u2z x78zum5 xdt5ytf x2lah0s x193iq5w xeuugli xsyo7zv x16hj40l x10b6aqq x1yrsyyn\">\u00a0<\/div>\n<div class=\"x9f619 x1n2onr6 x1ja2u2z x78zum5 xdt5ytf x2lah0s x193iq5w xeuugli xsyo7zv x16hj40l x10b6aqq x1yrsyyn\">\u00a0<\/div>\n<div class=\"x9f619 x1n2onr6 x1ja2u2z x78zum5 x2lah0s x1qughib x1qjc9v5 xozqiw3 x1q0g3np x150jy0e x1e558r4 xjkvuk6 x1iorvi4 xwrv7xz x8182xy x4cne27 xifccgj\">\n<div class=\"x9f619 x1n2onr6 x1ja2u2z x78zum5 xdt5ytf x193iq5w xeuugli x1r8uery x1iyjqo2 xs83m0k xg83lxy x1h0ha7o x10b6aqq x1yrsyyn\">\u00a0<\/div>\n<\/div>\n<div class=\"x9f619 x1n2onr6 x1ja2u2z x78zum5 xdt5ytf x193iq5w xeuugli x1r8uery x1iyjqo2 xs83m0k xg83lxy x1h0ha7o x10b6aqq x1yrsyyn\">\u00a0<\/div>\n<div class=\"x9f619 x1n2onr6 x1ja2u2z x78zum5 xdt5ytf x193iq5w xeuugli x1r8uery x1iyjqo2 xs83m0k xg83lxy x1h0ha7o x10b6aqq x1yrsyyn\">\u00a0<\/div>\n<div class=\"x9f619 x1n2onr6 x1ja2u2z x78zum5 xdt5ytf x2lah0s x193iq5w xeuugli xg83lxy x1h0ha7o x10b6aqq x1yrsyyn\">\n<div>\u00a0<\/div>\n<\/div>\n<div class=\"x8cjs6t x1ch86jh x80vd3b xckqwgs x1ejq31n xu3j5b3 x1q0q8m5 x26u7qi x178xt8z xm81vs4 xso031l xy80clv x12nagc x1d52u69 xktsk01\">\u00a0<\/div>\n<div class=\"x1n2onr6 x1ja2u2z x9f619 x78zum5 xdt5ytf x2lah0s x193iq5w x1xmf6yo x1e56ztr\">\n<div class=\"x9f619 x1n2onr6 x1ja2u2z x78zum5 xdt5ytf x1iyjqo2 x2lwn1j\">\n<div class=\"x9f619 x1n2onr6 x1ja2u2z x78zum5 xdt5ytf x2lah0s x193iq5w x1swvt13 x1pi30zi\">\n<div class=\"\">\n<div class=\"x78zum5 x1q0g3np x1a2a7pz\">\n<div class=\"xqcrz7y x14yjl9h xudhj91 x18nykt9 xww2gxu x1lliihq x1w0mnb xr9ek0c x1n2onr6\">\u00a0<\/div>\n<\/div>\n<\/div>\n<\/div>\n<\/div>\n<\/div>\n<form class=\"x1ed109x x1n2onr6 xmjcpbm x1tlxs6b x1g8br2z x1gn5b1j x230xth x972fbf xcfux6l x1qhh985 xm0m39n x78zum5 x1iyjqo2 x13a6bvl\" role=\"presentation\">\n<div class=\"xh8yej3\">\n<div class=\"x78zum5 x13a6bvl\">\n<div class=\"xi81zsa xo1l8bm xlyipyv xuxw1ft x49crj4 x1ed109x xdl72j9 x1iyjqo2 xs83m0k x6prxxf x6ikm8r x10wlt62 x1y1aw1k xn6708d xwib8y2 x1ye3gou\" data-visualcompletion=\"ignore\">\n<div class=\"x1n2onr6\">\n<div class=\"xzsf02u x1a2a7pz x1n2onr6 x14wi4xw notranslate\" tabindex=\"0\" role=\"textbox\" contenteditable=\"true\" spellcheck=\"true\" aria-label=\"Escribe algo\u2026\" data-lexical-editor=\"true\">\u00a0<\/div>\n<\/div>\n<\/div>\n<\/div>\n<\/div>\n<\/form>\n","protected":false},"excerpt":{"rendered":"<p>Cortijo llamado del Rao, en t\u00e9rmino de esta ciudad y del pueblo de Atarfe, procedente&#8230;<\/p>\n","protected":false},"author":1,"featured_media":63322,"comment_status":"closed","ping_status":"closed","sticky":false,"template":"","format":"standard","meta":{"_coblocks_attr":"","_coblocks_dimensions":"","_coblocks_responsive_height":"","_coblocks_accordion_ie_support":"","jetpack_post_was_ever_published":false,"_jetpack_newsletter_access":"","_jetpack_dont_email_post_to_subs":false,"_jetpack_newsletter_tier_id":0,"_jetpack_memberships_contains_paywalled_content":false,"_jetpack_memberships_contains_paid_content":false,"footnotes":"","jetpack_publicize_message":"","jetpack_publicize_feature_enabled":true,"jetpack_social_post_already_shared":false,"jetpack_social_options":{"image_generator_settings":{"template":"highway","default_image_id":0,"enabled":false},"version":2}},"categories":[2,1161,1225,186,38,44,15],"tags":[81,10655],"class_list":["post-63320","post","type-post","status-publish","format-standard","has-post-thumbnail","hentry","category-atarfe","category-ciudadania","category-ha-de-atarfe","category-instituciones","category-opinion-de-jose-enrique-granados","category-noticias-de-hoy","category-ultimas-noticias","tag-atarfe","tag-cortijo-del-rao"],"jetpack_publicize_connections":[],"jetpack_featured_media_url":"https:\/\/i0.wp.com\/miradordeatarfe.es\/wp-content\/uploads\/2023\/09\/cortijo-del-rao-1.jpg?fit=2048%2C1536&ssl=1","jetpack_likes_enabled":true,"jetpack_sharing_enabled":true,"_links":{"self":[{"href":"https:\/\/miradordeatarfe.es\/index.php?rest_route=\/wp\/v2\/posts\/63320","targetHints":{"allow":["GET"]}}],"collection":[{"href":"https:\/\/miradordeatarfe.es\/index.php?rest_route=\/wp\/v2\/posts"}],"about":[{"href":"https:\/\/miradordeatarfe.es\/index.php?rest_route=\/wp\/v2\/types\/post"}],"author":[{"embeddable":true,"href":"https:\/\/miradordeatarfe.es\/index.php?rest_route=\/wp\/v2\/users\/1"}],"replies":[{"embeddable":true,"href":"https:\/\/miradordeatarfe.es\/index.php?rest_route=%2Fwp%2Fv2%2Fcomments&post=63320"}],"version-history":[{"count":6,"href":"https:\/\/miradordeatarfe.es\/index.php?rest_route=\/wp\/v2\/posts\/63320\/revisions"}],"predecessor-version":[{"id":63399,"href":"https:\/\/miradordeatarfe.es\/index.php?rest_route=\/wp\/v2\/posts\/63320\/revisions\/63399"}],"wp:featuredmedia":[{"embeddable":true,"href":"https:\/\/miradordeatarfe.es\/index.php?rest_route=\/wp\/v2\/media\/63322"}],"wp:attachment":[{"href":"https:\/\/miradordeatarfe.es\/index.php?rest_route=%2Fwp%2Fv2%2Fmedia&parent=63320"}],"wp:term":[{"taxonomy":"category","embeddable":true,"href":"https:\/\/miradordeatarfe.es\/index.php?rest_route=%2Fwp%2Fv2%2Fcategories&post=63320"},{"taxonomy":"post_tag","embeddable":true,"href":"https:\/\/miradordeatarfe.es\/index.php?rest_route=%2Fwp%2Fv2%2Ftags&post=63320"}],"curies":[{"name":"wp","href":"https:\/\/api.w.org\/{rel}","templated":true}]}}