{"id":63329,"date":"2023-09-21T08:32:57","date_gmt":"2023-09-21T06:32:57","guid":{"rendered":"https:\/\/miradordeatarfe.es\/?p=63329"},"modified":"2023-09-12T11:36:32","modified_gmt":"2023-09-12T09:36:32","slug":"interrumpimos-al-que-habla-olvidamos-cosas-y-si-es-deficit-de-atencion-y-no-lo-sabemos","status":"publish","type":"post","link":"https:\/\/miradordeatarfe.es\/?p=63329","title":{"rendered":"Interrumpimos al que habla, olvidamos cosas&#8230; \u00bfY si es d\u00e9ficit de atenci\u00f3n y no lo sabemos?"},"content":{"rendered":"<h2 class=\"v-a-sub-t\" style=\"text-align: justify;\">EL TDAH no es solo cosa de ni\u00f1os, hay adultos que conviven con este trastorno y nunca han sido diagnosticados<\/h2>\n<p class=\"v-p\" style=\"text-align: justify;\">Seguro que en nuestro entorno hay personas de esas que tienen muchos despistes, que son incapaces de gestionar bien su tiempo, a las que les cuesta un mundo cumplir con sus citas y obligaciones, que tienen cambios de humor frecuentes y que a menudo parecen frustrados. O quiz\u00e1 nosotros mismos nos reconocemos en esta descripci\u00f3n. \u00bfC\u00f3mo catalogamos a la gente as\u00ed? Pues les solemos tachar de desorganizados, de ca\u00f3ticos, de desastrosos&#8230; Es que a veces es de no creer. Lo que no solemos pensar es que tienen un trastorno de d\u00e9ficit de atenci\u00f3n e hiperactividad (TDAH) porque eso&#8230; \u00bfno es cosa de ni\u00f1os?<\/p>\n<p class=\"v-p\" style=\"text-align: justify;\">Pues no.Se calcula que este trastorno afecta a entre un 2% y un 5% de la poblaci\u00f3n infantil en Espa\u00f1a \u2013una media de uno o dos menores por aula\u2013, pero tambi\u00e9n a un 4% de la poblaci\u00f3n adulta. Lo peor es que la mayor\u00eda de ellos se han enterado ya de mayores. Y el no haber recibido apoyo y terapia en edades tempranas \u00abdificulta mucho su d\u00eda a d\u00eda, el progreso acad\u00e9mico y laboral y tambi\u00e9n sus relaciones sociales y de pareja\u00bb, lamenta Paula Morales, profesora de Psicolog\u00eda de la Universitat Oberta de Catalunya (UOC).<\/p>\n<p class=\"v-p\" style=\"text-align: justify;\">Adem\u00e1s, cargan con un problema &#8216;extra&#8217;: tienen m\u00e1s riesgo de caer en el abuso o dependencia de sustancias, de sufrir accidentes debido a su mayor impulsividad e hiperactividad e incluso son m\u00e1s proclives a seguir una dieta menos saludable \u2013lo que puede suponer una menor esperanza de vida\u2013, seg\u00fan un estudio gen\u00e9tico liderado por los institutos de investigaci\u00f3n Vall d&#8217;Hebron y Pere Virgili. De ah\u00ed la importancia de que se diagnostique, aunque sea en la edad adulta, ya que, tal y como apunta Morales, si bien la hiperactividad tiende a disminuir con el paso de los a\u00f1os, \u00abla desatenci\u00f3n y la impulsividad persisten en adultos\u00bb. De hecho, \u00aben el 40% de los casos todos los s\u00edntomas se mantienen\u00bb.<\/p>\n<div class=\"v-c-cmp v-n-mrg\" style=\"text-align: justify;\">\n<h3 class=\"v-d-cmp-sub-hl\">T\u00e9cnicas de camuflaje<\/h3>\n<\/div>\n<p class=\"v-p\" style=\"text-align: justify;\">Desde hace unos a\u00f1os, los peques est\u00e1n muy &#8216;vigilados&#8217; y este trastorno se diagnostica m\u00e1s, pero hace d\u00e9cadas ni siquiera se conoc\u00eda ni se contemplaba, por lo que ahora mismo hay adultos que, sin saberlo, han llevado esta mochila toda la vida (algo que, seguramente, explica muchas cosas de su biograf\u00eda). \u00abAl no ser tan incapacitante como otros trastornos, como el autismo por ejemplo, puede haberse dado un fen\u00f3meno de camuflaje, que ocurre cuando alguien con TDAH aprende a adaptarse y desarrollar estrategias para manejar sus s\u00edntomas y as\u00ed pasar desapercibido hasta que, por alguna raz\u00f3n, como un trabajo de alta demanda cognitiva o situaciones de estr\u00e9s, se aprecian dificultades o se nota que el rendimiento no es el que deber\u00eda&#8230; As\u00ed se acaba muchas veces con un diagn\u00f3stico de TDAH en la edad adulta\u00bb, resume Julio Rodr\u00edguez, psic\u00f3logo y divulgador cient\u00edfico.<\/p>\n<p class=\"v-p\" style=\"text-align: justify;\">Es ese camuflaje el que complica mucho llegar al diagn\u00f3stico en adultos. Sus \u00abtrucos para sobrevivir\u00bb, como explica Rodr\u00edguez, disimulan bastante bien el trastorno: dejar las llaves y la cartera siempre en el mismo sitio, llevar apuntadas las tareas que hay que hacer, seguir una agenda a rajatabla&#8230; Esto es, acaban generando h\u00e1bitos para contrarrestar sus puntos d\u00e9biles. \u00abPero, claro, para esto hay que tener un control cognitivo muy grande y eso requiere recursos. Cuando esos recursos no son suficientes o se agotan es cuando se manifiestan los s\u00edntomas del TDAH\u00bb, matiza el psic\u00f3logo.<\/p>\n<p class=\"v-p\" style=\"text-align: justify;\">\u00bfY qu\u00e9 puede hacer que esas herramientas adquiridas durante d\u00e9cadas se desmoronen? En la mayor\u00eda de las ocasiones, el estr\u00e9s, el detonante por excelencia de muchas anomal\u00edas mentales. Y que, en este caso, \u00abpuede hacer que muchos de los recursos de nuestro cerebro se agoten\u00bb y que el TDAH se muestre en todo su esplendor. Este &#8216;agotamiento&#8217; que supone disimular el trastorno es frecuente. Por eso, cuando se detecta el TDAH en adultos y se ponen en tratamiento suelen empezar a ver la vida de otro color. \u00ab\u00a1Se deben de sentir todopoderosos!\u00bb, apunta Rodr\u00edguez.<\/p>\n<div class=\"v-c-cmp v-c-cmp--ab-sm v-bdr-b-m\" style=\"text-align: justify;\">\n<div class=\"v-d-cmp-file-g\">\n<div class=\"v-list-c\">\n<ul class=\"v-list\">\n<li class=\"v-list__item\">\n<p class=\"v-p\">Invisible La afecci\u00f3n, a menudo, pasa desapercibida para las personas de entre 18 y 44 a\u00f1os.<\/p>\n<\/li>\n<li class=\"v-list__item\">\n<p class=\"v-p\">Diferencias de g\u00e9nero Los m\u00e9dicos identifican el trastorno m\u00e1s f\u00e1cilmente en los hombres. Es porque las mujeres tienden a tener diferentes s\u00edntomas de trastorno y no siempre muestran los comportamientos t\u00edpicos asociados a \u00e9l, seg\u00fan desvela un estudio de 2020. Por ejemplo, la falta de atenci\u00f3n es m\u00e1s frecuente en mujeres (que, por ello, presentan baja autoestima) y la hiperactividad e impulsividad, en hombres. Esto genera menos sospechas cl\u00ednicas y un infradiagn\u00f3stico en el caso de las mujeres, que, adem\u00e1s, son m\u00e1s h\u00e1biles disimulando los s\u00edntomas.<\/p>\n<\/li>\n<li class=\"v-list__item\">\n<p class=\"v-p\">S\u00edntomas de trastorno en adultos Falta de atenci\u00f3n, dificultad para concentrarse, hiperactividad o inquietud, impulsividad, carencia de inhibici\u00f3n o hacer algo sin pensar en las consecuencias a largo plazo, distracciones frecuentes, extraviar cosas, perder los estribos r\u00e1pidamente, dificultades para seguir instrucciones, impaciencia (interrumpen al otro cuando habla), mala gesti\u00f3n del estr\u00e9s, no cumplir plazos, dificultades para estar quietos mucho tiempo, seg\u00fan el Instituto Nacional de Salud Mental de EE UU.<\/p>\n<\/li>\n<\/ul>\n<\/div>\n<\/div>\n<\/div>\n<div class=\"v-c-cmp v-bdr-t-b\">\n<div class=\"v-d-cmp-exp-v\">\n<article class=\"v-a v-a--cmp-exp-v v-a--p-t\">\n<div class=\"v-a-info-c \">\n<h3 class=\"v-a-t\" style=\"text-align: justify;\">La cafe\u00edna, un remedio prometedor en adultos<\/h3>\n<p class=\"v-p\" style=\"text-align: justify;\">Ante la pol\u00e9mica sobre el uso de ciertos medicamentos derivados, por ejemplo, del metilfenidato para tratar el TDAH, se han abierto investigaciones para buscar alternativas. Una de ellas, muy poco rebuscada pero, al parecer, eficaz: la cafe\u00edna. Suena raro, porque las personas que sufren este trastorno, en principio, lo que no necesitar\u00edan es elevar su estimulaci\u00f3n ni su actividad, \u00bfno? Pues una revisi\u00f3n sistem\u00e1tica de estudios en animales publicada en la revista cient\u00edfica &#8216;Nutrients&#8217; concluye que el consumo pautado de cafe\u00edna puede incrementar la atenci\u00f3n y la capacidad de retenci\u00f3n en adolescentes y adultos que padecen este trastorno. \u00abEsta sustancia mejora esta clase de procedimientos cognitivos y aumenta la capacidad y flexibilidad de la atenci\u00f3n espacial y selectiva, como en la memoria de trabajo y la memoria a corto plazo\u00bb, explica Javier V\u00e1zquez, investigador del grupo Cognitive NeuroLab y uno de los autores principales de este trabajo. Adem\u00e1s, el cient\u00edfico tranquiliza a quienes &#8216;temen&#8217; al caf\u00e9 asegurando que el tratamiento controlado de esta sustancia \u00abno altera la presi\u00f3n arterial ni conlleva una subida o una bajada del peso corporal\u00bb. No obstante, admite que no es la panacea para todo: aunque la cafe\u00edna viene bien para paliar los s\u00edntomas relacionados con la atenci\u00f3n y la memoria, no est\u00e1 clara su efectividad para controlar otros dos rasgos t\u00edpicos del TDAH: la hiperactividad y la impulsividad.<\/p>\n<\/div>\n<\/article>\n<\/div>\n<\/div>\n<p><strong><a href=\"https:\/\/www.ideal.es\/autor\/solange-vazquez-932.html\">Solange V\u00e1zquez<\/a><\/strong><\/p>\n<article class=\"v-a v-a--d v-a--d-bs v-a--p-b\">\n<div class=\"v-a-img-c v-a-img-c--fw-xs\">\n<figure class=\"v-a-fig\"><figcaption class=\"v-fc\"><span class=\"v-fc__ath\">FOTO: NOELIA DE ALDA<\/p>\n<p>https:\/\/www.ideal.es\/vivir\/salud\/deficit-atencion-adultos-TDAH-20230911140206-ntrc.html<\/p>\n<p>\n<\/span><\/figcaption><\/figure>\n<\/div>\n<div class=\"v-a-info-c \">\u00a0<\/div>\n<\/article>\n<div class=\"v-d v-d--ab-c v-d--bs\">\n<div class=\"v-mdl-ath\" data-voc-component=\"viewport-not-visible\">\n<div class=\"v-mdl-ath__c v-mdl-ath__c--1\">\n<div class=\"v-mdl-ath__info\">\n<p class=\"v-mdl-ath__p v-mdl-ath__p--name\">\u00a0<\/p>\n<\/div>\n<\/div>\n<\/div>\n<\/div>\n","protected":false},"excerpt":{"rendered":"<p>EL TDAH no es solo cosa de ni\u00f1os, hay adultos que conviven con este trastorno&#8230;<\/p>\n","protected":false},"author":1,"featured_media":63330,"comment_status":"closed","ping_status":"closed","sticky":false,"template":"","format":"standard","meta":{"_coblocks_attr":"","_coblocks_dimensions":"","_coblocks_responsive_height":"","_coblocks_accordion_ie_support":"","jetpack_post_was_ever_published":false,"_jetpack_newsletter_access":"","_jetpack_dont_email_post_to_subs":false,"_jetpack_newsletter_tier_id":0,"_jetpack_memberships_contains_paywalled_content":false,"_jetpack_memberships_contains_paid_content":false,"footnotes":"","jetpack_publicize_message":"","jetpack_publicize_feature_enabled":true,"jetpack_social_post_already_shared":false,"jetpack_social_options":{"image_generator_settings":{"template":"highway","default_image_id":0,"enabled":false},"version":2}},"categories":[1161,44,6937,15],"tags":[10656,2770,4781],"class_list":["post-63329","post","type-post","status-publish","format-standard","has-post-thumbnail","hentry","category-ciudadania","category-noticias-de-hoy","category-sociedad","category-ultimas-noticias","tag-camuflaje","tag-tdah","tag-trastornos"],"jetpack_publicize_connections":[],"jetpack_featured_media_url":"https:\/\/i0.wp.com\/miradordeatarfe.es\/wp-content\/uploads\/2023\/09\/tdah-1200x840-kNJC-U210109227559D0D-758x531%40RC.jpg?fit=758%2C531&ssl=1","jetpack_likes_enabled":true,"jetpack_sharing_enabled":true,"_links":{"self":[{"href":"https:\/\/miradordeatarfe.es\/index.php?rest_route=\/wp\/v2\/posts\/63329","targetHints":{"allow":["GET"]}}],"collection":[{"href":"https:\/\/miradordeatarfe.es\/index.php?rest_route=\/wp\/v2\/posts"}],"about":[{"href":"https:\/\/miradordeatarfe.es\/index.php?rest_route=\/wp\/v2\/types\/post"}],"author":[{"embeddable":true,"href":"https:\/\/miradordeatarfe.es\/index.php?rest_route=\/wp\/v2\/users\/1"}],"replies":[{"embeddable":true,"href":"https:\/\/miradordeatarfe.es\/index.php?rest_route=%2Fwp%2Fv2%2Fcomments&post=63329"}],"version-history":[{"count":1,"href":"https:\/\/miradordeatarfe.es\/index.php?rest_route=\/wp\/v2\/posts\/63329\/revisions"}],"predecessor-version":[{"id":63331,"href":"https:\/\/miradordeatarfe.es\/index.php?rest_route=\/wp\/v2\/posts\/63329\/revisions\/63331"}],"wp:featuredmedia":[{"embeddable":true,"href":"https:\/\/miradordeatarfe.es\/index.php?rest_route=\/wp\/v2\/media\/63330"}],"wp:attachment":[{"href":"https:\/\/miradordeatarfe.es\/index.php?rest_route=%2Fwp%2Fv2%2Fmedia&parent=63329"}],"wp:term":[{"taxonomy":"category","embeddable":true,"href":"https:\/\/miradordeatarfe.es\/index.php?rest_route=%2Fwp%2Fv2%2Fcategories&post=63329"},{"taxonomy":"post_tag","embeddable":true,"href":"https:\/\/miradordeatarfe.es\/index.php?rest_route=%2Fwp%2Fv2%2Ftags&post=63329"}],"curies":[{"name":"wp","href":"https:\/\/api.w.org\/{rel}","templated":true}]}}