{"id":63332,"date":"2023-09-22T08:37:50","date_gmt":"2023-09-22T06:37:50","guid":{"rendered":"https:\/\/miradordeatarfe.es\/?p=63332"},"modified":"2023-09-12T11:48:54","modified_gmt":"2023-09-12T09:48:54","slug":"esta-es-una-de-las-pinturas-mas-famosa-del-mundo-no-solo-para-el-arte-sino-por-la-historia-que-la-inspiro","status":"publish","type":"post","link":"https:\/\/miradordeatarfe.es\/?p=63332","title":{"rendered":"Esta es una de las pinturas m\u00e1s famosa del mundo, no solo para el arte sino por la historia que la inspir\u00f3"},"content":{"rendered":"<div dir=\"auto\">\n<h3 dir=\"auto\">Seg\u00fan la leyenda el viejo hombre pintado en el cuadro fue condenado a morir de hambre en la c\u00e1rcel pudiendo solo ser visitado por su hija para que viera la destrucci\u00f3n de su cuerpo d\u00eda a d\u00eda.<\/h3>\n<p><a href=\"https:\/\/i0.wp.com\/miradordeatarfe.es\/wp-content\/uploads\/2023\/09\/FB_IMG_1694414697828.jpg?ssl=1\"><img data-recalc-dims=\"1\" loading=\"lazy\" decoding=\"async\" class=\"wp-image-63333  aligncenter\" src=\"https:\/\/i0.wp.com\/miradordeatarfe.es\/wp-content\/uploads\/2023\/09\/FB_IMG_1694414697828.jpg?resize=512%2C575&#038;ssl=1\" alt=\"\" width=\"512\" height=\"575\" srcset=\"https:\/\/i0.wp.com\/miradordeatarfe.es\/wp-content\/uploads\/2023\/09\/FB_IMG_1694414697828.jpg?w=720&amp;ssl=1 720w, https:\/\/i0.wp.com\/miradordeatarfe.es\/wp-content\/uploads\/2023\/09\/FB_IMG_1694414697828.jpg?resize=267%2C300&amp;ssl=1 267w\" sizes=\"auto, (max-width: 512px) 100vw, 512px\" \/><\/a><\/p>\n<div dir=\"auto\">La mujer no pod\u00eda soportar aquella situaci\u00f3n, era registrada todos los d\u00edas para que no pudiera llevarle ni comida ni agua.<\/div>\n<div dir=\"auto\">\u00a0<\/div>\n<div dir=\"auto\">Entonces realiz\u00f3 un \u00abmilagro\u00bb, algo que nadie pod\u00eda hacer en aquellos tiempos y much\u00edsimo menos ser\u00eda posible hoy en d\u00eda, le amamant\u00f3 de la leche de sus pechos para que no padeciera aquella muerte segura y atroz.<\/div>\n<div dir=\"auto\">\u00a0<\/div>\n<div dir=\"auto\">Ante la incredulidad del mundo pasaban los d\u00edas y segu\u00eda vivo, en buen estado y con buena apariencia. En una ocasi\u00f3n, uno de los guardias vigilante, descubri\u00f3 el secreto, vi\u00f3 la escena de la lactancia y qued\u00f3 en shock, al igual que el resto de carceleros al ser conocedores de lo que ocurr\u00eda.<\/div>\n<div dir=\"auto\">\u00a0<\/div>\n<div dir=\"auto\">Ante tal demostraci\u00f3n de amor, los ejecutores de la sentencia decidieron por honor al amor, por la devoci\u00f3n mostrada por la hija hacia su padre, dejarle libre. Es el amor que trasciende todas las normas y fronteras terrenales.<\/div>\n<div dir=\"auto\">\u00a0<\/div>\n<div dir=\"auto\">\u00ab<em>Roman Charity\u00bb<\/em><\/div>\n<div dir=\"auto\"><em>Por Jean-Baptiste Deshays<\/em><\/div>\n<div dir=\"auto\"><em>1729 &#8211; 1765 V\u00cdA X<\/em><\/div>\n<\/div>\n<div dir=\"auto\">\n<p>Aunque las publicaciones no lo aclaran, el cuadro que no ha sido vendido se trata de una obra de Jules Lefebvre realizada en Roma en 1863 bajo el t\u00edtulo de <em>La Caridad Romana<\/em>, en referencia al mito que representa. Es propiedad del<a href=\"https:\/\/www.ville-melun.fr\/temps-libre\/musee-d-art-et-d-histoire-de-la-ville-de-melun\/232-presentation-du-musee\" target=\"_blank\" rel=\"noreferrer noopener\"> museo municipal de Melun<\/a> (Francia) desde 1865 y es all\u00ed donde permanece, como confirma a Newtral.es la directora de la pinacoteca, Dominique Ghesqui\u00e8re.<\/p>\n<p>Tal y como figura en el<a href=\"https:\/\/inventaire.iledefrance.fr\/dossier\/tableau-la-charite-romaine\/e4a721c0-332c-45e2-8f7d-bcda6526b3a0\" target=\"_blank\" rel=\"noreferrer noopener\"> Inventario General de Patrimonio Cultural<\/a> de la regi\u00f3n de Ile de France, a la que pertenece la localidad de Melun, la pintura fue donada por el autor a Francia y pertenece desde la segunda mitad del siglo XIX al mencionado museo de este municipio ba\u00f1ado por el r\u00edo Sena.<\/p>\n<h2><strong>\u00bfQu\u00e9 es la Caridad Romana?<\/strong><\/h2>\n<p>Hay muchas obras que representan a una joven amamantando a un anciano que permanece en una prisi\u00f3n, y que se basan, como es el caso de la pintura de Jules Lefebvre, en el mito de la Caridad Romana o <em>Caritas romana<\/em>.<\/p>\n<p>La pintura m\u00e1s conocida con este motivo es la de Rubens, que data de 1612 y est\u00e1<a href=\"https:\/\/www.hermitagemuseum.org\/wps\/portal\/hermitage\/digital-collection\/01.+paintings\/48145\" target=\"_blank\" rel=\"noreferrer noopener\"> expuesta en el Hermitage<\/a> de San Petersburgo.\u00a0\u00a0<\/p>\n<div class=\"wp-block-image\">\n<figure class=\"aligncenter is-resized\"><img loading=\"lazy\" decoding=\"async\" class=\"alignleft\" src=\"https:\/\/lh5.googleusercontent.com\/w1eTZ9rq4gAlQ4mp6SOQ-aCNnMXQ5Do6mSG7vRPzPNfjRgStg-AIddz0g4o1pSXc1oAL8xcHiNdD0oR5u48kel4zDX2zF_sXYexPDFuOaAH6YYzoE2gpQdLg6nDDvGDXED2bqnzi\" alt=\"\" width=\"274\" height=\"382\" \/><figcaption><sub> <em>La Caridad Romana de Gaspar de Crayer | Foto: Museo del Prado<\/em> <\/sub><\/figcaption><\/figure>\n<\/div>\n<p>El Museo del Prado tambi\u00e9n conserva<a href=\"https:\/\/www.museodelprado.es\/coleccion\/obra-de-arte\/la-caridad-romana\/754f0007-afd4-4d85-82fc-6b8e475278da\" target=\"_blank\" rel=\"noreferrer noopener\"> otra Caridad Romana<\/a> que fue pintada por Gaspar de Crayer entre 1620 y 1630, y que tambi\u00e9n muestra a una joven que descubre sus senos para amamantar a un anciano atado a unas cadenas. Incluso existe en el mismo museo una<a href=\"https:\/\/www.museodelprado.es\/coleccion\/obra-de-arte\/la-caridad-romana\/ec48b12e-f705-4a48-a8b2-9a3da54fbc76\" target=\"_blank\" rel=\"noreferrer noopener\"> escultura neocl\u00e1sica<\/a> de Antonio Sol\u00e1 (1780- 1861) con el mismo motivo.<\/p>\n<p class=\"has-text-align-center\"><a href=\"https:\/\/www.newtral.es\/cuanto-cuesta-el-traslado-de-las-obras-para-las-exposiciones-del-prado\/20210702\/\" target=\"_blank\" rel=\"noreferrer noopener\">[\u00bfCu\u00e1nto cuesta el traslado de las obras para las exposiciones del Prado?]<\/a><\/p>\n<p>Y es que la <em>Caritas Romana<\/em> es un mito pagano que representa la historia de Cim\u00f3n y su hija Pero, y que versa sobre un anciano que es condenado a morir de inanici\u00f3n, pero sobrevive gracias a las visitas de su hija a la prisi\u00f3n, quien le proporciona leche materna a trav\u00e9s de sus senos.<\/p>\n<p>Como explica el Museo del Prado, el mito representa el \u201camor filial de un hombre encarcelado alimentado por su hija\u201d y se trata de un motivo \u201crelativamente frecuente en pintura\u201d, raz\u00f3n por la que existen tantas obras que aluden a la joven que amamanta al anciano, que es en realidad su padre.Tambi\u00e9n Caravaggio represent\u00f3 el mito de la Caridad Romana en sus <em>Siete Obras de Misericordia<\/em> (1606), en la que se ve a un anciano siendo amamantado por una muchach<\/p>\n<\/div>\n","protected":false},"excerpt":{"rendered":"<p>Seg\u00fan la leyenda el viejo hombre pintado en el cuadro fue condenado a morir de&#8230;<\/p>\n","protected":false},"author":1,"featured_media":63335,"comment_status":"closed","ping_status":"closed","sticky":false,"template":"","format":"standard","meta":{"_coblocks_attr":"","_coblocks_dimensions":"","_coblocks_responsive_height":"","_coblocks_accordion_ie_support":"","jetpack_post_was_ever_published":false,"_jetpack_newsletter_access":"","_jetpack_dont_email_post_to_subs":false,"_jetpack_newsletter_tier_id":0,"_jetpack_memberships_contains_paywalled_content":false,"_jetpack_memberships_contains_paid_content":false,"footnotes":"","jetpack_publicize_message":"","jetpack_publicize_feature_enabled":true,"jetpack_social_post_already_shared":false,"jetpack_social_options":{"image_generator_settings":{"template":"highway","default_image_id":0,"enabled":false},"version":2}},"categories":[1161,44,6937,15],"tags":[10658,10657,1485],"class_list":["post-63332","post","type-post","status-publish","format-standard","has-post-thumbnail","hentry","category-ciudadania","category-noticias-de-hoy","category-sociedad","category-ultimas-noticias","tag-caridad-romana","tag-mujer-amamantando","tag-pintura"],"jetpack_publicize_connections":[],"jetpack_featured_media_url":"https:\/\/i0.wp.com\/miradordeatarfe.es\/wp-content\/uploads\/2023\/09\/FB_IMG_1694414697828-1.jpg?fit=720%2C506&ssl=1","jetpack_likes_enabled":true,"jetpack_sharing_enabled":true,"_links":{"self":[{"href":"https:\/\/miradordeatarfe.es\/index.php?rest_route=\/wp\/v2\/posts\/63332","targetHints":{"allow":["GET"]}}],"collection":[{"href":"https:\/\/miradordeatarfe.es\/index.php?rest_route=\/wp\/v2\/posts"}],"about":[{"href":"https:\/\/miradordeatarfe.es\/index.php?rest_route=\/wp\/v2\/types\/post"}],"author":[{"embeddable":true,"href":"https:\/\/miradordeatarfe.es\/index.php?rest_route=\/wp\/v2\/users\/1"}],"replies":[{"embeddable":true,"href":"https:\/\/miradordeatarfe.es\/index.php?rest_route=%2Fwp%2Fv2%2Fcomments&post=63332"}],"version-history":[{"count":3,"href":"https:\/\/miradordeatarfe.es\/index.php?rest_route=\/wp\/v2\/posts\/63332\/revisions"}],"predecessor-version":[{"id":63337,"href":"https:\/\/miradordeatarfe.es\/index.php?rest_route=\/wp\/v2\/posts\/63332\/revisions\/63337"}],"wp:featuredmedia":[{"embeddable":true,"href":"https:\/\/miradordeatarfe.es\/index.php?rest_route=\/wp\/v2\/media\/63335"}],"wp:attachment":[{"href":"https:\/\/miradordeatarfe.es\/index.php?rest_route=%2Fwp%2Fv2%2Fmedia&parent=63332"}],"wp:term":[{"taxonomy":"category","embeddable":true,"href":"https:\/\/miradordeatarfe.es\/index.php?rest_route=%2Fwp%2Fv2%2Fcategories&post=63332"},{"taxonomy":"post_tag","embeddable":true,"href":"https:\/\/miradordeatarfe.es\/index.php?rest_route=%2Fwp%2Fv2%2Ftags&post=63332"}],"curies":[{"name":"wp","href":"https:\/\/api.w.org\/{rel}","templated":true}]}}