{"id":63338,"date":"2023-09-22T10:00:36","date_gmt":"2023-09-22T08:00:36","guid":{"rendered":"https:\/\/miradordeatarfe.es\/?p=63338"},"modified":"2023-09-12T11:55:03","modified_gmt":"2023-09-12T09:55:03","slug":"dos-oftalmologos-granadinos-realizan-360-operaciones-de-cataratas-en-honduras","status":"publish","type":"post","link":"https:\/\/miradordeatarfe.es\/?p=63338","title":{"rendered":"Dos oftalm\u00f3logos granadinos realizan 360 operaciones de cataratas en Honduras"},"content":{"rendered":"<h3 class=\"v-a-sub-t\">En este pa\u00eds, \u00fanicamente cuentan con tres oftalm\u00f3logos y adem\u00e1s la operaci\u00f3n es tan cara que la gran mayor\u00eda de la poblaci\u00f3n aunque pudiese acceder al servicio no podr\u00edan costearlo<\/h3>\n<p class=\"v-p\">Perder la visi\u00f3n para muchos, es perder su vida. En pa\u00edses como Honduras, tener cataratas es sin\u00f3nimo de convertirte en un desplazado, un inadaptado. No puedes trabajar y, en uno de los pa\u00edses m\u00e1s peligrosos del mundo, salir a la calle sin tener todos tus sentidos al cien por cien es una temeridad. En este pa\u00eds, \u00fanicamente cuentan con tres oftalm\u00f3logos y adem\u00e1s la operaci\u00f3n es tan cara que la gran mayor\u00eda de la poblaci\u00f3n aunque pudiese acceder al servicio no podr\u00edan costearlo. Francisco Manuel Hermoso y Joaqu\u00edn Fern\u00e1ndez son dos oftalm\u00f3logos granadinos que sacrifican sus vacaciones para realizar estas operaciones de forma completamente gratuita.<\/p>\n<p class=\"v-p\">Este ha sido el primer viaje de Francisco, natural de Atarfe, con la Fundaci\u00f3n Elena Barraquer, pero asegura que no ser\u00e1 el \u00faltimo. En la semana en la que han estado en Honduras, han realizado 360 operaciones de cataratas a personas sin recursos del pa\u00eds. \u00abHemos recibido a una mujer que llevaba tres a\u00f1os sin salir de casa porque no ve\u00eda\u00bb. Tras una operaci\u00f3n de quince minutos, esta mujer pudo ver de nuevo.<\/p>\n<p class=\"v-p\">Las cataratas no son una operaci\u00f3n f\u00e1cil, pero si r\u00e1pida. \u00abLe puedes cambiar la vida a la gente en solo quince minutos \u2013explica Joaqu\u00edn, como jefe de la expedici\u00f3n\u2013. Si no ven no pueden trabajar y si no trabajan no viven\u00bb.<\/p>\n<div class=\"v-c-cmp v-c-cmp--ab-xs\">\n<div class=\"v-cmp-smy\">\n<article class=\"v-a v-a--cmp-smy \">\n<div class=\"v-a-info-c\">\n<h3 class=\"v-a-t\">\u00abLa operaci\u00f3n de cataratas no es f\u00e1cil, pero s\u00ed r\u00e1pida: le puedes cambiar la vida a alguien en 15 minutos\u00bb Joaqu\u00edn Fern\u00e1ndez Oftalm\u00f3logo<\/h3>\n<\/div>\n<\/article>\n<\/div>\n<\/div>\n<p class=\"v-p\">Y es que como ambos explican, de esto trata la vocaci\u00f3n. \u00abCuando uno decide ser m\u00e9dico es porque quiere ayudar a la gente. Por suerte en Espa\u00f1a existen unos principios de equidad y un gran sistema p\u00fablico que permite que todo el mundo sea atendido, pero hay muchos pa\u00edses que no tienen esa suerte\u00bb, incide el m\u00e9dico.<\/p>\n<p class=\"v-p\">De ah\u00ed que Joaqu\u00edn realizase durante 2022 hasta cuatro expediciones distintas, mientras que Francisco se acaba de unir pero seguir\u00e1 participando en el futuro. \u00abEs super reconfortante. Aunque es muy cansado f\u00edsicamente vuelves con m\u00e1s energ\u00edas, revitalizado\u00bb, comenta Francisco. De hecho, este viaje ha hecho que varios de sus compa\u00f1eros le hayan preguntado c\u00f3mo unirse. \u00abM\u00e1s de diez m\u00e9dicos me han escrito para saber si ellos pueden participar\u00bb. Porque no solo es estar una semana entera empezando a las seis de la ma\u00f1ana y terminando a las ocho de la tarde, es que adem\u00e1s es sacrificar parte de tus vacaciones para, en vez de descansar, ayudar a gente en situaci\u00f3n de extrema pobreza.<\/p>\n<div class=\"v-c-cmp \">\n<div class=\"v-d-cmp-m\">\n<article class=\"v-a v-a--cmp-m \">\n<div class=\"v-a-img-c v-a-img-c--fw-xs\"><a href=\"https:\/\/i0.wp.com\/miradordeatarfe.es\/wp-content\/uploads\/2023\/09\/cata2-kABF-U200986483170ETC-650x455%40Ideal.jpg?ssl=1\"><img data-recalc-dims=\"1\" loading=\"lazy\" decoding=\"async\" class=\"alignnone wp-image-63339 size-full\" src=\"https:\/\/i0.wp.com\/miradordeatarfe.es\/wp-content\/uploads\/2023\/09\/cata2-kABF-U200986483170ETC-650x455%40Ideal.jpg?resize=640%2C448&#038;ssl=1\" alt=\"\" width=\"640\" height=\"448\" srcset=\"https:\/\/i0.wp.com\/miradordeatarfe.es\/wp-content\/uploads\/2023\/09\/cata2-kABF-U200986483170ETC-650x455%40Ideal.jpg?w=650&amp;ssl=1 650w, https:\/\/i0.wp.com\/miradordeatarfe.es\/wp-content\/uploads\/2023\/09\/cata2-kABF-U200986483170ETC-650x455%40Ideal.jpg?resize=300%2C210&amp;ssl=1 300w\" sizes=\"auto, (max-width: 640px) 100vw, 640px\" \/><\/a><\/div>\n<\/article>\n<\/div>\n<\/div>\n<div class=\"v-c-cmp \">\n<div class=\"v-d-cmp-m\">\n<article class=\"v-a v-a--cmp-m \">\n<div class=\"v-a-img-c v-a-img-c--fw-xs\">\n<figure class=\"v-a-fig\"><figcaption class=\"v-fc\"><span class=\"v-fc__text\"> Una de las operaciones. <\/span> <span class=\"v-fc__ath\"> Ideal <\/span><\/figcaption><\/figure>\n<\/div>\n<\/article>\n<\/div>\n<\/div>\n<p class=\"v-p\">La expedici\u00f3n la han conformado diez personas, y aparte de Francisco y Joaqu\u00edn hab\u00eda otro oftalm\u00f3logo m\u00e1s, dos instrumentistas y cinco ayudantes de campo. Joaqu\u00edn Fern\u00e1ndez ha sido el jefe de la expedici\u00f3n, que ha durado siete d\u00edas, desde el 16 al 25 de julio.<\/p>\n<div class=\"v-c-cmp v-c-cmp--ab-xs\">\n<div class=\"v-cmp-smy\">\n<article class=\"v-a v-a--cmp-smy \">\n<div class=\"v-a-info-c\">\n<h3 class=\"v-a-t\">\u00abSi todos los oftalm\u00f3logos dedic\u00e1ramos una semana a los dem\u00e1s, se solucionar\u00eda el problema de la ceguera evitable\u00bbFrancisco Hermoso Oftalm\u00f3logo<\/h3>\n<\/div>\n<\/article>\n<\/div>\n<\/div>\n<p class=\"v-p\">Las expediciones siempre tienen el mismo modus operandi: el primer d\u00eda se dedica \u00edntegro a montar todo el quir\u00f3fano. Aunque cuentan con el apoyo de los m\u00e9dicos locales, la mayor\u00eda del trabajo y el material lo aporta la Fundaci\u00f3n. El \u00faltimo d\u00eda lo dedican tambi\u00e9n exclusivamente a desmontar el equipo y a revisar a los pacientes operados el d\u00eda anterior, por lo que la proeza es mayor, pues solo realizan operaciones durante cinco d\u00edas, por lo que sale a una media de 72 operaciones diarias. Este viaje, que ha sido organizado junto con el consulado de Honduras en Valencia, ha supuesto, seg\u00fan c\u00e1lculos del gobierno hondure\u00f1o, 750.000 d\u00f3lares de ahorro en operaciones gracias a las 360 intervenciones realizadas por el equipo de la Fundaci\u00f3n Elena Barraquer.<\/p>\n<p class=\"v-p\">Aparte de las 360 operaciones, este equipo ha realizado entre 150 y 180 consultas diarias. \u00abEl problema de la ceguera evitable es el mejor porque es el que tiene soluci\u00f3n, pero tambi\u00e9n acude gente con glaucoma que necesita que le alivies de alguna manera y para eso estamos tambi\u00e9n\u00bb, finaliza Francisco Hermoso. Y es que, como dice Elena Barraquer: \u00abSi todos los oftalm\u00f3logos del mundo dedic\u00e1ramos una semana de nuestro tiempo a los dem\u00e1s, se solucionar\u00eda el problema de la ceguera evitable\u00bb, afirma.<\/p>\n<div class=\"v-c-cmp v-n-mrg\">\n<h3 class=\"v-d-cmp-sub-hl\">Fundaci\u00f3n Elena Barraquer<\/h3>\n<\/div>\n<p class=\"v-p\">La Fundaci\u00f3n Elena Barraquer se ha convertido en una referente en el tratamiento de las cataratas en todo el mundo. Solo en Espa\u00f1a, esta fundaci\u00f3n es por volumen de operaciones, la quinta del pa\u00eds que m\u00e1s intervenciones realiza, incluyendo todos los hospitales del pa\u00eds, aunque la gran mayor\u00eda de las operaciones las realiza en pa\u00edses en desarrollo. La doctora Elena Barraquer fund\u00f3 la fundaci\u00f3n en el a\u00f1o 2017, aunque ella llevaba ya a\u00f1os realizando por su cuenta estos viajes solidarios.<\/p>\n<p class=\"v-p\">Joaqu\u00edn Fern\u00e1ndez ya realizaba estos viajes con ella y actualmente, aparte de su profesi\u00f3n tambi\u00e9n cumple la funci\u00f3n de patrono de la fundaci\u00f3n. Actualmente la asociaci\u00f3n tiene planeados siete viajes m\u00e1s antes de terminar 2023, cinco de ellos a \u00c1frica (Congo, Ghana, Madagascar, Botsuana y Cabo Verde), uno a Argentina (Taco Pozo) y otro a Guatemala.<\/p>\n<h3 class=\"v-a-t\">\u00c1lvaro Garrido<\/h3>\n<article class=\"v-a v-a--d v-a--d-rpg v-a--p-b\">\n<div class=\"v-a-img-c v-a-img-c--fw-xs\">\n<figure class=\"v-a-fig\"><figcaption class=\"v-fc\"><span class=\"v-fc__text\">FOTO: Este ha sido el primer viaje de Francisco, natural de Atarfe, con la Fundaci\u00f3n Elena Barraquer, pero asegura que no ser\u00e1 el \u00faltimo.<\/span> <span class=\"v-fc__ath\">Ideal<\/span><\/figcaption><\/figure>\n<\/div>\n<div class=\"v-a-info-c \">\n<div class=\"v-a-pre-t\"><span class=\"v-a-pre-t__c\"> <span class=\"v-a-pre-t__p\">Solidaridad con personas sin recursos<\/span> <\/span><\/div>\n<p class=\"v-a-t\">https:\/\/www.ideal.es\/granada\/dos-oftalmologos-granadinos-realizan-360-operaciones-cataratas-20230813233206-nt.html<\/p>\n<\/div>\n<\/article>\n","protected":false},"excerpt":{"rendered":"<p>En este pa\u00eds, \u00fanicamente cuentan con tres oftalm\u00f3logos y adem\u00e1s la operaci\u00f3n es tan cara&#8230;<\/p>\n","protected":false},"author":1,"featured_media":63340,"comment_status":"closed","ping_status":"closed","sticky":false,"template":"","format":"standard","meta":{"_coblocks_attr":"","_coblocks_dimensions":"","_coblocks_responsive_height":"","_coblocks_accordion_ie_support":"","jetpack_post_was_ever_published":false,"_jetpack_newsletter_access":"","_jetpack_dont_email_post_to_subs":false,"_jetpack_newsletter_tier_id":0,"_jetpack_memberships_contains_paywalled_content":false,"_jetpack_memberships_contains_paid_content":false,"footnotes":"","jetpack_publicize_message":"","jetpack_publicize_feature_enabled":true,"jetpack_social_post_already_shared":false,"jetpack_social_options":{"image_generator_settings":{"template":"highway","default_image_id":0,"enabled":false},"version":2}},"categories":[1161,44,15,10],"tags":[10659,10660],"class_list":["post-63338","post","type-post","status-publish","format-standard","has-post-thumbnail","hentry","category-ciudadania","category-noticias-de-hoy","category-ultimas-noticias","category-salud","tag-cataratas","tag-oftalmologos"],"jetpack_publicize_connections":[],"jetpack_featured_media_url":"https:\/\/i0.wp.com\/miradordeatarfe.es\/wp-content\/uploads\/2023\/09\/cata-kABF-U200986483170PGI-1200x840%40Ideal.jpg?fit=1200%2C840&ssl=1","jetpack_likes_enabled":true,"jetpack_sharing_enabled":true,"_links":{"self":[{"href":"https:\/\/miradordeatarfe.es\/index.php?rest_route=\/wp\/v2\/posts\/63338","targetHints":{"allow":["GET"]}}],"collection":[{"href":"https:\/\/miradordeatarfe.es\/index.php?rest_route=\/wp\/v2\/posts"}],"about":[{"href":"https:\/\/miradordeatarfe.es\/index.php?rest_route=\/wp\/v2\/types\/post"}],"author":[{"embeddable":true,"href":"https:\/\/miradordeatarfe.es\/index.php?rest_route=\/wp\/v2\/users\/1"}],"replies":[{"embeddable":true,"href":"https:\/\/miradordeatarfe.es\/index.php?rest_route=%2Fwp%2Fv2%2Fcomments&post=63338"}],"version-history":[{"count":2,"href":"https:\/\/miradordeatarfe.es\/index.php?rest_route=\/wp\/v2\/posts\/63338\/revisions"}],"predecessor-version":[{"id":63342,"href":"https:\/\/miradordeatarfe.es\/index.php?rest_route=\/wp\/v2\/posts\/63338\/revisions\/63342"}],"wp:featuredmedia":[{"embeddable":true,"href":"https:\/\/miradordeatarfe.es\/index.php?rest_route=\/wp\/v2\/media\/63340"}],"wp:attachment":[{"href":"https:\/\/miradordeatarfe.es\/index.php?rest_route=%2Fwp%2Fv2%2Fmedia&parent=63338"}],"wp:term":[{"taxonomy":"category","embeddable":true,"href":"https:\/\/miradordeatarfe.es\/index.php?rest_route=%2Fwp%2Fv2%2Fcategories&post=63338"},{"taxonomy":"post_tag","embeddable":true,"href":"https:\/\/miradordeatarfe.es\/index.php?rest_route=%2Fwp%2Fv2%2Ftags&post=63338"}],"curies":[{"name":"wp","href":"https:\/\/api.w.org\/{rel}","templated":true}]}}