{"id":63358,"date":"2023-09-24T10:19:03","date_gmt":"2023-09-24T08:19:03","guid":{"rendered":"https:\/\/miradordeatarfe.es\/?p=63358"},"modified":"2023-09-24T21:27:05","modified_gmt":"2023-09-24T19:27:05","slug":"las-bicis-de-izquierdas","status":"publish","type":"post","link":"https:\/\/miradordeatarfe.es\/?p=63358","title":{"rendered":"Las bicis, de izquierdas"},"content":{"rendered":"<h3 class=\"v-a-sub-t\" style=\"text-align: justify;\">Vox nos est\u00e1 ense\u00f1ando que las bicicletas son de izquierdas. Ha sido entrar en los ayuntamientos de Valladolid, Elche y Gij\u00f3n e inmediatamente han propuesto eliminar los carriles bici<\/h3>\n<p class=\"v-p\" style=\"text-align: justify;\">Fernando Fern\u00e1n G\u00f3mez nos cont\u00f3 que las bicicletas son para el verano y Vox nos est\u00e1 ense\u00f1ando que las bicicletas son de izquierdas. Ha sido entrar en los ayuntamientos de Valladolid, Elche y Gij\u00f3n e inmediatamente han propuesto eliminar los carriles bici. \u00bfCu\u00e1ndo se hicieron de izquierdas las bicicletas? Hasta hace nada, los ciclistas, m\u00e1s que ser de derechas o de izquierdas, eran raros. A mi instituto lleg\u00f3 un profesor pedaleando en el 82. Se llamaba Roberto, pero desde ese d\u00eda es conocido como Bicicleto. Me consta que no tiene voto fijo, pero tiene bici, as\u00ed que al mont\u00f3n de la izquierda.<\/p>\n<p class=\"v-p\" style=\"text-align: justify;\">\u00bfEn qu\u00e9 momento se hicieron de derechas los toros, de izquierdas el cambio clim\u00e1tico y de centro el f\u00fatbol? Grandes preguntas que hay que responder para entender eso que ha dado en llamarse guerras culturales. Vox ha decidido que el campo y los agricultores son de derechas mientras que los urbanitas ecologistas y vegetarianos que van en bici y no han sembrado una lechuga en su vida son de izquierdas. \u00bfSon las chuletas conservadoras y los puerros progresistas? Grave dilema pol\u00edtico que marcar\u00e1 la pr\u00f3xima legislatura.<\/p>\n<p class=\"v-p\" style=\"text-align: justify;\">En estas batallas culturales, la izquierda es torpe y se deja arrebatar ense\u00f1as como la bandera, la caza o los toros. Aunque hay que tener cuidado con los s\u00edmbolos y entender de qu\u00e9 lado est\u00e1n en cada momento. El f\u00fatbol, por ejemplo, hoy es de centro transversal, pero a principios de los 80 se consideraba conservador y opio del pueblo. Volviendo a la bici, lo que no entiendo es ese anuncio en modo Verano azul de Borja Semper. Ah\u00ed ha metido la pata el PP. Se contradice. Si Tito, Pira\u00f1a, Bea y Desi iban en bicicleta, \u00bfc\u00f3mo va a ser Verano Azul de derechas?<\/p>\n<p>&nbsp;<\/p>\n<p><a href=\"https:\/\/www.ideal.es\/autor\/j-r-alonso-de-la-torre-148.html\"><strong>J. R. Alonso de la Torre<\/strong><\/a><\/p>\n<p>FOTO: E.C.<\/p>\n<p>https:\/\/www.ideal.es\/opinion\/j-r-alonso-de-la-torre-bicis-izquierdas-20230703132706-ntrc.html<\/p>\n","protected":false},"excerpt":{"rendered":"<p>Vox nos est\u00e1 ense\u00f1ando que las bicicletas son de izquierdas. Ha sido entrar en los&#8230;<\/p>\n","protected":false},"author":1,"featured_media":63361,"comment_status":"closed","ping_status":"closed","sticky":false,"template":"","format":"standard","meta":{"_coblocks_attr":"","_coblocks_dimensions":"","_coblocks_responsive_height":"","_coblocks_accordion_ie_support":"","jetpack_post_was_ever_published":false,"_jetpack_newsletter_access":"","_jetpack_dont_email_post_to_subs":false,"_jetpack_newsletter_tier_id":0,"_jetpack_memberships_contains_paywalled_content":false,"_jetpack_memberships_contains_paid_content":false,"footnotes":"","jetpack_publicize_message":"","jetpack_publicize_feature_enabled":true,"jetpack_social_post_already_shared":false,"jetpack_social_options":{"image_generator_settings":{"template":"highway","default_image_id":0,"enabled":false},"version":2}},"categories":[2,1161,9,44,7671,6937,15],"tags":[2164,257],"class_list":["post-63358","post","type-post","status-publish","format-standard","has-post-thumbnail","hentry","category-atarfe","category-ciudadania","category-medio-ambiente","category-noticias-de-hoy","category-politica","category-sociedad","category-ultimas-noticias","tag-carril-bici","tag-municipios"],"jetpack_publicize_connections":[],"jetpack_featured_media_url":"https:\/\/i0.wp.com\/miradordeatarfe.es\/wp-content\/uploads\/2023\/09\/carril-bici-k3rF-U200681379708g0E-758x531%40RC.jpg?fit=758%2C531&ssl=1","jetpack_likes_enabled":true,"jetpack_sharing_enabled":true,"_links":{"self":[{"href":"https:\/\/miradordeatarfe.es\/index.php?rest_route=\/wp\/v2\/posts\/63358","targetHints":{"allow":["GET"]}}],"collection":[{"href":"https:\/\/miradordeatarfe.es\/index.php?rest_route=\/wp\/v2\/posts"}],"about":[{"href":"https:\/\/miradordeatarfe.es\/index.php?rest_route=\/wp\/v2\/types\/post"}],"author":[{"embeddable":true,"href":"https:\/\/miradordeatarfe.es\/index.php?rest_route=\/wp\/v2\/users\/1"}],"replies":[{"embeddable":true,"href":"https:\/\/miradordeatarfe.es\/index.php?rest_route=%2Fwp%2Fv2%2Fcomments&post=63358"}],"version-history":[{"count":2,"href":"https:\/\/miradordeatarfe.es\/index.php?rest_route=\/wp\/v2\/posts\/63358\/revisions"}],"predecessor-version":[{"id":63360,"href":"https:\/\/miradordeatarfe.es\/index.php?rest_route=\/wp\/v2\/posts\/63358\/revisions\/63360"}],"wp:featuredmedia":[{"embeddable":true,"href":"https:\/\/miradordeatarfe.es\/index.php?rest_route=\/wp\/v2\/media\/63361"}],"wp:attachment":[{"href":"https:\/\/miradordeatarfe.es\/index.php?rest_route=%2Fwp%2Fv2%2Fmedia&parent=63358"}],"wp:term":[{"taxonomy":"category","embeddable":true,"href":"https:\/\/miradordeatarfe.es\/index.php?rest_route=%2Fwp%2Fv2%2Fcategories&post=63358"},{"taxonomy":"post_tag","embeddable":true,"href":"https:\/\/miradordeatarfe.es\/index.php?rest_route=%2Fwp%2Fv2%2Ftags&post=63358"}],"curies":[{"name":"wp","href":"https:\/\/api.w.org\/{rel}","templated":true}]}}