{"id":63380,"date":"2023-09-16T11:11:10","date_gmt":"2023-09-16T09:11:10","guid":{"rendered":"https:\/\/miradordeatarfe.es\/?p=63380"},"modified":"2023-09-24T21:37:59","modified_gmt":"2023-09-24T19:37:59","slug":"donde-viven-los-pobresjuan-de-dios-villanueva-roa","status":"publish","type":"post","link":"https:\/\/miradordeatarfe.es\/?p=63380","title":{"rendered":"\u2018Donde viven los pobres\u200b\u200b\u200b\u200b\u201c por Juan de Dios Villanueva Roa"},"content":{"rendered":"<h3><span class=\"s2\">Sin<\/span><span class=\"s2\"> c\u00e9sped ni p\u00e9rgolas ni r<\/span><span class=\"s2\">iegos programados. <\/span><span class=\"s2\">Donde viven los pobres no hay luces en las piscinas porque no hay piscinas, ni mandos a distancia para abrir puertas de garajes porque no hay garajes. <br \/>\n<\/span><\/h3>\n<p><span class=\"s2\">Tampoco tienen medidas antis\u00edsmicas en sus construcciones. Para construir sus casas se acercan al terru\u00f1o, toman la tierra que precisan, el agua de alg\u00fan pozo cuando la hay, pocos materiales m\u00e1s y las levantan. Y all\u00e1 viven como lo hicieron siempre desde que <\/span><span class=\"s2\">todos<\/span><span class=\"s2\"> ap\u00f3stoles predicaban por desiertos. Esos pobres, como todos los pobres, viven a expensas de que la naturaleza no se cebe con ellos, porque la naturaleza no entiende de dientes de oro si el oro no te protege. Y el oro protege y reparte m\u00e1s bien para adentro. <\/p>\n<p>Como dec\u00eda una compa\u00f1era, hasta las piedras para la casa. Los pobres viven en el campo o en la parte de la ciudad que est\u00e1 en el campo, porque hay que pisar la tierra para muchas cosas que no se pueden hacer en casa.<\/span><\/p>\n<p><span class=\"s2\"><a href=\"https:\/\/i0.wp.com\/miradordeatarfe.es\/wp-content\/uploads\/2023\/09\/IMG_0244.png?ssl=1\"><img data-recalc-dims=\"1\" loading=\"lazy\" decoding=\"async\" class=\"alignnone size-full wp-image-63381\" src=\"https:\/\/i0.wp.com\/miradordeatarfe.es\/wp-content\/uploads\/2023\/09\/IMG_0244.png?resize=225%2C225&#038;ssl=1\" alt=\"\" width=\"225\" height=\"225\" srcset=\"https:\/\/i0.wp.com\/miradordeatarfe.es\/wp-content\/uploads\/2023\/09\/IMG_0244.png?w=225&amp;ssl=1 225w, https:\/\/i0.wp.com\/miradordeatarfe.es\/wp-content\/uploads\/2023\/09\/IMG_0244.png?resize=150%2C150&amp;ssl=1 150w\" sizes=\"auto, (max-width: 225px) 100vw, 225px\" \/><\/a> Y luego llega una riada y se los lleva por delante, y quedan an\u00f3nimos con nombres an\u00f3nimos y apellidos an\u00f3nimos sin d, sin y, sin nada. Desnudos, como llegaron y siguieron toda su vida<\/span><span class=\"s2\">,<\/span><span class=\"s2\"> se ahogan al vol<\/span><span class=\"s2\">c<\/span><span class=\"s2\">ar la patera<\/span><span class=\"s2\"> o mueren de sed<\/span><span class=\"s2\">. <\/span><span class=\"s2\">O<\/span><span class=\"s2\"> llega un terremoto y los aplasta y los deja entre el adobe, barro solidificado, polvo, porque todos somos polvo y antes o despu\u00e9s a \u00e9l volve<\/span><a name=\"_GoBack\"><\/a><span class=\"s2\">remos, pero los pobres lo viven desde siempre y en \u00e9l se quedan<\/span><span class=\"s2\"> como n\u00fameros, si acaso<\/span><span class=\"s2\">. Los dem\u00e1s miramos y rezamos para que no nos pase a nosotros<\/span><span class=\"s2\">. Y nos da pena<\/span><span class=\"s2\">. Ya est\u00e1.<\/span><\/p>\n","protected":false},"excerpt":{"rendered":"<p>Sin c\u00e9sped ni p\u00e9rgolas ni riegos programados. Donde viven los pobres no hay luces en&#8230;<\/p>\n","protected":false},"author":1,"featured_media":0,"comment_status":"closed","ping_status":"closed","sticky":false,"template":"","format":"standard","meta":{"_coblocks_attr":"","_coblocks_dimensions":"","_coblocks_responsive_height":"","_coblocks_accordion_ie_support":"","jetpack_post_was_ever_published":false,"_jetpack_newsletter_access":"","_jetpack_dont_email_post_to_subs":false,"_jetpack_newsletter_tier_id":0,"_jetpack_memberships_contains_paywalled_content":false,"_jetpack_memberships_contains_paid_content":false,"footnotes":"","jetpack_publicize_message":"","jetpack_publicize_feature_enabled":true,"jetpack_social_post_already_shared":false,"jetpack_social_options":{"image_generator_settings":{"template":"highway","default_image_id":0,"enabled":false},"version":2}},"categories":[1161,9772,44,7671,6937,15],"tags":[1001],"class_list":["post-63380","post","type-post","status-publish","format-standard","hentry","category-ciudadania","category-opinion-de-juan-de-dios-villanueva","category-noticias-de-hoy","category-politica","category-sociedad","category-ultimas-noticias","tag-pobres"],"jetpack_publicize_connections":[],"jetpack_featured_media_url":"","jetpack_likes_enabled":true,"jetpack_sharing_enabled":true,"_links":{"self":[{"href":"https:\/\/miradordeatarfe.es\/index.php?rest_route=\/wp\/v2\/posts\/63380","targetHints":{"allow":["GET"]}}],"collection":[{"href":"https:\/\/miradordeatarfe.es\/index.php?rest_route=\/wp\/v2\/posts"}],"about":[{"href":"https:\/\/miradordeatarfe.es\/index.php?rest_route=\/wp\/v2\/types\/post"}],"author":[{"embeddable":true,"href":"https:\/\/miradordeatarfe.es\/index.php?rest_route=\/wp\/v2\/users\/1"}],"replies":[{"embeddable":true,"href":"https:\/\/miradordeatarfe.es\/index.php?rest_route=%2Fwp%2Fv2%2Fcomments&post=63380"}],"version-history":[{"count":3,"href":"https:\/\/miradordeatarfe.es\/index.php?rest_route=\/wp\/v2\/posts\/63380\/revisions"}],"predecessor-version":[{"id":63384,"href":"https:\/\/miradordeatarfe.es\/index.php?rest_route=\/wp\/v2\/posts\/63380\/revisions\/63384"}],"wp:attachment":[{"href":"https:\/\/miradordeatarfe.es\/index.php?rest_route=%2Fwp%2Fv2%2Fmedia&parent=63380"}],"wp:term":[{"taxonomy":"category","embeddable":true,"href":"https:\/\/miradordeatarfe.es\/index.php?rest_route=%2Fwp%2Fv2%2Fcategories&post=63380"},{"taxonomy":"post_tag","embeddable":true,"href":"https:\/\/miradordeatarfe.es\/index.php?rest_route=%2Fwp%2Fv2%2Ftags&post=63380"}],"curies":[{"name":"wp","href":"https:\/\/api.w.org\/{rel}","templated":true}]}}