{"id":63391,"date":"2023-09-18T11:31:42","date_gmt":"2023-09-18T09:31:42","guid":{"rendered":"https:\/\/miradordeatarfe.es\/?p=63391"},"modified":"2023-09-16T02:00:07","modified_gmt":"2023-09-16T00:00:07","slug":"la-cancion-del-colegio-por-remedios-sanchez-2","status":"publish","type":"post","link":"https:\/\/miradordeatarfe.es\/?p=63391","title":{"rendered":"\u201cLA CANCI\u00d3N DEL COLEGIO\u201d por Remedios S\u00e1nchez"},"content":{"rendered":"<p class=\"s6\"><span class=\"s2\">Cuando llega septiembre<\/span><span class=\"s2\">, <\/span><span class=\"s2\">el oto\u00f1o se acerca <\/span><span class=\"s2\">con pasitos <\/span><span class=\"s2\">peque\u00f1os<\/span><span class=\"s2\">, <\/span><span class=\"s2\">un olor fresco de primeras lluvias alborota<\/span><span class=\"s2\"> los atardeceres de septiembre<\/span><span class=\"s2\"> y<\/span><span class=\"s2\"> los <\/span><span class=\"s2\">colegios se <\/span><span class=\"s2\">llenan<\/span><span class=\"s2\"> de alegr\u00eda<\/span><span class=\"s2\"> y cantan<\/span><span class=\"s2\">. <\/span><span class=\"s2\">Por fin <\/span><span class=\"s2\">termina<\/span><span class=\"s2\"> el tiempo de silencio que <\/span><span class=\"s2\">fue<\/span><span class=\"s2\"> agosto, esa soledad infinita de pasillos<\/span><span class=\"s2\"> largos<\/span><span class=\"s2\"> vac\u00edos<\/span><span class=\"s2\"> donde s\u00f3lo respond<\/span><span class=\"s2\">\u00eda<\/span><span class=\"s2\"> el eco<\/span><span class=\"s2\"> y<\/span><span class=\"s2\">,<\/span> <span class=\"s2\">los patios<\/span><span class=\"s2\">, reci\u00e9n enjalbegado<\/span><span class=\"s2\">s<\/span><span class=\"s2\">,<\/span> <span class=\"s2\">reciben<\/span><span class=\"s2\"> a <\/span><span class=\"s2\">los <\/span><span class=\"s2\">habitantes<\/span><span class=\"s2\"> de los recreos<\/span><span class=\"s2\"> que, poco a poco, van reencontr\u00e1ndose<\/span><span class=\"s2\"> entre abrazos<\/span><span class=\"s2\"> o bien estableciendo<\/span> <span class=\"s2\">v\u00ednculos de amistad que luego <\/span><span class=\"s2\">ser\u00e1n eternos<\/span><span class=\"s2\">. <\/span><span class=\"s2\">Albricias. <\/span><span class=\"s2\">Ya est\u00e1n <\/span><span class=\"s2\">aqu\u00ed los ni\u00f1os y ni\u00f1as, todav\u00eda con <\/span><span class=\"s2\">los <\/span><span class=\"s2\">ojos dormidos <\/span><span class=\"s2\">llenos de la inmensidad<\/span> <span class=\"s2\">del mar<\/span><span class=\"s2\"> o del verdor de los \u00e1rboles<\/span><span class=\"s2\"> donde cantan los p\u00e1jaros escondidos hasta <\/span><span class=\"s2\">el atardecer<\/span> <span class=\"s2\">y que<\/span><span class=\"s2\">,<\/span><span class=\"s2\"> ahora<\/span><span class=\"s2\">,<\/span> <span class=\"s2\">deber\u00e1n<\/span><span class=\"s2\"> acostumbrarse a la disciplina de los horarios<\/span><span class=\"s2\">, tal vez<\/span><span class=\"s2\"> en un lugar <\/span><span class=\"s2\">diferente<\/span><span class=\"s2\"> que <\/span><span class=\"s2\">tendr\u00e1n que<\/span> <span class=\"s2\">colmar<\/span><span class=\"s2\"> d<\/span><span class=\"s2\">e preguntas, de risas, <\/span><span class=\"s2\">de juegos<\/span><span class=\"s2\"> y<\/span> <span class=\"s2\">de ilusiones.<\/span><\/p>\n<p class=\"s6\"><span class=\"s2\">E<\/span><span class=\"s2\">sta primera semana <\/span><span class=\"s2\">a<\/span><span class=\"s2\">lgunos<\/span> <span class=\"s2\">est\u00e1n un poco <\/span><span class=\"s2\">intranquilos<\/span> <span class=\"s2\">porque<\/span><span class=\"s2\"> todo es nuevo<\/span> <span class=\"s2\">y hay que orientarse<\/span><span class=\"s2\">, organizarse<\/span><span class=\"s2\"> en este universo que es el cole para <\/span><span class=\"s2\">aquellos<\/span> <span class=\"s2\">ni\u00f1os<\/span><span class=\"s2\"> que, <\/span><span class=\"s2\">a punto de cumplir<\/span><span class=\"s2\"> seis a\u00f1os<\/span><span class=\"s2\">, ya son mayores y<\/span><span class=\"s2\"> se incorporan a<\/span><span class=\"s2\"> Primaria<\/span><span class=\"s2\">. <\/span><span class=\"s2\">Alguien deber\u00eda decirles que no deben preocuparse<\/span><span class=\"s2\">;<\/span><span class=\"s2\"> s\u00f3lo <\/span><span class=\"s2\">hay que <\/span><span class=\"s2\">tener paciencia y conocer un secreto<\/span><span class=\"s2\">: los maestros verdaderos tienen un poco de magos y comprenden<\/span><span class=\"s2\"> que se necesita un poco de tiempo para adaptarse<\/span><span class=\"s2\">. <\/span><span class=\"s2\">Hace mucho que <\/span><span class=\"s2\">estos<\/span><span class=\"s2\"> docentes <\/span><span class=\"s2\">les explicaron que e<\/span><span class=\"s2\">ducar es una vocaci\u00f3n <\/span><span class=\"s2\">que <\/span><span class=\"s2\">funciona<\/span><span class=\"s2\"> si se desempe\u00f1a desde <\/span><span class=\"s2\">el<\/span> <span class=\"s2\">entusiasmo<\/span><span class=\"s2\"> que da el conocimiento, s\u00ed, pero \u00fanicamente si se hace con cari\u00f1o y dedicaci\u00f3n.<\/span> <span class=\"s2\">Por eso<\/span><span class=\"s2\">, <\/span><span class=\"s2\">a los ni\u00f1os que llegan <\/span><span class=\"s2\">mir\u00e1ndolos a los ojos, les <\/span><span class=\"s2\">sonr\u00eden c\u00f3mplices<\/span><span class=\"s2\">,<\/span><span class=\"s2\"> sabiendo que tienen una <\/span><span class=\"s2\">responsabilidad important\u00edsima<\/span><span class=\"s2\"> en la que no <\/span><span class=\"s2\">se puede fallar <\/span><span class=\"s2\">y que implica<\/span><span class=\"s2\"> tratar<\/span><span class=\"s2\"> a cada <\/span><span class=\"s2\">uno<\/span><span class=\"s2\"> con la delicadeza que se <\/span><span class=\"s2\">merece<\/span> <span class=\"s2\">y<\/span><span class=\"s2\"> construirle<\/span><span class=\"s2\">, de esta manera,<\/span><span class=\"s2\"> un <\/span><span class=\"s2\">universo<\/span><span class=\"s2\"> habitable<\/span><span class=\"s2\">en la escuela<\/span><span class=\"s2\">, un espacio<\/span><span class=\"s2\"> donde la <\/span><span class=\"s2\">gran fortuna<\/span><span class=\"s2\"> que es aprender resulte una tarea grata y compartida<\/span><span class=\"s2\">. <\/span><span class=\"s2\">Y<\/span><span class=\"s2\">,<\/span><span class=\"s2\"> como <\/span><span class=\"s2\">colaboradora<\/span><span class=\"s2\"> imprescindible<\/span><span class=\"s2\">,<\/span><span class=\"s2\"> tenemos<\/span> <span class=\"s2\">la biblioteca escolar donde <\/span><span class=\"s2\">han <\/span><span class=\"s2\">esperado<\/span><span class=\"s2\"> impacientes<\/span><span class=\"s2\"> todo este largo verano<\/span> <span class=\"s2\">los cuentos maravillosos<\/span><span class=\"s2\"> con <\/span><span class=\"s2\">sastrecillos valientes o habichuelas m\u00e1gicas<\/span><span class=\"s2\"> que <\/span><span class=\"s2\">crecen <\/span><span class=\"s2\">y crecen <\/span><span class=\"s2\">hasta esconderse<\/span><span class=\"s2\"> entre <\/span><span class=\"s2\">las <\/span><span class=\"s2\">nubes;<\/span> <span class=\"s2\">o <\/span><span class=\"s2\">los poemas <\/span><span class=\"s2\">de piratas<\/span> <span class=\"s2\">atrevidos<\/span> <span class=\"s2\">que surcan mares donde la luna riela<\/span><span class=\"s2\"> entre olas de plata y azul<\/span><span class=\"s2\">\u2026<\/span><\/p>\n<p class=\"s6\"><span class=\"s2\">Dec\u00eda mi maestra que los ni\u00f1os no son c\u00e1ntaros que se llenan sino luces que se encienden y <\/span><span class=\"s2\">ten\u00eda raz\u00f3n<\/span><span class=\"s2\">.<\/span><span class=\"s2\"> Esas luces ser\u00e1n las que iluminen la <\/span><span class=\"s2\">verdad<\/span><span class=\"s2\"> del mundo futuro<\/span><span class=\"s2\">, las que salven a <\/span><span class=\"s2\">algunos<\/span><span class=\"s2\"> adultos de la <\/span><span class=\"s2\">monoton\u00eda <\/span><span class=\"s2\">que supone<\/span><span class=\"s2\"> haber perdido la capacidad de imaginar<\/span><span class=\"s2\">,<\/span><span class=\"s2\"> de so\u00f1ar un <\/span><span class=\"s2\">porvenir distinto,<\/span><span class=\"s2\"> tan<\/span> <span class=\"s2\">transgresor<\/span><span class=\"s2\"> y libre<\/span><span class=\"s2\"> como <\/span><span class=\"s2\">aquella<\/span><span class=\"s2\">\u2018Gram\u00e1tica de la fantas\u00eda\u2019<\/span><span class=\"s2\"> de Rodari<\/span><span class=\"s2\">.<\/span><span class=\"s2\"> Nuestros <\/span><span class=\"s2\">flamantes<\/span><span class=\"s2\"> aprendices <\/span><span class=\"s2\">no lo saben a\u00fan, pero en <\/span><span class=\"s2\">sus manos<\/span><span class=\"s2\"> p\u00e1rvulas <\/span><span class=\"s2\">se <\/span><span class=\"s2\">guarda<\/span><span class=\"s2\"> el <\/span><span class=\"s2\">porvenir<\/span><span class=\"s2\"> de los<\/span><span class=\"s2\"> adjetivos<\/span><span class=\"s2\"> y las rimas<\/span><span class=\"s2\">, <\/span><span class=\"s2\">el valor de las sumas<\/span><span class=\"s2\"> o las multiplicaciones<\/span><span class=\"s2\">, la posibilidad de cambiar la Historia<\/span> <span class=\"s2\">evitando<\/span><span class=\"s2\">repetir<\/span><span class=\"s2\"> errores o la<\/span><span class=\"s2\"> de descubrir<\/span><span class=\"s2\"> misteriosos<\/span> <span class=\"s2\">peces <\/span><span class=\"s2\">con forma de luna<\/span><span class=\"s2\">, <\/span><span class=\"s2\">pr\u00edstinos <\/span><span class=\"s2\">arrecifes de coral<\/span><span class=\"s2\"> o calamares gigantes<\/span> <span class=\"s2\">all\u00e1 en las aguas fr\u00edas y profundas de los oc\u00e9anos<\/span><span class=\"s2\">.<\/span> <span class=\"s2\">Hay mil aventuras <\/span><span class=\"s2\">que <\/span><span class=\"s2\">deben vivir<\/span><span class=\"s2\"> (sin prisa, despacito)<\/span><span class=\"s2\"> y<\/span> <span class=\"s2\">habr\u00e1 que <\/span><span class=\"s2\">procurar<\/span><span class=\"s2\"> que cada instante <\/span><span class=\"s2\">resulte<\/span> <span class=\"s2\">extraordinario<\/span><span class=\"s2\">,<\/span><span class=\"s2\"> irrepetible e ino<\/span><span class=\"s2\">lvidable<\/span> <span class=\"s2\">cuando<\/span> <span class=\"s2\">se les <\/span><span class=\"s2\">quede <\/span><span class=\"s2\">grabado<\/span><span class=\"s2\"> en la memoria<\/span><span class=\"s2\">. Que esas monedillas de oro <\/span><span class=\"s2\">que son las palabras les sirvan para encontrar un camino de <\/span><span class=\"s2\">plenitud<\/span><span class=\"s2\"> y esperanza.<\/span><\/p>\n","protected":false},"excerpt":{"rendered":"<p>Cuando llega septiembre, el oto\u00f1o se acerca con pasitos peque\u00f1os, un olor fresco de primeras&#8230;<\/p>\n","protected":false},"author":1,"featured_media":63393,"comment_status":"closed","ping_status":"closed","sticky":false,"template":"","format":"standard","meta":{"_coblocks_attr":"","_coblocks_dimensions":"","_coblocks_responsive_height":"","_coblocks_accordion_ie_support":"","jetpack_post_was_ever_published":false,"_jetpack_newsletter_access":"","_jetpack_dont_email_post_to_subs":false,"_jetpack_newsletter_tier_id":0,"_jetpack_memberships_contains_paywalled_content":false,"_jetpack_memberships_contains_paid_content":false,"footnotes":"","jetpack_publicize_message":"","jetpack_publicize_feature_enabled":true,"jetpack_social_post_already_shared":false,"jetpack_social_options":{"image_generator_settings":{"template":"highway","default_image_id":0,"enabled":false},"version":2}},"categories":[187,9597,44,6914,6937,15],"tags":[],"class_list":["post-63391","post","type-post","status-publish","format-standard","has-post-thumbnail","hentry","category-centros-educativos","category-cientificos-atarfenos","category-noticias-de-hoy","category-opinion-de-reme-sanchez","category-sociedad","category-ultimas-noticias"],"jetpack_publicize_connections":[],"jetpack_featured_media_url":"https:\/\/i0.wp.com\/miradordeatarfe.es\/wp-content\/uploads\/2023\/09\/IMG_0245-1.jpeg?fit=1140%2C640&ssl=1","jetpack_likes_enabled":true,"jetpack_sharing_enabled":true,"_links":{"self":[{"href":"https:\/\/miradordeatarfe.es\/index.php?rest_route=\/wp\/v2\/posts\/63391","targetHints":{"allow":["GET"]}}],"collection":[{"href":"https:\/\/miradordeatarfe.es\/index.php?rest_route=\/wp\/v2\/posts"}],"about":[{"href":"https:\/\/miradordeatarfe.es\/index.php?rest_route=\/wp\/v2\/types\/post"}],"author":[{"embeddable":true,"href":"https:\/\/miradordeatarfe.es\/index.php?rest_route=\/wp\/v2\/users\/1"}],"replies":[{"embeddable":true,"href":"https:\/\/miradordeatarfe.es\/index.php?rest_route=%2Fwp%2Fv2%2Fcomments&post=63391"}],"version-history":[{"count":1,"href":"https:\/\/miradordeatarfe.es\/index.php?rest_route=\/wp\/v2\/posts\/63391\/revisions"}],"predecessor-version":[{"id":63392,"href":"https:\/\/miradordeatarfe.es\/index.php?rest_route=\/wp\/v2\/posts\/63391\/revisions\/63392"}],"wp:featuredmedia":[{"embeddable":true,"href":"https:\/\/miradordeatarfe.es\/index.php?rest_route=\/wp\/v2\/media\/63393"}],"wp:attachment":[{"href":"https:\/\/miradordeatarfe.es\/index.php?rest_route=%2Fwp%2Fv2%2Fmedia&parent=63391"}],"wp:term":[{"taxonomy":"category","embeddable":true,"href":"https:\/\/miradordeatarfe.es\/index.php?rest_route=%2Fwp%2Fv2%2Fcategories&post=63391"},{"taxonomy":"post_tag","embeddable":true,"href":"https:\/\/miradordeatarfe.es\/index.php?rest_route=%2Fwp%2Fv2%2Ftags&post=63391"}],"curies":[{"name":"wp","href":"https:\/\/api.w.org\/{rel}","templated":true}]}}