{"id":63413,"date":"2023-09-26T10:07:54","date_gmt":"2023-09-26T08:07:54","guid":{"rendered":"https:\/\/miradordeatarfe.es\/?p=63413"},"modified":"2023-09-26T11:08:15","modified_gmt":"2023-09-26T09:08:15","slug":"el-poeta-de-fuente-vaqueros-ramon-martinez-se-alza-con-el-x-certamen-internacional-cortijo-la-duquesa-con-el-poeta-y-sus-oficios","status":"publish","type":"post","link":"https:\/\/miradordeatarfe.es\/?p=63413","title":{"rendered":"EL POETA DE FUENTE VAQUEROS, RAM\u00d3N MART\u00cdNEZ, SE ALZA CON EL X CERTAMEN INTERNACIONAL \u201cCORTIJO LA DUQUESA\u201d CON EL POETA Y SUS OFICIOS."},"content":{"rendered":"<h3 style=\"text-align: justify;\"><em>M\u00e1s de 150 trabajos, de diversos pa\u00edses de Hispanoam\u00e9rica y, c\u00f3mo no, de Espa\u00f1a, \u00a0han optado a un concurso que premia la calidad po\u00e9tica por encima de todo.<\/em><\/h3>\n<p style=\"text-align: justify;\">En la Sede de la Asociaci\u00f3n Cortijo de la Duquesa, en M\u00e1laga, el fuenterino Ram\u00f3n Mart\u00ednez recib\u00eda el galard\u00f3n que otorga dicha Asociaci\u00f3n, al proclamarse ganador de un Certamen que ya lleva diez ediciones y que cuenta con un jurado excepcional.<\/p>\n<p style=\"text-align: justify;\">No pod\u00eda ser menos, teniendo en cuenta que entre los evaluadores del verso se encontraba Antonio Carvajal, Premio Nacional de Poes\u00eda, muy bien acompa\u00f1ado por la Presidenta del Certamen, do\u00f1a Rosa Francia; do\u00f1a Sara Pujol, don Juan Gait\u00e1n, don Jos\u00e9 Mar\u00eda de Loma y don Salvador E. Fern\u00e1ndez P\u00e9rez.<\/p>\n<p style=\"text-align: justify;\">Fue una noche en la que brill\u00f3 la poes\u00eda y en la que Ram\u00f3n Mart\u00ednez ley\u00f3 los poemas que conforman El poeta y sus oficios. Obra ganadora que es toda una suerte de metapo\u00e9tica, en la que el poeta muestra desde el nacimiento de la creaci\u00f3n l\u00edrica hasta el devenir de una mirada capaz de percibir la belleza incluso en la tragedia.<\/p>\n<p style=\"text-align: justify;\">Adem\u00e1s, Ram\u00f3n Mart\u00ednez ya sabe lo que es recibir un Premio en el Cortijo de la Duquesa, ya que en 2017 recibi\u00f3 el IV Premio Internacional de Poes\u00eda Manuel Salinas, convirti\u00e9ndose as\u00ed en el \u00fanico poeta que ostenta ambos galardones.<\/p>\n<p style=\"text-align: justify;\">Una vez m\u00e1s, el poeta de Fuente Vaqueros, profesor en el IES Cerro de los Infantes de Pinos Puente, \u00a0vuelve a ser galardonado en este prol\u00edfico 2023 en el que entre otros premios ha obtenido el XLVI Certamen Literario Benigno Vaquero, la Menci\u00f3n de Honor en el VI Premio Internacional de Poes\u00eda Dama de Baza o ha sido Finalista en Valladolid y Ecuador.<\/p>\n<p style=\"text-align: justify;\"><a href=\"https:\/\/i0.wp.com\/miradordeatarfe.es\/wp-content\/uploads\/2023\/09\/premio-cortijo-de-la-duquesa-8.jpg?ssl=1\"><img data-recalc-dims=\"1\" loading=\"lazy\" decoding=\"async\" class=\"alignnone wp-image-63415 size-full\" src=\"https:\/\/i0.wp.com\/miradordeatarfe.es\/wp-content\/uploads\/2023\/09\/premio-cortijo-de-la-duquesa-8.jpg?resize=624%2C321&#038;ssl=1\" alt=\"\" width=\"624\" height=\"321\" srcset=\"https:\/\/i0.wp.com\/miradordeatarfe.es\/wp-content\/uploads\/2023\/09\/premio-cortijo-de-la-duquesa-8.jpg?w=624&amp;ssl=1 624w, https:\/\/i0.wp.com\/miradordeatarfe.es\/wp-content\/uploads\/2023\/09\/premio-cortijo-de-la-duquesa-8.jpg?resize=300%2C154&amp;ssl=1 300w\" sizes=\"auto, (max-width: 624px) 100vw, 624px\" \/><\/a><\/p>\n<p>&nbsp;<\/p>\n","protected":false},"excerpt":{"rendered":"<p>M\u00e1s de 150 trabajos, de diversos pa\u00edses de Hispanoam\u00e9rica y, c\u00f3mo no, de Espa\u00f1a, \u00a0han&#8230;<\/p>\n","protected":false},"author":1,"featured_media":63414,"comment_status":"closed","ping_status":"closed","sticky":false,"template":"","format":"standard","meta":{"_coblocks_attr":"","_coblocks_dimensions":"","_coblocks_responsive_height":"","_coblocks_accordion_ie_support":"","jetpack_post_was_ever_published":false,"_jetpack_newsletter_access":"","_jetpack_dont_email_post_to_subs":false,"_jetpack_newsletter_tier_id":0,"_jetpack_memberships_contains_paywalled_content":false,"_jetpack_memberships_contains_paid_content":false,"footnotes":"","jetpack_publicize_message":"","jetpack_publicize_feature_enabled":true,"jetpack_social_post_already_shared":false,"jetpack_social_options":{"image_generator_settings":{"template":"highway","default_image_id":0,"enabled":false},"version":2}},"categories":[1161,44,6937,15],"tags":[1096,10669],"class_list":["post-63413","post","type-post","status-publish","format-standard","has-post-thumbnail","hentry","category-ciudadania","category-noticias-de-hoy","category-sociedad","category-ultimas-noticias","tag-premio","tag-ramon-martinez"],"jetpack_publicize_connections":[],"jetpack_featured_media_url":"https:\/\/i0.wp.com\/miradordeatarfe.es\/wp-content\/uploads\/2023\/09\/premio-cortijo-de-la-duquesa-1.jpg?fit=624%2C382&ssl=1","jetpack_likes_enabled":true,"jetpack_sharing_enabled":true,"_links":{"self":[{"href":"https:\/\/miradordeatarfe.es\/index.php?rest_route=\/wp\/v2\/posts\/63413","targetHints":{"allow":["GET"]}}],"collection":[{"href":"https:\/\/miradordeatarfe.es\/index.php?rest_route=\/wp\/v2\/posts"}],"about":[{"href":"https:\/\/miradordeatarfe.es\/index.php?rest_route=\/wp\/v2\/types\/post"}],"author":[{"embeddable":true,"href":"https:\/\/miradordeatarfe.es\/index.php?rest_route=\/wp\/v2\/users\/1"}],"replies":[{"embeddable":true,"href":"https:\/\/miradordeatarfe.es\/index.php?rest_route=%2Fwp%2Fv2%2Fcomments&post=63413"}],"version-history":[{"count":1,"href":"https:\/\/miradordeatarfe.es\/index.php?rest_route=\/wp\/v2\/posts\/63413\/revisions"}],"predecessor-version":[{"id":63416,"href":"https:\/\/miradordeatarfe.es\/index.php?rest_route=\/wp\/v2\/posts\/63413\/revisions\/63416"}],"wp:featuredmedia":[{"embeddable":true,"href":"https:\/\/miradordeatarfe.es\/index.php?rest_route=\/wp\/v2\/media\/63414"}],"wp:attachment":[{"href":"https:\/\/miradordeatarfe.es\/index.php?rest_route=%2Fwp%2Fv2%2Fmedia&parent=63413"}],"wp:term":[{"taxonomy":"category","embeddable":true,"href":"https:\/\/miradordeatarfe.es\/index.php?rest_route=%2Fwp%2Fv2%2Fcategories&post=63413"},{"taxonomy":"post_tag","embeddable":true,"href":"https:\/\/miradordeatarfe.es\/index.php?rest_route=%2Fwp%2Fv2%2Ftags&post=63413"}],"curies":[{"name":"wp","href":"https:\/\/api.w.org\/{rel}","templated":true}]}}