{"id":63417,"date":"2023-09-26T10:00:08","date_gmt":"2023-09-26T08:00:08","guid":{"rendered":"https:\/\/miradordeatarfe.es\/?p=63417"},"modified":"2023-09-26T12:04:00","modified_gmt":"2023-09-26T10:04:00","slug":"mucha-mujer-para-solo-un-pilar-en-su-memoria","status":"publish","type":"post","link":"https:\/\/miradordeatarfe.es\/?p=63417","title":{"rendered":"Mucha mujer para s\u00f3lo un pilar en su memoria"},"content":{"rendered":"<h3 style=\"text-align: justify;\">Gabriel Pozo Felguera rinde un merecido homenaje a Berta Wilhelmi Henrich, pionera del feminismo, empresaria de \u00e9xito, gran fil\u00e1ntropa, como fundadora de centros educativos y sanitarios, pero a la que, sin embargo, Granada nunca se preocup\u00f3 de dignificar a una las mujeres m\u00e1s avanzadas de su tiempo. Un espl\u00e9ndido reportaje para conocer en profundidad a una mujer referente, cuyos restos se perdieron en el osario com\u00fan hace cuatro d\u00e9cadas.<\/h3>\n<ul style=\"text-align: justify;\">\n<li>\n<h3><strong>Pionera feminista, empresaria, educadora, fundadora de colegios y sanatorios, fil\u00e1ntropa\u2026 y olvidada por la ciudad a la que dio todo<\/strong><\/h3>\n<\/li>\n<li>\n<h3><strong>El pilar recolocado en la Gran V\u00eda es lo \u00fanico que se salv\u00f3 de sus antiguas casas situadas en el Paseo de la Bomba hasta 1980<\/strong><\/h3>\n<\/li>\n<\/ul>\n<div class=\"divdest\" style=\"text-align: justify;\">Casi todos los d\u00edas bebo agua en el pilar de Do\u00f1a Berta. Igual que hacen miles de personas. Porque la fuente situada en el chafl\u00e1n de la Delegaci\u00f3n de la Junta, frente al IES Padre Su\u00e1rez, quiz\u00e1s sea el m\u00e1s frecuentado por los transe\u00fantes. Se trata de uno de los pocos vestigios de la que fue una mujer pionera en el feminismo, la empresa, la educaci\u00f3n, la filantrop\u00eda\u2026 en la Granada del \u00faltimo tercio del siglo XIX y primero del XX. Su recuerdo ha quedado muy difuminado en la ciudad a la que dio todo; s\u00f3lo una callecita en el Zaid\u00edn la recuerda. Este pilar, al menos, lleva grabadas las iniciales de sus apellidos de casada: D. W. H. (D\u00e1vila Wilhelmi Henrich). Lo que sigue son retazos para una biograf\u00eda y pistas para un homenaje pendiente en su memoria por el futuro delegado de Cultura de la Junta o la Diputaci\u00f3n provincial.<\/div>\n<p class=\"sumari\" style=\"text-align: justify;\">Empiezo su historia por el final, muchos a\u00f1os m\u00e1s tarde de que nos dejara Berta Wilhelmi Henrich<\/p>\n<p style=\"text-align: justify;\">Empiezo su historia por el final, muchos a\u00f1os m\u00e1s tarde de que nos dejara Berta Wilhelmi Henrich. Est\u00e1bamos en el a\u00f1o 1978; la mayor parte de sus casas del principio del Paseo de la Bomba fueron declaradas en ruinas. Cuatro eran los edificios de Do\u00f1a Berta ubicados desde la Plaza de la Cuesta del Pescado hasta el carmen de los Aguilera. La primera, exenta, era en la que vivi\u00f3 ella la mayor parte de su vida (la que se conserva enfundada por unas lonas); las dos \u00faltimas las adquiri\u00f3 a la cooperativa La Colmena y levant\u00f3 un bloque de viviendas en 1982-83, adonde fueron a vivir varios pol\u00edticos socialistas del momento; el solar intermedio ha sido construido m\u00e1s tarde con un gusto est\u00e9tico cuanto menos cuestionable.<\/p>\n<div class=\"divdest\" style=\"text-align: justify;\">\n<div class=\"media media-element-container media-default\">\n<div id=\"file-81497\" class=\"file file-image file-image-jpeg\">\n<h2 class=\"element-invisible\"><img data-recalc-dims=\"1\" loading=\"lazy\" decoding=\"async\" class=\"media-element file-default\" src=\"https:\/\/i0.wp.com\/www.elindependientedegranada.es\/sites\/default\/files\/casas_de_los_davila-wihelmi_en_los_anos_cuarenta.jpg?resize=640%2C478&#038;ssl=1\" alt=\"\" width=\"640\" height=\"478\" data-delta=\"1\" \/><\/h2>\n<\/div>\n<\/div>\n<p>Casas de los D\u00e1vila-Wihelmi en los a\u00f1os cuarenta. Todav\u00eda estaba enfrente la Fuente de los Gigantones (hoy en Bibarrambla). AHMGR.<\/p><\/div>\n<div class=\"divdest\" style=\"text-align: justify;\">\n<div class=\"media media-element-container media-default\">\n<div id=\"file-81498\" class=\"file file-image file-image-jpeg\">\n<h2 class=\"element-invisible\"><img data-recalc-dims=\"1\" loading=\"lazy\" decoding=\"async\" class=\"media-element file-default\" src=\"https:\/\/i0.wp.com\/www.elindependientedegranada.es\/sites\/default\/files\/las_casas_del_comienzo_del_salon.jpg?resize=640%2C469&#038;ssl=1\" alt=\"\" width=\"640\" height=\"469\" data-delta=\"2\" \/><\/h2>\n<\/div>\n<\/div>\n<p>Las casas del comienzo de la Bomba en pleno proceso de desmontaje, a\u00f1o 1980.<\/p><\/div>\n<p style=\"text-align: justify;\">En el solar de esta \u00faltima casa estuvo ubicado el pilar de Do\u00f1a Berta que hoy disfrutamos en la Gran V\u00eda. Fue mandado hacer por un regalo de Fernando D\u00e1vila a su joven mujer a finales del siglo XIX, para colocarlo en un patio de entrada a la segunda casa de vecinos. Su ejecuci\u00f3n fue obra de un marmolista que trabajaba la piedra ros\u00e1cea de Sierra Elvira, hoy agotada. Cuando fue labrada la fuente, todav\u00eda viv\u00eda su primer marido; ese es el motivo por el cual el pilar lleva las iniciales de los apellidos de casada de Berta: D (por D\u00e1vila), W (Wilhelmi), H (Henrich).<\/p>\n<p class=\"sumari\" style=\"text-align: justify;\">El pilar estuvo en uso por los m\u00faltiples inquilinos que habitaron aquellos tres edificios desde su construcci\u00f3n a finales del siglo XIX, aunque reformados en 1914<\/p>\n<p style=\"text-align: justify;\">El pilar estuvo en uso por los m\u00faltiples inquilinos que habitaron aquellos tres edificios desde su construcci\u00f3n a finales del siglo XIX, aunque reformados en 1914. En aquellas casas del Paseo de la Bomba se alojaron el pol\u00edtico Fernando de los R\u00edos, el pintor Miguel Cer\u00f3n, el catedr\u00e1tico Manuel Orozco, el ginec\u00f3logo Alfredo D\u00e1neo, etc., adem\u00e1s de buena parte de la familia D\u00e1vila y Wilhelmi. Tambi\u00e9n bastantes familias humildes, como fue el caso de Luis <em>el capataz<\/em>. Fue lugar de tertulias y reuniones pol\u00edticas de tinte socialista y liberal. La biblioteca que acumul\u00f3\u00a0\u00a0 Fernando de los R\u00edos en su piso asombraba a Federico Garc\u00eda Lorca cada vez que acud\u00eda con su hermana Isabel o a consultar algo con su catedr\u00e1tico y posterior protector.<\/p>\n<div class=\"divdest\" style=\"text-align: justify;\">\n<div class=\"media media-element-container media-default\">\n<div id=\"file-81499\" class=\"file file-image file-image-jpeg\">\n<h2 class=\"element-invisible\"><img data-recalc-dims=\"1\" loading=\"lazy\" decoding=\"async\" class=\"media-element file-default\" src=\"https:\/\/i0.wp.com\/www.elindependientedegranada.es\/sites\/default\/files\/pilar_ubicado_ahora_en_el_chaflan_de_la_delegacion_de_la_junta.jpg?resize=640%2C480&#038;ssl=1\" alt=\"\" width=\"640\" height=\"480\" data-delta=\"3\" \/><\/h2>\n<\/div>\n<\/div>\n<p>Pilar ubicado ahora en el chafl\u00e1n de la Delegaci\u00f3n de la Junta, uno de los m\u00e1s utilizados por transe\u00fantes.<\/p><\/div>\n<p class=\"sumari\" style=\"text-align: justify;\">Se cumplen ahora cuarenta a\u00f1os de la demolici\u00f3n de las tres casas, incluida la que conten\u00eda el pilar<\/p>\n<p style=\"text-align: justify;\">Se cumplen ahora cuarenta a\u00f1os de la demolici\u00f3n de las tres casas, incluida la que conten\u00eda el pilar. La excavadora iba a arramblar con todo, ya que no se consideraba que quedaran dentro elementos hist\u00f3ricos de valor. Pero muy cerca de all\u00ed vive Miguel Gim\u00e9nez Yanguas; conoc\u00eda la intrahistoria de aquel pilar. Hab\u00eda que salvarlo del destrozo. Se lo comunic\u00f3 al concejal Juan Tapia. Fue sensible a la propuesta, inco\u00f3 expediente municipal y decidi\u00f3 ubicarlo en el lugar donde se encuentra desde entonces, en la fachada de la antigua Escuela Normal. Lo \u00fanico que falt\u00f3 fue colocar al lado una placa explicando su historia, como sol\u00eda ser habitual en siglos anteriores cada vez que se labraba un pilar de importancia en Granada. Todav\u00eda se est\u00e1 a tiempo.<\/p>\n<h4 style=\"text-align: justify;\"><strong>Una ni\u00f1a alemana en Granada<\/strong><\/h4>\n<p style=\"text-align: justify;\">Vuelvo a los or\u00edgenes de aquella gran mujer a la que un d\u00eda de finales del XIX su marido le regal\u00f3 el pilar. Un empresario alem\u00e1n, Fernando Wilhemi Fromme, conoci\u00f3 Granada en 1855; era ingeniero industrial y ten\u00eda formada una empresa con Luis Lemm\u00e9 Fetch. Se dedicaban a fabricar tejidos y papel. Hab\u00eda venido aquel a\u00f1o a montar una f\u00e1brica de papel en Granada, quiz\u00e1s la del impresor G\u00f3mez Contreras en el Paseo de la Bomba. Se enamor\u00f3 de la ciudad y, como consecuencia de la inundaci\u00f3n de su f\u00e1brica alemana, decidi\u00f3 probar suerte en Granada. Adquiri\u00f3 la f\u00e1brica de papel que hab\u00eda en la Bomba, movida por una acequia de agua que descend\u00eda desde la calle Solares.<\/p>\n<p class=\"sumari\" style=\"text-align: justify;\">\u00c9l y su socio Lemm\u00e9 tambi\u00e9n crearon las f\u00e1bricas de papel de Chimeneas Altas (en D\u00fadar) y El Blanqueo (en Pinos Genil). Se afincaron definitivamente en Granada<\/p>\n<p style=\"text-align: justify;\">Fernando Wilhelmi estuvo alternando su estancia entre Alemania y Granada durante algunos a\u00f1os. \u00c9l y su socio Lemm\u00e9 tambi\u00e9n crearon las f\u00e1bricas de papel de Chimeneas Altas (en D\u00fadar) y El Blanqueo (en Pinos Genil). Se afincaron definitivamente en Granada.<\/p>\n<p style=\"text-align: justify;\">El ingeniero Wilhelmi hab\u00eda enviudado en 1856; le quedaron tres hijos de su primer matrimonio con Emma Schaeuffellen. Al a\u00f1o siguiente contrajo matrimonio con Hedwing Henrich \u201cCarolina\u201d, una de las primeras alemanas viajeras, escritoras, feministas, muy conocida por sus libros de viajes y su liberalidad. Fernando y Hedwing engendraron a Berta y a Luis Wilhelmi Henrich. Nuestra protagonista, Berta Wilhelmi Henrich, naci\u00f3 en Scherhein (Alemania) el 25 de junio de 1858. En fecha un poco posterior, toda la familia, incluida la abuela materna y una t\u00eda, decidi\u00f3 trasladarse a vivir a Granada. Se ubicaron un tiempo dentro del recinto de la Alhambra, para alquilar un poco m\u00e1s tarde el carmen de Pe\u00f1a Partida. Tambi\u00e9n residieron en D\u00fadar y Pinos Genil.<\/p>\n<div class=\"divdest\" style=\"text-align: justify;\">\n<div class=\"media media-element-container media-default\">\n<div id=\"file-81500\" class=\"file file-image file-image-jpeg\">\n<h2 class=\"element-invisible\"><img data-recalc-dims=\"1\" loading=\"lazy\" decoding=\"async\" class=\"media-element file-default\" src=\"https:\/\/i0.wp.com\/www.elindependientedegranada.es\/sites\/default\/files\/berta_wilhelmi_en_pie_izda._con_su_abuela.jpg?resize=552%2C858&#038;ssl=1\" alt=\"\" width=\"552\" height=\"858\" data-delta=\"4\" \/><\/h2>\n<\/div>\n<\/div>\n<p>Berta Wilhelmi (en pie, izda.) con su abuela (Albertine Roslin), su madre (Hedwing Henrich Carolina) y su hija (Berta D\u00e1vila).<\/p><\/div>\n<p style=\"text-align: justify;\">A pesar de su empadronamiento en Granada, la desahogada posici\u00f3n econ\u00f3mica familiar y su tradici\u00f3n cultural hicieron que Berta se educara en un internado suizo entre los a\u00f1os 1861 y 1871. All\u00ed aprendi\u00f3 cuatro idiomas y se empap\u00f3 de la forma de vivir de los protestantes. La familia Wilhelmi-Henrich pasaba en Granada por no ser cat\u00f3lica, aunque ellos no sol\u00edan practicar ninguna religi\u00f3n. Al menos externamente. Eso hizo que Berta fuese vista en esta cerrada ciudad provinciana como un verso suelto. Berta no asisti\u00f3 a colegios de Granada, su padre la educaba con institutrices tra\u00eddas de Alemania. Por tanto, el entorno familiar y cultural en que se form\u00f3 fue liberal, muy influido por la personalidad feminista mostrada por su madre y abuela; estuvo muy acostumbrada a sus viajes europeos.<\/p>\n<p class=\"sumari\" style=\"text-align: justify;\">Nada m\u00e1s cumplir 19 a\u00f1os, Berta contrajo matrimonio con uno de los hombres m\u00e1s ricos y de familia nobiliaria de Granada: Fernando D\u00e1vila Ponce de Le\u00f3n y Zea, quien le doblaba en edad<\/p>\n<p style=\"text-align: justify;\">Nada m\u00e1s cumplir 19 a\u00f1os, Berta contrajo matrimonio con uno de los hombres m\u00e1s ricos y de familia nobiliaria de Granada: Fernando D\u00e1vila Ponce de Le\u00f3n y Zea, quien le doblaba en edad. Con \u00e9l estuvo casada los siguientes 21 a\u00f1os, hasta que la dej\u00f3 viuda en 1898. Le dio dos hijos, Luis D\u00e1vila Wilhelmi (el aviador fallecido en 1925, a los 47 a\u00f1os) y Berta D\u00e1vila Wilhelmi. La viudez de su primer matrimonio coincidi\u00f3 tambi\u00e9n con la muerte de su padre. La consecuencia fue que ella tuvo que ponerse al frente de todos los negocios e intereses familiares a partir de entonces. Tambi\u00e9n de fomentarlos.<\/p>\n<p style=\"text-align: justify;\">Pero a Berta no se le cayeron los anillos. Se hab\u00eda casado con Fernando D\u00e1vila con la condici\u00f3n de no convertirse en una mujer al estilo espa\u00f1ol, de pata quebrada, amarrada a las labores del hogar y mantenida por un var\u00f3n. Y Fernando se lo permiti\u00f3 con toda naturalidad, a pesar de las costumbres de su rancio abolengo nobiliario.<\/p>\n<h4 style=\"text-align: justify;\"><strong>Berta empresaria y emprendedora<\/strong><\/h4>\n<p style=\"text-align: justify;\">Mucho antes de enviudar, Berta Wilhelmi ya hab\u00eda dado muestras de su talante emprendedor y empresarial. Con poco m\u00e1s de veinticinco a\u00f1os, ya madre de Luis y Berta, se introdujo en el mundo de la apicultura y la admitieron en la Sociedad Econ\u00f3mica de Amigos del Pa\u00eds. En la exposici\u00f3n provincial de productos industriales, agr\u00edcolas y artesanales de 1888 ya particip\u00f3 con sus mieles en la muestra de apicultura celebrada en el palacio de Carlos V. Se la considera introductora de t\u00e9cnicas ap\u00edcolas (import\u00f3 la colmena m\u00f3vil de cuadros) por estas tierras. Tuvo varios colmenares en explotaci\u00f3n en la provincia de Granada y se dedic\u00f3 a fomentar su expansi\u00f3n. Colabor\u00f3 en la exportaci\u00f3n de mieles granadinas a Centroeuropa.<\/p>\n<div class=\"divdest\" style=\"text-align: justify;\">\n<div class=\"media media-element-container media-default\">\n<div id=\"file-81538\" class=\"file file-image file-image-jpeg\">\n<h2 class=\"element-invisible\"><img data-recalc-dims=\"1\" loading=\"lazy\" decoding=\"async\" class=\"media-element file-default\" src=\"https:\/\/i0.wp.com\/www.elindependientedegranada.es\/sites\/default\/files\/resena_del_defensor.jpg?resize=640%2C333&#038;ssl=1\" alt=\"\" width=\"640\" height=\"333\" data-delta=\"10\" \/><\/h2>\n<\/div>\n<\/div>\n<p>Rese\u00f1a publicada por El Defensor (2 junio de 1888) sobre el contenido de la Exposici\u00f3n local de Horticultura y productos de industrias rurales. La \u00fanica empresaria que llev\u00f3 sus productos fue Berta Wilhelmi.<\/p><\/div>\n<p class=\"sumari\" style=\"text-align: justify;\">Aquel mismo a\u00f1o 1888 se encarg\u00f3 de inscribir y preparar la participaci\u00f3n de las f\u00e1bricas de papel de su padre y de Lemm\u00e9 en la Exposici\u00f3n Universal de Barcelona<\/p>\n<p style=\"text-align: justify;\">Aquel mismo a\u00f1o 1888 se encarg\u00f3 de inscribir y preparar la participaci\u00f3n de las f\u00e1bricas de papel de su padre y de Lemm\u00e9 en la Exposici\u00f3n Universal de Barcelona. Un jurado internacional concedi\u00f3 a estos papeles, fabricados con la fuerza motriz de las aguas de Sierra Nevada, la medalla de plata.\u00a0<\/p>\n<h4 style=\"text-align: justify;\"><strong>Berta educadora y fil\u00e1ntropa<\/strong><\/h4>\n<p style=\"text-align: justify;\">Las fortunas de los D\u00e1vila y los Wilhelmi no propiciaron que Berta Wilhelmi de D\u00e1vila se decantara por llevar una vida c\u00f3moda, dedicada a practicar la caridad como era habitual en las damas granadinas de buena posici\u00f3n. Muy al contrario. Se implic\u00f3 de lleno en practicar la educaci\u00f3n y la beneficencia, tomando a los ni\u00f1os desde muy peque\u00f1os y procurando darles salud y educaci\u00f3n en libertad. Siempre defendi\u00f3 que lo hac\u00eda por derecho, no por caridad.<\/p>\n<p class=\"sumari\" style=\"text-align: justify;\">Berta tom\u00f3 ese ejemplo y present\u00f3 una memoria a un concurso de la Sociedad Econ\u00f3mica de Amigos del Pa\u00eds de Granada, en su primera edici\u00f3n de 1889<\/p>\n<p style=\"text-align: justify;\">Ella conoc\u00eda que ya veinte a\u00f1os antes se ven\u00edan organizando colonias veraniegas en Suiza y Alemania, destinadas a ense\u00f1ar y alimentar a ni\u00f1os de las clases m\u00e1s desprotegidas. En 1887 hab\u00edan tenido lugar en Madrid las primeras colonias escolares de Espa\u00f1a. Berta tom\u00f3 ese ejemplo y present\u00f3 una memoria a un concurso de la Sociedad Econ\u00f3mica de Amigos del Pa\u00eds de Granada, en su primera edici\u00f3n de 1889. El proyecto lo elabor\u00f3 junto con el profesor Antonio Gonz\u00e1lez Prats.<\/p>\n<p class=\"sumari\" style=\"text-align: justify;\">Llegaron a Almu\u00f1\u00e9car llenos de mugre, hambrientos e ignorantes; un mes m\u00e1s tarde, regresaron limpios y bastante m\u00e1s educados<\/p>\n<p style=\"text-align: justify;\">La Sociedad organiz\u00f3 las primeras colonias infantiles para el verano siguiente, el de 1890. Fue Berta la encargada de dirigirlas y desplazarse a Almu\u00f1\u00e9car, el lugar elegido, para las primeras colonias escolares que tuvo Granada en la historia. Aquel proyecto cont\u00f3 con el apoyo de la Sociedad Econ\u00f3mica, el Ayuntamiento, la Diputaci\u00f3n, varios particulares y con el dinero y trabajo de la propia familia D\u00e1vila-Wilhelmi. Acudieron 9 ni\u00f1os y 9 ni\u00f1as, de entre 9 y 13 a\u00f1os, seleccionados entre los m\u00e1s pobres de Granada capital. Llegaron a Almu\u00f1\u00e9car llenos de mugre, hambrientos e ignorantes; un mes m\u00e1s tarde, regresaron limpios y bastante m\u00e1s educados. Fue el comienzo de un sistema de colonias escolares veraniegas que poco m\u00e1s tarde asumieron las instituciones y prosiguieron hasta la guerra civil de 1936 (Este tema ser\u00e1 objeto de un posterior art\u00edculo).<\/p>\n<p style=\"text-align: justify;\">Los Wilhelmi trajeron a Granada una formaci\u00f3n muy influida por las teor\u00edas krausistas imperantes en Alemania. Eran m\u00e9todos muy novedosos y rompedores con la raqu\u00edtica escuela p\u00fablica espa\u00f1ola, donde exist\u00eda, y m\u00e1s a\u00fan con los colegios religiosos. De ah\u00ed que casaran tan bien con los principios de la Instituci\u00f3n Libre de Ense\u00f1anza, muy en la l\u00ednea krausista y el socialismo liberal que empezaba a arraigar.<\/p>\n<p class=\"sumari\" style=\"text-align: justify;\">Consecuencia de aquella experiencia educativa aparecieron la \u201csopa escolar\u201d y las \u201ccantinas escolares\u201d en algunas las escuelas p\u00fablicas de Granada<\/p>\n<p style=\"text-align: justify;\">Consecuencia de aquella experiencia educativa aparecieron la \u201csopa escolar\u201d y las \u201ccantinas escolares\u201d en algunas de las escuelas p\u00fablicas de Granada. Se trataba no solamente de ense\u00f1ar a leer y escribir a los ni\u00f1os, sino de alimentarlos y asearlos antes. La pobreza que exist\u00eda en Granada por entonces era terrible, as\u00ed como el analfabetismo. Cuenta Berta en su memoria de aquellas colonias c\u00f3mo los ni\u00f1os ten\u00edan costras de ro\u00f1a a\u00f1ejas, no conoc\u00edan el jab\u00f3n, ni el cepillo de dientes, apenas hab\u00edan comido carne o pescado en sus vidas\u2026\u00a0 A la mayor\u00eda tuvieron que darles ropa, porque se los entregaron con andrajos. Regresaron de Almu\u00f1\u00e9car un poco m\u00e1s altos y m\u00e1s repuestos tras s\u00f3lo un mes de estancia.<\/p>\n<p class=\"sumari\" style=\"text-align: justify;\">En su f\u00e1brica de El Blanqueo empleaba tanto a hombres como a mujeres, incluso si alg\u00fan hombre enfermaba o mor\u00eda, era su viuda la primera en tener derecho a coger el puesto<\/p>\n<p style=\"text-align: justify;\">En 1892 present\u00f3 una ponencia en el Congreso Hispano-Portugu\u00e9s de educaci\u00f3n en la que afrontaba la actitud e igualdad de la mujer para ejercer cualquier profesi\u00f3n. Sus posturas en aquel momento fueron las m\u00e1s avanzadas de todas, por lo que en su mayor\u00eda levantaron pol\u00e9mica y fueron rechazadas, incluso por quienes se consideraban pioneras feministas espa\u00f1olas. Pero Berta no era s\u00f3lo una te\u00f3rica, una feminista de boquilla y manifestaci\u00f3n callejera; practicaba la igualdad entre ambos sexos a la hora de dar trabajo o responsabilidades a las mujeres. En su f\u00e1brica de El Blanqueo empleaba tanto a hombres como a mujeres, incluso si alg\u00fan hombre enfermaba o mor\u00eda, era su viuda la primera en tener derecho a coger el puesto.<\/p>\n<p class=\"sumari\" style=\"text-align: justify;\">Aquella actitud no era comprendida por una sociedad en la que la mujer estaba sojuzgada al marido<\/p>\n<p style=\"text-align: justify;\">Aquella actitud no era comprendida por una sociedad en la que la mujer estaba sojuzgada al marido, no ten\u00eda capacidad de representaci\u00f3n legal, siempre ten\u00eda que firmar por ella su padre, marido o hermano. Debi\u00f3 darse por vencida en determinado momento por las trabas legales que hallaba en el desarrollo de sus proyectos, pues en 1906, ya viuda y madura, se volvi\u00f3 a casar con uno de sus empleados (Eduardo Dom\u00ednguez L\u00f3pez) para que le diese cobertura. No consta que hiciese plena vida marital con \u00e9l; se divorciaron en 1916.<\/p>\n<p style=\"text-align: justify;\">Entre 1912-13 fund\u00f3 la primera escuela p\u00fablica mixta que tuvo Pinos Genil (actual edificio del Ayuntamiento) y la primera biblioteca que tuvo el pueblo, con unos 600 vol\u00famenes donados por familias ilustradas granadinas.<\/p>\n<h4 style=\"text-align: justify;\"><strong>Berta y los sanatorios<\/strong><\/h4>\n<p style=\"text-align: justify;\">Berta qued\u00f3 muy afectada cuando, con s\u00f3lo 21 a\u00f1os, muri\u00f3 su hermano Luis. La tisis o tuberculosis se lo llev\u00f3 por delante a una edad tan temprana. Sus padres lo hab\u00edan llevado de sanatorio en sanatorio por los Alpes, pero nada se pudo hacer por su vida. Berta guard\u00f3 sus cenizas en su casa hasta el a\u00f1o 1919 y prometi\u00f3 hacer algo para evitar que muriese tanta gente por un bacilo que por entonces s\u00f3lo se pod\u00eda combatir con aire fresco. Aquel a\u00f1o construy\u00f3 el cortijo de Las Acacias, a unos 1.500 metros de altitud en El Purche. All\u00ed se llevaba a atender a enfermos de tuberculosis. En vista del buen resultado, en 1920 fund\u00f3 el Patronato Antituberculoso de la Alfaguara, con la ayuda de varios m\u00e9dicos (el ginec\u00f3logo y socialista Alejandro Otero y Blasco Reta) y el dinero que le report\u00f3 la entrada de Papelera Espa\u00f1ola en sus negocios.<\/p>\n<div class=\"divdest\" style=\"text-align: justify;\">\n<div class=\"media media-element-container media-default\">\n<div id=\"file-81501\" class=\"file file-image file-image-jpeg\">\n<h2 class=\"element-invisible\"><img data-recalc-dims=\"1\" loading=\"lazy\" decoding=\"async\" class=\"media-element file-default\" src=\"https:\/\/i0.wp.com\/www.elindependientedegranada.es\/sites\/default\/files\/fotos_que_le_dedico_abc_el_27_de_mayo.jpg?resize=599%2C893&#038;ssl=1\" alt=\"\" width=\"599\" height=\"893\" data-delta=\"5\" \/><\/h2>\n<\/div>\n<\/div>\n<p>Fotos que le dedic\u00f3 ABC el 27 de mayo de 1923, tras la inauguraci\u00f3n del Sanatorio de la Alfaguara. Los cuatro peri\u00f3dicos que se publicaban entonces en Granada dedicaron grandes espacios a la cr\u00f3nica de aquella inauguraci\u00f3n del 17 de mayo de 1923. Presidi\u00f3 el acto el gobernador militar, Luis Hermosa, que representaba a la Reina; el Director General de Sanidad, Manuel Mart\u00edn de Salazar, represent\u00f3 al presidente del Gobierno. Estuvieron el Presidente de la Diputaci\u00f3n, Jos\u00e9 Crespo; el doctor Enrique Hern\u00e1ndez Carrillo, en representaci\u00f3n del alcalde de Granada; el alcalde de Alfacar, Eloy Mar\u00edn V\u00edlchez y todos sus concejales; el de\u00e1n de la Catedral; dos docenas de se\u00f1oras representantes de la nobleza local y las familiar m\u00e1s acaudaladas; los doctores Codina, Crespo, Mesa Moles, V\u00edctor Escribano, Rafael Garc\u00eda Duarte y Alejandro Otero, que era vicepresidente del patronato creado por Berta Wilhelmi. El proyecto de edificio lo hizo su sobrino arquitecto Fernando Wilhelmi Manzano.\u00a0<\/p><\/div>\n<div style=\"text-align: justify;\">El Sanatorio de la Alfaguara, por debajo de la Cueva del Agua, fue construido en un santiam\u00e9n; constaba de una planta corrida, m\u00e1s un segundo alzado en la parte central. Estaba preparado para atender a 24 personas. En la dotaci\u00f3n del mobiliario se implic\u00f3 la reina Victoria Eugenia; la inauguraci\u00f3n, en mayo de 1923, fue todo un acontecimiento social. El peri\u00f3dico mon\u00e1rquico ABC envi\u00f3 a un fot\u00f3grafo y public\u00f3 dos enormes fotograf\u00edas en su suplemento semanal de Blanco y Negro.<\/div>\n<p class=\"sumari\" style=\"text-align: justify;\">Los resultados del Sanatorio de Tuberculosos de la Alfaguara fueron inmediatos, respaldados por revistas especializadas y congresos m\u00e9dicos<\/p>\n<p style=\"text-align: justify;\">Los resultados del Sanatorio de Tuberculosos de la Alfaguara fueron inmediatos, respaldados por revistas especializadas y congresos m\u00e9dicos. Hab\u00eda cola para recibir tratamiento, tanto de manera desinteresada como en calidad de mediopensionista. Estuvo funcionando a pleno rendimiento hasta el a\u00f1o 1936; en la primavera de aquel fat\u00eddico a\u00f1o, ya fallecida Berta, incluso su nieto Fernando D\u00e1vila recibi\u00f3 tratamiento. Precisamente estuvo internado en el pabell\u00f3n infantil que desde 1926 llevaba el nombre de Luis D\u00e1vila P.L.-Wihelmi, el hijo aviador que fund\u00f3 la Base A\u00e9rea de Armilla en 1922 y falleci\u00f3 en sus pistas en 1925.<\/p>\n<p style=\"text-align: justify;\">El Sanatorio fue batido durante la guerra civil (1936-39) al quedar en medio de las dos l\u00edneas de combate. En la posguerra funcion\u00f3 unos cuantos a\u00f1os m\u00e1s. Despu\u00e9s ha permanecido derrumb\u00e1ndose hasta que recientemente el Ayuntamiento de Alfacar ha consolidado lo que quedaba de la planta baja.<\/p>\n<p class=\"sumari\" style=\"text-align: justify;\">En su \u00faltima voluntad continu\u00f3 acord\u00e1ndose de los m\u00e1s desfavorecidos<\/p>\n<p style=\"text-align: justify;\">La atenci\u00f3n del colectivo de enfermos de tisis fue la \u00faltima ocupaci\u00f3n a la que Berta dedic\u00f3 la \u00faltima d\u00e9cada de su vida. Estuvo plenamente volcada en la gesti\u00f3n de la Junta Provincial de la lucha Antituberculosa; empez\u00f3 a promover otro sanatorio antituberculoso en la Hoya de Pedraza (Sierra Nevada). Tambi\u00e9n atend\u00eda el dispensario del Carmen de la Muralla.<\/p>\n<p style=\"text-align: justify;\">En su \u00faltima voluntad continu\u00f3 acord\u00e1ndose de los m\u00e1s desfavorecidos. No quiso pompas f\u00fanebres ni gastos suntuarios de tumbas y entierros. Quiso ser enterrada junto a su padre y con el cofre de cenizas de su hermano; envuelta solamente en una s\u00e1bana y con su solo nombre inscrito en la l\u00e1pida. Los gastos de entierro deber\u00edan repartirlos en alimentar y vestir a unos cuantos pobres.<\/p>\n<h4 style=\"text-align: justify;\"><strong>Restos familiares perdidos<\/strong><\/h4>\n<p style=\"text-align: justify;\">El ingeniero Fernando Wilhelmi pag\u00f3 de su bolsillo el acondicionamiento del sector civil (no cat\u00f3lico) del Cementerio de San Jos\u00e9 de Granada, en el a\u00f1o 1896. All\u00ed habilit\u00f3 tumbas sencillas para la familia de su socio Luis Lemm\u00e9 Fetch y para la suya. Fernando falleci\u00f3 el 6 de marzo de 1898, en fecha posterior muy pr\u00f3xima a su yerno Fernando D\u00e1vila.<\/p>\n<p class=\"sumari\" style=\"text-align: justify;\">Berta Wilhelmi tuvo un final de vida un tanto triste. En 1931 sufri\u00f3 un ictus cerebral que la apart\u00f3 de la vida empresarial y educativa<\/p>\n<p style=\"text-align: justify;\">Berta Wilhelmi tuvo un final de vida un tanto triste. En 1931 sufri\u00f3 un ictus cerebral que la apart\u00f3 de la vida empresarial y educativa. Justo cuando hab\u00edan llegado la II Rep\u00fablica con ideas parecidas a las suyas en los campos educativos y sociales. Tuvo que hacerse cargo de las empresas su yerno Luis Garc\u00eda, marido de su hija Berta D\u00e1vila Wilhelmi (que no tuvo descendencia). La \u00fanica descendencia directa del matrimonio de Berta con Fernando D\u00e1vila fue la de Luis D\u00e1vila, el aviador fallecido en la Base de Armilla el 18 de abril de 1925. El resto de personas que llevan el apellido Wilhelmi en Granada no portan sangre de Berta, proceden de los tres hijos del primer matrimonio que ya tra\u00eda el ingeniero alem\u00e1n de su primer casamiento (Fernando, Emma y Gustavo).<\/p>\n<p class=\"sumari\" style=\"text-align: justify;\">Berta falleci\u00f3 el 30 de julio de 1934. Fue enterrada en la misma fosa donde reposaba su padre, en el sector civil del cementerio de Granada<\/p>\n<p style=\"text-align: justify;\">Berta falleci\u00f3 el 30 de julio de 1934. Fue enterrada en la misma fosa donde reposaba su padre, en el sector civil del cementerio de Granada. Esta zona del camposanto de la capital fue reformada en la d\u00e9cada de los a\u00f1os ochenta del siglo pasado; las tumbas desaparecieron, as\u00ed como sus l\u00e1pidas. En el archivo familiar de sus descendientes directos se conservan fotos de sus enterramientos. Figuran las inscripciones del ingeniero y de Berta Wilhelmi. Caroline, la madre de Berta, falleci\u00f3 en 1910 en Wiesbaden y all\u00ed qued\u00f3 sepultada.<\/p>\n<div class=\"divdest\" style=\"text-align: justify;\">\n<div class=\"media media-element-container media-default\">\n<div id=\"file-81502\" class=\"file file-image file-image-jpeg\">\n<h2 class=\"element-invisible\"><img data-recalc-dims=\"1\" loading=\"lazy\" decoding=\"async\" class=\"media-element file-default\" src=\"https:\/\/i0.wp.com\/www.elindependientedegranada.es\/sites\/default\/files\/tumba_de_lemme_al_fondo_y_de.jpg?resize=640%2C366&#038;ssl=1\" alt=\"\" width=\"640\" height=\"366\" data-delta=\"6\" \/><\/h2>\n<\/div>\n<\/div>\n<p>Tumba de Lemm\u00e9 (al fondo) y de Fernando, Berta y Luis Wilhelmi (en primer plano). Debajo, detalle de la l\u00e1pida que hubo en el cementerio civil hasta los a\u00f1os ochenta.<\/p><\/div>\n<div class=\"media media-element-container media-default\" style=\"text-align: justify;\">\n<div id=\"file-81503\" class=\"file file-image file-image-jpeg\">\n<h2 class=\"element-invisible\"><img data-recalc-dims=\"1\" loading=\"lazy\" decoding=\"async\" class=\"media-element file-default\" src=\"https:\/\/i0.wp.com\/www.elindependientedegranada.es\/sites\/default\/files\/si_estuvieron_depositadas_en.jpg?resize=640%2C400&#038;ssl=1\" alt=\"\" width=\"640\" height=\"400\" data-delta=\"7\" \/><\/h2>\n<\/div>\n<\/div>\n<p style=\"text-align: justify;\">S\u00ed estuvieron depositadas en esta tumba las cenizas de Luis Wilhelmi, el hermano de Berta que muri\u00f3 de tuberculosis e inspir\u00f3 el Sanatorio de la Alfaguara.<\/p>\n<p class=\"sumari\" style=\"text-align: justify;\">Incluso se cree que la abuela de Berta, Albertine Roslin, falleci\u00f3 en su casa de D\u00fadar a finales del siglo XIX y fue enterrada en su cementerio<\/p>\n<p style=\"text-align: justify;\">Incluso se cree que la abuela de Berta, Albertine Roslin, falleci\u00f3 en su casa de D\u00fadar a finales del siglo XIX y fue enterrada en su cementerio.<\/p>\n<p style=\"text-align: justify;\">Por su parte, Fernando D\u00e1vila Ponce de Le\u00f3n y Zea, el primer esposo de Berta, fue enterrado en el pante\u00f3n de su saga familiar del patio tercero (el 17 de enero de 1898).<\/p>\n<p class=\"sumari\" style=\"text-align: justify;\">Conclusi\u00f3n: todos los restos del ingeniero alem\u00e1n, de Berta Wilhelmi y de su hermano Luis fueron mezclados en el osario com\u00fan hace cuatro d\u00e9cadas. All\u00ed est\u00e1n perdidos<\/p>\n<p style=\"text-align: justify;\">Conclusi\u00f3n: todos los restos del ingeniero alem\u00e1n, de Berta Wilhelmi y de su hermano Luis fueron mezclados en el osario com\u00fan hace cuatro d\u00e9cadas. All\u00ed est\u00e1n perdidos.<\/p>\n<h4 style=\"text-align: justify;\"><strong>En espera de reconocimiento<\/strong><\/h4>\n<p style=\"text-align: justify;\">La ciudad de Granada nunca se ha preocupado de dignificar la figura de quien fue una de las mujeres m\u00e1s avanzadas de su tiempo. No lo hicieron los personajes que compartieron vida social y pol\u00edtica con ella durante la II Rep\u00fablica (Todo qued\u00f3 en una breve nota necrol\u00f3gica en <em>El Defensor<\/em> un par de d\u00edas despu\u00e9s de su muerte; y la Gran Cruz de la Orden de Beneficencia por su gran labor caritativa). Quiz\u00e1s el hecho de ser una mujer progresista, feminista y divorciada influyeran en su olvido durante todo el franquismo. S\u00f3lo tras la restauraci\u00f3n democr\u00e1tica, el Ayuntamiento de Granada le dedic\u00f3 el nombre de una callecita en la ampliaci\u00f3n del barrio del Zaid\u00edn. El nombre de esta calle s\u00f3lo figura en el <em>Callejero Emocional<\/em> de F. Gonz\u00e1lez Arroyo. Ni siquiera Luis Seco de Lucena, que fue amigo suyo, la mencion\u00f3 en su libro de <em>Memorias de Granada<\/em> (1941).<\/p>\n<div class=\"divdest\" style=\"text-align: justify;\">\n<div class=\"media media-element-container media-default\">\n<div id=\"file-81505\" class=\"file file-image file-image-jpeg\">\n<h2 class=\"element-invisible\"><img data-recalc-dims=\"1\" loading=\"lazy\" decoding=\"async\" class=\"media-element file-default\" src=\"https:\/\/i0.wp.com\/www.elindependientedegranada.es\/sites\/default\/files\/calle_berta.jpg?resize=640%2C480&#038;ssl=1\" alt=\"\" width=\"640\" height=\"480\" data-delta=\"9\" \/><\/h2>\n<\/div>\n<\/div>\n<p>Calle Berta Wilhelmi, una peque\u00f1a v\u00eda casi escondida en el barrio del Zaid\u00edn.<\/p><\/div>\n<div class=\"divdest\" style=\"text-align: justify;\">\n<div class=\"media media-element-container media-default\">\n<div id=\"file-81504\" class=\"file file-image file-image-jpeg\">\n<h2 class=\"element-invisible\"><img data-recalc-dims=\"1\" loading=\"lazy\" decoding=\"async\" class=\"media-element file-default\" src=\"https:\/\/i0.wp.com\/www.elindependientedegranada.es\/sites\/default\/files\/sala_del_centro_de_interpretacion_de_pinos.jpg?resize=640%2C480&#038;ssl=1\" alt=\"\" width=\"640\" height=\"480\" data-delta=\"8\" \/><\/h2>\n<\/div>\n<\/div>\n<p>Sala del Centro de Interpretaci\u00f3n de Pinos Genil dedicado a Berta Wilhelmi.<\/p><\/div>\n<p class=\"sumari\" style=\"text-align: justify;\">Quienes no han dejado de acordarse de ella han sido los vecinos y autoridades de Pinos Genil<\/p>\n<p style=\"text-align: justify;\">Quienes no han dejado de acordarse de ella han sido los vecinos y autoridades de Pinos Genil. Recientemente le han dedicado una sala en el Centro de Interpretaci\u00f3n del Tranv\u00eda de la Sierra, que acaba de abrir; pr\u00f3ximamente ampliar\u00e1n su recuerdo con otros dos espacios destinados a explicar sus f\u00e1bricas de papel de El Blanqueo y de la Luz. En Pinos Genil todav\u00eda se recuerda que, adem\u00e1s de la escuela y la biblioteca que fund\u00f3, unos pocos \u00e1rboles de la ribera del Genil contin\u00faan llevando los nombres de los chicos que los plantaron; la profesora Do\u00f1a Berta organiz\u00f3 cada a\u00f1o el D\u00eda del \u00c1rbol, a partir de 1912; cada alumno plantaba un pl\u00e1tano de sombra, se encargaba de cuidarlo y le pon\u00eda su nombre. Algunos de aquellos \u00e1rboles ya no existen, pero quedan todav\u00eda varios que se llaman como los ni\u00f1os que los pusieron: Antonio Baena Labella (en la puerta del Ayuntamiento), Antonio Garnica Jim\u00e9nez, Antonio Z\u00fa\u00f1iga Uceda, etc. Investigadores de Pinos Genil, con su alcalde a la cabeza, est\u00e1n preparando una completa biograf\u00eda de Berta, una \u201crana\u201d adoptiva o pinera de las m\u00e1s ilustres de este pueblo.<\/p>\n<p class=\"sumari\" style=\"text-align: justify;\">Tampoco el Museo de la Miel de Lanjar\u00f3n la ha olvidado<\/p>\n<p style=\"text-align: justify;\">Tampoco el Museo de la Miel de Lanjar\u00f3n la ha olvidado. Est\u00e1 ubicado en la finca a la que se le ha dado su nombre. Le tienen dedicado un emotivo recuerdo como una de las primeras mujeres apicultoras de Espa\u00f1a.<\/p>\n<p style=\"text-align: justify;\">No estar\u00eda de m\u00e1s que el Ayuntamiento de la capital, o mejor la Delegaci\u00f3n de Cultura de la Junta o la Diputaci\u00f3n (por ser un personaje de \u00e1mbito provincial) recobrasen, para mayor conocimiento p\u00fablico, la figura de Do\u00f1a Berta. Una placa o un bajorrelieve junto a su pilar de la Delegaci\u00f3n del Gobierno ser\u00eda el lugar m\u00e1s vistoso.<\/p>\n<p><strong><span class=\"autor\">Gabriel Pozo Felguera<\/span><\/strong><\/p>\n<p>https:\/\/www.elindependientedegranada.es\/ciudadania\/mucha-mujer-solo-pilar-memoria<\/p>\n","protected":false},"excerpt":{"rendered":"<p>Gabriel Pozo Felguera rinde un merecido homenaje a Berta Wilhelmi Henrich, pionera del feminismo, empresaria&#8230;<\/p>\n","protected":false},"author":1,"featured_media":63418,"comment_status":"closed","ping_status":"closed","sticky":false,"template":"","format":"standard","meta":{"_coblocks_attr":"","_coblocks_dimensions":"","_coblocks_responsive_height":"","_coblocks_accordion_ie_support":"","jetpack_post_was_ever_published":false,"_jetpack_newsletter_access":"","_jetpack_dont_email_post_to_subs":false,"_jetpack_newsletter_tier_id":0,"_jetpack_memberships_contains_paywalled_content":false,"_jetpack_memberships_contains_paid_content":false,"footnotes":"","jetpack_publicize_message":"","jetpack_publicize_feature_enabled":true,"jetpack_social_post_already_shared":false,"jetpack_social_options":{"image_generator_settings":{"template":"highway","default_image_id":0,"enabled":false},"version":2}},"categories":[1161,7721,44,7671,15],"tags":[10670],"class_list":["post-63417","post","type-post","status-publish","format-standard","has-post-thumbnail","hentry","category-ciudadania","category-mujeres-que-cambiaron-la-historia","category-noticias-de-hoy","category-politica","category-ultimas-noticias","tag-berta-wilhelmi"],"jetpack_publicize_connections":[],"jetpack_featured_media_url":"https:\/\/i0.wp.com\/miradordeatarfe.es\/wp-content\/uploads\/2023\/09\/por_7.jpg?fit=650%2C328&ssl=1","jetpack_likes_enabled":true,"jetpack_sharing_enabled":true,"_links":{"self":[{"href":"https:\/\/miradordeatarfe.es\/index.php?rest_route=\/wp\/v2\/posts\/63417","targetHints":{"allow":["GET"]}}],"collection":[{"href":"https:\/\/miradordeatarfe.es\/index.php?rest_route=\/wp\/v2\/posts"}],"about":[{"href":"https:\/\/miradordeatarfe.es\/index.php?rest_route=\/wp\/v2\/types\/post"}],"author":[{"embeddable":true,"href":"https:\/\/miradordeatarfe.es\/index.php?rest_route=\/wp\/v2\/users\/1"}],"replies":[{"embeddable":true,"href":"https:\/\/miradordeatarfe.es\/index.php?rest_route=%2Fwp%2Fv2%2Fcomments&post=63417"}],"version-history":[{"count":1,"href":"https:\/\/miradordeatarfe.es\/index.php?rest_route=\/wp\/v2\/posts\/63417\/revisions"}],"predecessor-version":[{"id":63419,"href":"https:\/\/miradordeatarfe.es\/index.php?rest_route=\/wp\/v2\/posts\/63417\/revisions\/63419"}],"wp:featuredmedia":[{"embeddable":true,"href":"https:\/\/miradordeatarfe.es\/index.php?rest_route=\/wp\/v2\/media\/63418"}],"wp:attachment":[{"href":"https:\/\/miradordeatarfe.es\/index.php?rest_route=%2Fwp%2Fv2%2Fmedia&parent=63417"}],"wp:term":[{"taxonomy":"category","embeddable":true,"href":"https:\/\/miradordeatarfe.es\/index.php?rest_route=%2Fwp%2Fv2%2Fcategories&post=63417"},{"taxonomy":"post_tag","embeddable":true,"href":"https:\/\/miradordeatarfe.es\/index.php?rest_route=%2Fwp%2Fv2%2Ftags&post=63417"}],"curies":[{"name":"wp","href":"https:\/\/api.w.org\/{rel}","templated":true}]}}