{"id":6346,"date":"2016-02-01T13:12:30","date_gmt":"2016-02-01T13:12:30","guid":{"rendered":"http:\/\/miradordeatarfe.es\/?p=6346"},"modified":"2016-02-01T13:12:30","modified_gmt":"2016-02-01T13:12:30","slug":"exito-de-participacion-escolar-en-la-semana-por-el-dia-de-la-paz","status":"publish","type":"post","link":"https:\/\/miradordeatarfe.es\/?p=6346","title":{"rendered":"\u00c9xito de participaci\u00f3n escolar en la semana por el D\u00eda de la Paz"},"content":{"rendered":"<div><span class=\"contenidos_titulo\"><br \/>\n<\/span><span class=\"contenidos_subtitulo\">M\u00e1s de 2.300 alumnos asistieron a los actos organizados por los centros educativos para conmemorar la efem\u00e9ride por la paz y la no violencia.<!--more--> <\/span><\/div>\n<div><span class=\"contenidos_subtitulo\">Un pasacalles puso el broche final.<\/span>Con el pasacalles y la suelta de globos en el parque arquitecto Ram\u00f3n Gald\u00f3n concluy\u00f3 el domingo una semana intensa de actividades con motivo del D\u00eda de la Paz y la No Violencia, en la que han participado m\u00e1s de 2.365 escolares de Atarfe incluido el Centro de Adultos.<\/div>\n<div><\/div>\n<div>Durante el jueves y el viernes tuvieron lugar cinco actuaciones en el Centro Cultural Medina Elvira, para lo cual se cont\u00f3 con la colaboraci\u00f3n de profesores de la Escuela de M\u00fasica e integrantes de la Escuela Municipal de Teatro.Cada asistente aport\u00f3 un euro, cuya recaudaci\u00f3n se ha donado a dos organizaciones humanitarias: M\u00e9dicos sin Fronteras para ayuda a refugiados y a la Fundaci\u00f3n Escuela de Solidaridad con sede en nuestro municipio.<\/div>\n<div><\/div>\n<div>Tambi\u00e9n el jueves por la tarde se celebr\u00f3 una mesa redonda, a la que asistieron unas 140 personas entre adultos y alumnado. Intervino la ONG Acci\u00f3n en Red, que abord\u00f3 el problema de los refugiados, y tambi\u00e9n participaron alumnado de los centros y del Centro de Adultos, que realizaron una presentaci\u00f3n de los trabajos que desarrollaron en torno a la vida de la Premio Nobel de la Paz, Malala Yousafzai.<\/div>\n<div><\/div>\n<div>La concejala de Educaci\u00f3n del Ayuntamiento de Atarfe, <strong>Fabiola Garc\u00eda Montijano<\/strong>, ha felicitado a\u00a0<strong>Juan de Dios Fern\u00e1ndez G\u00e1lvez<\/strong>, coordinador de orientaci\u00f3n escolar, y a todos los centros educativos del municipio por movilizar al alumnado por una buena causa. La Paz es el \u00fanico camino. \u00abS\u00f3lo as\u00ed podemos conseguir una sociedad m\u00e1s justa, donde los conflictos se resuelvan a trav\u00e9s del di\u00e1logo\u00bb, ha opinado.<\/div>\n","protected":false},"excerpt":{"rendered":"<p>M\u00e1s de 2.300 alumnos asistieron a los actos organizados por los centros educativos para conmemorar&#8230;<\/p>\n","protected":false},"author":1,"featured_media":6347,"comment_status":"closed","ping_status":"closed","sticky":false,"template":"","format":"standard","meta":{"_coblocks_attr":"","_coblocks_dimensions":"","_coblocks_responsive_height":"","_coblocks_accordion_ie_support":"","jetpack_post_was_ever_published":false,"_jetpack_newsletter_access":"","_jetpack_dont_email_post_to_subs":false,"_jetpack_newsletter_tier_id":0,"_jetpack_memberships_contains_paywalled_content":false,"_jetpack_memberships_contains_paid_content":false,"footnotes":"","jetpack_publicize_message":"","jetpack_publicize_feature_enabled":true,"jetpack_social_post_already_shared":false,"jetpack_social_options":{"image_generator_settings":{"template":"highway","default_image_id":0,"enabled":false},"version":2}},"categories":[2,186,44,15],"tags":[81,2122,2121,872],"class_list":["post-6346","post","type-post","status-publish","format-standard","has-post-thumbnail","hentry","category-atarfe","category-instituciones","category-noticias-de-hoy","category-ultimas-noticias","tag-atarfe","tag-concentracion-marcha-por-la-paz","tag-no-violencia","tag-paz"],"jetpack_publicize_connections":[],"jetpack_featured_media_url":"https:\/\/i0.wp.com\/miradordeatarfe.es\/wp-content\/uploads\/2016\/02\/1477_1799_20160201124611.jpg?fit=442%2C248&ssl=1","jetpack_likes_enabled":true,"jetpack_sharing_enabled":true,"_links":{"self":[{"href":"https:\/\/miradordeatarfe.es\/index.php?rest_route=\/wp\/v2\/posts\/6346","targetHints":{"allow":["GET"]}}],"collection":[{"href":"https:\/\/miradordeatarfe.es\/index.php?rest_route=\/wp\/v2\/posts"}],"about":[{"href":"https:\/\/miradordeatarfe.es\/index.php?rest_route=\/wp\/v2\/types\/post"}],"author":[{"embeddable":true,"href":"https:\/\/miradordeatarfe.es\/index.php?rest_route=\/wp\/v2\/users\/1"}],"replies":[{"embeddable":true,"href":"https:\/\/miradordeatarfe.es\/index.php?rest_route=%2Fwp%2Fv2%2Fcomments&post=6346"}],"version-history":[{"count":1,"href":"https:\/\/miradordeatarfe.es\/index.php?rest_route=\/wp\/v2\/posts\/6346\/revisions"}],"predecessor-version":[{"id":6348,"href":"https:\/\/miradordeatarfe.es\/index.php?rest_route=\/wp\/v2\/posts\/6346\/revisions\/6348"}],"wp:featuredmedia":[{"embeddable":true,"href":"https:\/\/miradordeatarfe.es\/index.php?rest_route=\/wp\/v2\/media\/6347"}],"wp:attachment":[{"href":"https:\/\/miradordeatarfe.es\/index.php?rest_route=%2Fwp%2Fv2%2Fmedia&parent=6346"}],"wp:term":[{"taxonomy":"category","embeddable":true,"href":"https:\/\/miradordeatarfe.es\/index.php?rest_route=%2Fwp%2Fv2%2Fcategories&post=6346"},{"taxonomy":"post_tag","embeddable":true,"href":"https:\/\/miradordeatarfe.es\/index.php?rest_route=%2Fwp%2Fv2%2Ftags&post=6346"}],"curies":[{"name":"wp","href":"https:\/\/api.w.org\/{rel}","templated":true}]}}