{"id":63471,"date":"2023-10-06T09:09:09","date_gmt":"2023-10-06T07:09:09","guid":{"rendered":"https:\/\/miradordeatarfe.es\/?p=63471"},"modified":"2023-10-01T20:26:27","modified_gmt":"2023-10-01T18:26:27","slug":"andorra-prohibe-comprar-casas-a-extranjeros-operacion-frenar-la-especulacion","status":"publish","type":"post","link":"https:\/\/miradordeatarfe.es\/?p=63471","title":{"rendered":"Andorra proh\u00edbe comprar casas a extranjeros. Operaci\u00f3n: frenar la especulaci\u00f3n"},"content":{"rendered":"<h3 style=\"text-align: justify;\">Hab\u00eda una vez un peque\u00f1o pa\u00eds enclavado en los Pirineos, conocido por su serenidad y su estabilidad, donde las y los residentes pod\u00edan vivir sin las preocupaciones del alquiler que acechan a tantas ciudades globales.<\/h3>\n<p style=\"text-align: justify;\">Sin embargo, la calma de Andorra se ha visto sacudida por una fiebre inmobiliaria, tan vertiginosa y tumultuosa que el Gobierno ha tomado medidas dr\u00e1sticas para intentar contenerla. En un esfuerzo por frenar la especulaci\u00f3n, el Govern d\u2019Andorra ha prohibido temporalmente a las y los extranjeros comprar casas, mientras se espera un impuesto dirigido a estas inversiones. Pero, \u00bfes esto suficiente?<\/p>\n<p style=\"text-align: justify;\">La crisis ha alcanzado proporciones tan extremas que el l\u00edder de la oposici\u00f3n en Andorra, Cerni Escal\u00e9, describe que hay ciudadanas y ciudadanos que abandonan el pa\u00eds debido a la incapacidad de costear una vivienda. Con un aumento del 18% en los precios de los inmuebles en solo un a\u00f1o y con m\u00e1s de 1.000 millones de euros invertidos por capital extranjero en seis a\u00f1os, es evidente que estamos frente a una tormenta perfecta.<\/p>\n<p style=\"text-align: justify;\"><strong>EL PARAD\u00d3JICO ESCENARIO DE LA VIVIENDA<\/strong><\/p>\n<p style=\"text-align: justify;\">Iron\u00edas de la vida: en Andorra nunca se hab\u00eda construido tanto y nunca hab\u00eda sido tan dif\u00edcil acceder a una vivienda. Se estima que existen cerca de 3.000 pisos vac\u00edos pertenecientes a inversores extranjeros. Mientras el pa\u00eds construye y vende, la oferta de alquiler es escasa, a pesar de que el 70% de la poblaci\u00f3n vive en r\u00e9gimen de alquiler.<\/p>\n<p style=\"text-align: justify;\">El panorama se complica a\u00fan m\u00e1s con el congelamiento de los precios de alquiler que se ha mantenido hasta la fecha. Esta medida, aunque necesaria en su momento, ha tenido consecuencias no deseadas. Muchos, como Roser, han sido desalojados bajo el pretexto de renovaciones inmobiliarias.<\/p>\n<p style=\"text-align: justify;\">Lo que sucede en Andorra es un reflejo de lo que ocurre en muchas ciudades europeas. El atractivo de Andorra -su estilo de vida, seguridad y atenci\u00f3n sanitaria- ha llamado la atenci\u00f3n de personas con poder adquisitivo significativo. Pero el resultado ha sido un aumento de la poblaci\u00f3n del 20% en una d\u00e9cada y un cambio en el perfil del inversor.<\/p>\n<p style=\"text-align: justify;\">Se trata de una crisis de poder adquisitivo ligada a la inversi\u00f3n extranjera. El problema no es exclusivo de Andorra. Localidades cercanas, como La Seu d\u2019Urgell, est\u00e1n sintiendo la presi\u00f3n de los precios de alquiler a medida que las andorranas y andorranos buscan soluciones en otras partes.<\/p>\n<p style=\"text-align: justify;\"><strong>CONCLUSIONES CR\u00cdTICAS<\/strong><\/p>\n<p style=\"text-align: justify;\">El ejemplo de Andorra ilustra la urgente necesidad de soluciones sostenibles y justas en el \u00e1mbito inmobiliario. Las y los residentes, que han contribuido al tejido socioecon\u00f3mico y cultural del pa\u00eds, no deben ser marginados en favor de las inversiones r\u00e1pidas. Las soluciones temporales, como las moratorias, son un paso, pero se necesita una visi\u00f3n a largo plazo para garantizar un futuro inclusivo y pr\u00f3spero en Andorra.<\/p>\n<p>REDACCI\u00d3N DE CONTRAINFORMACI\u00d3N<\/p>\n<blockquote class=\"wp-embedded-content\" data-secret=\"QMSC843lFd\"><p><a href=\"https:\/\/contrainformacion.es\/andorra-prohibe-comprar-casas-a-extranjeros-operacion-frenar-la-especulacion\/\">Andorra proh\u00edbe comprar casas a extranjeros. Operaci\u00f3n: frenar la especulaci\u00f3n<\/a><\/p><\/blockquote>\n<p><iframe loading=\"lazy\" class=\"wp-embedded-content\" sandbox=\"allow-scripts\" security=\"restricted\" style=\"position: absolute; visibility: hidden;\" title=\"\u00abAndorra proh\u00edbe comprar casas a extranjeros. Operaci\u00f3n: frenar la especulaci\u00f3n\u00bb \u2014 Contrainformaci\u00f3n\" src=\"https:\/\/contrainformacion.es\/andorra-prohibe-comprar-casas-a-extranjeros-operacion-frenar-la-especulacion\/embed\/#?secret=Dgg1QGe9zv#?secret=QMSC843lFd\" data-secret=\"QMSC843lFd\" width=\"600\" height=\"338\" frameborder=\"0\" marginwidth=\"0\" marginheight=\"0\" scrolling=\"no\"><\/iframe><\/p>\n","protected":false},"excerpt":{"rendered":"<p>Hab\u00eda una vez un peque\u00f1o pa\u00eds enclavado en los Pirineos, conocido por su serenidad y&#8230;<\/p>\n","protected":false},"author":1,"featured_media":63472,"comment_status":"closed","ping_status":"closed","sticky":false,"template":"","format":"standard","meta":{"_coblocks_attr":"","_coblocks_dimensions":"","_coblocks_responsive_height":"","_coblocks_accordion_ie_support":"","jetpack_post_was_ever_published":false,"_jetpack_newsletter_access":"","_jetpack_dont_email_post_to_subs":false,"_jetpack_newsletter_tier_id":0,"_jetpack_memberships_contains_paywalled_content":false,"_jetpack_memberships_contains_paid_content":false,"footnotes":"","jetpack_publicize_message":"","jetpack_publicize_feature_enabled":true,"jetpack_social_post_already_shared":false,"jetpack_social_options":{"image_generator_settings":{"template":"highway","default_image_id":0,"enabled":false},"version":2}},"categories":[1161,44,7671,15],"tags":[10676,10677],"class_list":["post-63471","post","type-post","status-publish","format-standard","has-post-thumbnail","hentry","category-ciudadania","category-noticias-de-hoy","category-politica","category-ultimas-noticias","tag-andorra","tag-pisos-para-extranjeros"],"jetpack_publicize_connections":[],"jetpack_featured_media_url":"https:\/\/i0.wp.com\/miradordeatarfe.es\/wp-content\/uploads\/2023\/09\/600x400_andorra-foto-recurso-getty.jpg?fit=600%2C400&ssl=1","jetpack_likes_enabled":true,"jetpack_sharing_enabled":true,"_links":{"self":[{"href":"https:\/\/miradordeatarfe.es\/index.php?rest_route=\/wp\/v2\/posts\/63471","targetHints":{"allow":["GET"]}}],"collection":[{"href":"https:\/\/miradordeatarfe.es\/index.php?rest_route=\/wp\/v2\/posts"}],"about":[{"href":"https:\/\/miradordeatarfe.es\/index.php?rest_route=\/wp\/v2\/types\/post"}],"author":[{"embeddable":true,"href":"https:\/\/miradordeatarfe.es\/index.php?rest_route=\/wp\/v2\/users\/1"}],"replies":[{"embeddable":true,"href":"https:\/\/miradordeatarfe.es\/index.php?rest_route=%2Fwp%2Fv2%2Fcomments&post=63471"}],"version-history":[{"count":1,"href":"https:\/\/miradordeatarfe.es\/index.php?rest_route=\/wp\/v2\/posts\/63471\/revisions"}],"predecessor-version":[{"id":63473,"href":"https:\/\/miradordeatarfe.es\/index.php?rest_route=\/wp\/v2\/posts\/63471\/revisions\/63473"}],"wp:featuredmedia":[{"embeddable":true,"href":"https:\/\/miradordeatarfe.es\/index.php?rest_route=\/wp\/v2\/media\/63472"}],"wp:attachment":[{"href":"https:\/\/miradordeatarfe.es\/index.php?rest_route=%2Fwp%2Fv2%2Fmedia&parent=63471"}],"wp:term":[{"taxonomy":"category","embeddable":true,"href":"https:\/\/miradordeatarfe.es\/index.php?rest_route=%2Fwp%2Fv2%2Fcategories&post=63471"},{"taxonomy":"post_tag","embeddable":true,"href":"https:\/\/miradordeatarfe.es\/index.php?rest_route=%2Fwp%2Fv2%2Ftags&post=63471"}],"curies":[{"name":"wp","href":"https:\/\/api.w.org\/{rel}","templated":true}]}}