{"id":63478,"date":"2023-10-01T10:30:29","date_gmt":"2023-10-01T08:30:29","guid":{"rendered":"https:\/\/miradordeatarfe.es\/?p=63478"},"modified":"2023-09-26T18:58:25","modified_gmt":"2023-09-26T16:58:25","slug":"hay-que-proteger-a-los-ninos-de-los-moviles","status":"publish","type":"post","link":"https:\/\/miradordeatarfe.es\/?p=63478","title":{"rendered":"Hay que proteger a los ni\u00f1os de los m\u00f3viles"},"content":{"rendered":"<h3 class=\"v-a-sub-t\" style=\"text-align: justify;\">Aunque las nuevas tecnolog\u00edas son necesarias, no pueden sustituir, en la infancia, a la lectura, al di\u00e1logo o al juego<\/h3>\n<p class=\"v-p\" style=\"text-align: justify;\">Los medios digitales han entrado en nuestras vidas para quedarse. Los ni\u00f1os, pronto se apuntaron a los aparatos digitales, y no es raro observarlos absortos con su &#8216;maquinita&#8217;, inhibi\u00e9ndose de reuniones, de fiestas o de di\u00e1logos. Los padres de hoy se preguntan: \u00bfLes compro un m\u00f3vil a mis hijos? \u00bfCon qu\u00e9 edad? \u00bfEs positivo? Los ni\u00f1os responden que sus amigos ya los tienen, y, al final, todos lo tienen. Para evitar esto, los padres de las ocho escuelas de primaria de un pueblo irland\u00e9s, Greystones, han acordado no comprarles m\u00f3viles a sus hijos hasta que no cumplan 12 a\u00f1os.<\/p>\n<p class=\"v-p\" style=\"text-align: justify;\">La Unesco, preocupada por este fen\u00f3meno, ha hecho una petici\u00f3n urgente a todas las escuelas del mundo: \u00ab\u00a1Proh\u00edban los tel\u00e9fonos m\u00f3viles!\u00bb, pues sus efectos son nefastos para los ni\u00f1os. Hasta no hace mucho, lo digital era la soluci\u00f3n educativa del futuro y parec\u00eda ser irreversible. Pero en su \u00faltimo informe de julio, la Unesco ha sorprendido. Con ello pretenden proteger a los ni\u00f1os del ciberacoso, la depresi\u00f3n y el aislamiento social. Adem\u00e1s, decenas de escuelas de EE UU, que abarca a diez estados y 44 distritos escolares, han demandado a las tecnol\u00f3gicas, porque \u00abhan convertido la angustia de nuestros hijos en una fuente de ingresos millonarios\u00bb.<\/p>\n<p class=\"v-p\" style=\"text-align: justify;\">Actualmente, solo uno de cada cuatro pa\u00edses proh\u00edbe los m\u00f3viles en la escuela. Francia, Italia o Pa\u00edses Bajos los restringir\u00e1n a partir de 2024. En Australia, el m\u00e1s restrictivo, los dispositivos los dejan en casa. Suecia, que el a\u00f1o pasado hablaba de digitalizar el sistema educativo, este a\u00f1o ha aparcado los dispositivos m\u00f3viles y ha vuelto a los libros de texto, para lograr as\u00ed que los alumnos aprendan a leer y entender dos frases seguidas. En Espa\u00f1a no hay consenso sobre la materia. Hay directrices sobre este tema en Madrid, Galicia y Castilla-La Mancha, pero en las dem\u00e1s comunidades la decisi\u00f3n corresponde al centro educativo, aunque en Catalu\u00f1a varios institutos ya est\u00e1n &#8216;libres de m\u00f3viles&#8217;.<\/p>\n<p class=\"v-p\" style=\"text-align: justify;\">Las asociaciones de Pediatr\u00eda de Jap\u00f3n, EEUU y Canad\u00e1, coinciden en que los ni\u00f1os menores de 12 a\u00f1os no deben utilizar estos aparatos sin control. Seg\u00fan ellos, los beb\u00e9s de 0 a 2 a\u00f1os no deben tener ning\u00fan contacto con ellos; de 3 a 5, una hora al d\u00eda; de 6 a 18, dos. Las razones que esgrimen a favor de sus limitaciones son: la afecci\u00f3n al cerebro, que conlleva d\u00e9ficit de atenci\u00f3n, retrasos cognitivos, problemas de aprendizaje, aumento de impulsividad y falta de autocontrol; retraso f\u00edsico en el desarrollo del ni\u00f1o; fomenta la obesidad infantil; alteraciones del sue\u00f1o; aumentan depresi\u00f3n y ansiedad infantil, trastorno bipolar, psicosis y otras conductas mentales; generan actitudes agresivas; adicci\u00f3n infantil; exposici\u00f3n a excesivas radiaciones. Adem\u00e1s, concluyen, generan ni\u00f1os pasivos que no saben interactuar con los otros.<\/p>\n<p class=\"v-p\" style=\"text-align: justify;\">Aunque las nuevas tecnolog\u00edas son ya parte de nuestra vida y no podemos prescindir de ellas (vivimos en la era tecnol\u00f3gica), y, adem\u00e1s pueden ayudar en la escuela: agenda escolar, herramientas educativas orientadas por los maestros para lograr mayor informaci\u00f3n en cualquier materia; y pueden servir, tambi\u00e9n, como medio de contacto con padres y amigos, no pueden sustituir a la lectura de un libro, a la dedicaci\u00f3n al di\u00e1logo o al juego con compa\u00f1eros, amigos, padres y hermanos.<\/p>\n<p><strong>Juan Santaella<\/strong><\/p>\n<p>FOTO: LA VANGUARDIA<\/p>\n<p>https:\/\/www.ideal.es\/opinion\/juan-santaella-proteger-ninos-moviles-20230921224304-nt.html<\/p>\n","protected":false},"excerpt":{"rendered":"<p>Aunque las nuevas tecnolog\u00edas son necesarias, no pueden sustituir, en la infancia, a la lectura,&#8230;<\/p>\n","protected":false},"author":1,"featured_media":63479,"comment_status":"closed","ping_status":"closed","sticky":false,"template":"","format":"standard","meta":{"_coblocks_attr":"","_coblocks_dimensions":"","_coblocks_responsive_height":"","_coblocks_accordion_ie_support":"","jetpack_post_was_ever_published":false,"_jetpack_newsletter_access":"","_jetpack_dont_email_post_to_subs":false,"_jetpack_newsletter_tier_id":0,"_jetpack_memberships_contains_paywalled_content":false,"_jetpack_memberships_contains_paid_content":false,"footnotes":"","jetpack_publicize_message":"","jetpack_publicize_feature_enabled":true,"jetpack_social_post_already_shared":false,"jetpack_social_options":{"image_generator_settings":{"template":"highway","default_image_id":0,"enabled":false},"version":2}},"categories":[187,1161,44,6920,15,10],"tags":[389,5467],"class_list":["post-63478","post","type-post","status-publish","format-standard","has-post-thumbnail","hentry","category-centros-educativos","category-ciudadania","category-noticias-de-hoy","category-tecnologia","category-ultimas-noticias","category-salud","tag-infancia","tag-telefonos-moviles"],"jetpack_publicize_connections":[],"jetpack_featured_media_url":"https:\/\/i0.wp.com\/miradordeatarfe.es\/wp-content\/uploads\/2023\/09\/5fa533270aea3.jpeg?fit=1200%2C675&ssl=1","jetpack_likes_enabled":true,"jetpack_sharing_enabled":true,"_links":{"self":[{"href":"https:\/\/miradordeatarfe.es\/index.php?rest_route=\/wp\/v2\/posts\/63478","targetHints":{"allow":["GET"]}}],"collection":[{"href":"https:\/\/miradordeatarfe.es\/index.php?rest_route=\/wp\/v2\/posts"}],"about":[{"href":"https:\/\/miradordeatarfe.es\/index.php?rest_route=\/wp\/v2\/types\/post"}],"author":[{"embeddable":true,"href":"https:\/\/miradordeatarfe.es\/index.php?rest_route=\/wp\/v2\/users\/1"}],"replies":[{"embeddable":true,"href":"https:\/\/miradordeatarfe.es\/index.php?rest_route=%2Fwp%2Fv2%2Fcomments&post=63478"}],"version-history":[{"count":1,"href":"https:\/\/miradordeatarfe.es\/index.php?rest_route=\/wp\/v2\/posts\/63478\/revisions"}],"predecessor-version":[{"id":63480,"href":"https:\/\/miradordeatarfe.es\/index.php?rest_route=\/wp\/v2\/posts\/63478\/revisions\/63480"}],"wp:featuredmedia":[{"embeddable":true,"href":"https:\/\/miradordeatarfe.es\/index.php?rest_route=\/wp\/v2\/media\/63479"}],"wp:attachment":[{"href":"https:\/\/miradordeatarfe.es\/index.php?rest_route=%2Fwp%2Fv2%2Fmedia&parent=63478"}],"wp:term":[{"taxonomy":"category","embeddable":true,"href":"https:\/\/miradordeatarfe.es\/index.php?rest_route=%2Fwp%2Fv2%2Fcategories&post=63478"},{"taxonomy":"post_tag","embeddable":true,"href":"https:\/\/miradordeatarfe.es\/index.php?rest_route=%2Fwp%2Fv2%2Ftags&post=63478"}],"curies":[{"name":"wp","href":"https:\/\/api.w.org\/{rel}","templated":true}]}}