{"id":63490,"date":"2023-10-05T10:00:25","date_gmt":"2023-10-05T08:00:25","guid":{"rendered":"https:\/\/miradordeatarfe.es\/?p=63490"},"modified":"2023-10-01T19:57:50","modified_gmt":"2023-10-01T17:57:50","slug":"estas-son-las-enfermedades-mas-frecuentes-en-otono","status":"publish","type":"post","link":"https:\/\/miradordeatarfe.es\/?p=63490","title":{"rendered":"Estas son las enfermedades m\u00e1s frecuentes en oto\u00f1o"},"content":{"rendered":"<h3 class=\"v-a-sub-t\" style=\"text-align: justify;\">Covid, catarros, dermatitis at\u00f3pica, asma&#8230; La mayor\u00eda est\u00e1n causadas por virus o tienen un importante componente al\u00e9rgico<\/h3>\n<p class=\"v-p\" style=\"text-align: justify;\">Los cambios tan bruscos de temperatura de los \u00faltimos d\u00edas, la vuelta al trabajo despu\u00e9s de las vacaciones y el inicio de las clases son el caldo de cultivo perfecto para la propagaci\u00f3n de los indeseables virus, a los que hay que sumar las enfermedades propias de esta \u00e9poca del a\u00f1o, que no son pocas. Las salas de espera de los ambulatorios ya se empiezan a llenar de adultos y ni\u00f1os con catarros, gripe, asma, covid \u00aby un mont\u00f3n de &#8216;itis&#8217;. Rinitis, sinusitis, bronquiolitis, artritis, dermatitis&#8230;\u00bb, enumera el doctor Juan Carlos Montalv\u00e1, coordinador del Grupo de Trabajo de Urgencias de la Sociedad Espa\u00f1ola de Atenci\u00f3n Primaria (Semergen). Estas son las patolog\u00edas m\u00e1s frecuentes en oto\u00f1o.<\/p>\n<div class=\"v-c-cmp v-n-mrg\" style=\"text-align: justify;\">\n<h3 class=\"v-d-cmp-sub-hl\">Catarro, gripe y covid<\/h3>\n<\/div>\n<p class=\"v-p\" style=\"text-align: justify;\">Aunque el pico m\u00e1s alto de este tipo de enfermedades se suele registrar m\u00e1s entrado el invierno, este a\u00f1o los m\u00e9dicos de cabecera est\u00e1n viendo muchos pacientes con procesos catarrales m\u00e1s o menos importantes, gripe y covid desde hace semanas. \u00abLa variedad de coronavirus actual es muy contagiosa, pero bastante pobre desde el punto de vista de la gravedad. Tambi\u00e9n se est\u00e1n dando casos de procesos gripales con cuadros de faringitis, amigdalitis, fiebre y, en algunos casos, con una tos que se alarga un poquito m\u00e1s de lo habitual&#8230; Dentro de nada empieza la campa\u00f1a de vacunaci\u00f3n y lo m\u00e1s probable es que estas posibles complicaciones que atendemos ahora tiendan a desaparecer o a ser m\u00e1s flojas\u00bb, aclara el doctor Montalv\u00e1.<\/p>\n<p class=\"v-p\" style=\"text-align: justify;\">\u00abEn primer lugar, debe quedar claro que, tengamos un catarro o una gripe, ambas son enfermedades causadas por virus, de manera que no sirve de nada automedicarse con un antibi\u00f3tico que tengamos en casa\u00bb, alerta Carlos Fern\u00e1ndez Moriano, responsable del \u00c1rea de Divulgaci\u00f3n Cient\u00edfica del Consejo General de Farmac\u00e9uticos. Y en ambos casos lo que se trata son los s\u00edntomas.<\/p>\n<p class=\"v-p\" style=\"text-align: justify;\">\u00abLa mayor\u00eda de las infecciones respiratorias que sufrimos en esta \u00e9poca del a\u00f1o son leves y transitorias. Si lo que tenemos es un peque\u00f1o dolor de cabeza, mocos, un poco de fiebre y malestar puede ser suficiente con tomarnos ibuprofeno o paracentamol. Ahora bien, si el enfermo pertenece a un grupo de riesgo (lactantes, mayores de 65 a\u00f1os, embarazadas, personas inmunodeprimidas, con c\u00e1ncer&#8230;) o si los s\u00edntomas empeoran con el paso del tiempo (fiebre alta, dificultad respiratoria, dolores de cabeza y musculares muy intensos), lo recomendable es pedir cita con el m\u00e9dico de cabecera. La duraci\u00f3n de los s\u00edntomas en el resfriado suele ser de una semana, aunque la tos puede durar hasta quince d\u00edas, mientras que la gripe tarda algo m\u00e1s en desaparecer, en torno a los diez d\u00edas\u00bb, coinciden los especialistas.<\/p>\n<div class=\"v-c-cmp v-n-mrg\" style=\"text-align: justify;\">\n<h3 class=\"v-d-cmp-sub-hl\">Asma y rinitis al\u00e9rgica<\/h3>\n<\/div>\n<p class=\"v-p\" style=\"text-align: justify;\">En esta \u00e9poca del a\u00f1o tambi\u00e9n son frecuentes los episodios de asma, una enfermedad cr\u00f3nica que ya afecta al 5% de la poblaci\u00f3n adulta y al menos a uno de cada diez ni\u00f1os espa\u00f1oles, seg\u00fan los datos que maneja la Sociedad Espa\u00f1ola de Alergolog\u00eda e Inmunolog\u00eda Cl\u00ednica (SEAIC). \u00abAunque las crisis respiratorias pueden desencadenarse en cualquier \u00e9poca del a\u00f1o, los al\u00e9rgicos a las gram\u00edneas suelen padecer m\u00e1s episodios de broncoespasmos en primavera. Sin embargo, en el caso de los pacientes con alergia a los \u00e1caros del polvo, la peor \u00e9poca del a\u00f1o es de septiembre a noviembre porque la prote\u00edna del al\u00e9rgeno est\u00e1 m\u00e1s activa\u00bb, precisa la doctora Montserrat \u00c1lvaro, pediatra alerg\u00f3loga del hospital San Joan de Deu de Barcelona.<\/p>\n<p class=\"v-p\" style=\"text-align: justify;\">La rinitis al\u00e9rgica, cada vez m\u00e1s frecuente, tambi\u00e9n suele tocar techo en los meses de oto\u00f1o y, en este caso, los s\u00edntomas var\u00edan en funci\u00f3n del al\u00e9rgeno que cause la reacci\u00f3n, aunque la mayor\u00eda de pacientes que padecen este tipo de rinitis sufren picores, estornudos y moquera m\u00e1s l\u00edquida y clarita.<\/p>\n<div class=\"v-c-cmp v-n-mrg\" style=\"text-align: justify;\">\n<h3 class=\"v-d-cmp-sub-hl\">Dermatitis at\u00f3pica y acn\u00e9<\/h3>\n<\/div>\n<p class=\"v-p\" style=\"text-align: justify;\">Al igual que ocurre con el asma, las \u00e9pocas del a\u00f1o m\u00e1s cr\u00edticas para la aparici\u00f3n de brotes de dermatitis at\u00f3pica son la primavera y el oto\u00f1o. \u00abLas que responden a alergias ambientales (polen, \u00e1caros&#8230;) suelen dar reacciones muy cortas que se suelen curar con antihistam\u00ednicos y son frecuentes en los meses de septiembre y octubre\u00bb, indica el doctor Montalv\u00e1.<\/p>\n<p class=\"v-p\" style=\"text-align: justify;\">El acn\u00e9 es otra de las patolog\u00edas que se suelen agudizar en oto\u00f1o. \u00abUna de las maneras que tiene la piel de defenderse de las agresiones del sol en verano es aumentando su espesor para evitar que los rayos solares lleguen a las capas m\u00e1s profundas. Lo que ocurre es que este engrosamiento tiene un efecto rebote, que se suele traducir en brotes de acn\u00e9 en esta \u00e9poca del a\u00f1o\u00bb, puntualiza el doctor Eduardo Nagore, jefe del Servicio de Dermatolog\u00eda del Instituto Valenciano de Oncolog\u00eda (IVO).<\/p>\n<div class=\"v-c-cmp v-n-mrg\" style=\"text-align: justify;\">\n<h3 class=\"v-d-cmp-sub-hl\">Artritis y artrosis<\/h3>\n<\/div>\n<p class=\"v-p\" style=\"text-align: justify;\">Los cambios de presi\u00f3n atmosf\u00e9rica propios de esta \u00e9poca tampoco sientan nada bien a las articulaciones y ligamentos de las personas con enfermedades reum\u00e1ticas, como puede ser la artritis o la artrosis. En cuanto a los tratamientos, en el primer caso la lista es interminable: desde antiinflamatorios hasta f\u00e1rmacos biol\u00f3gicos, demoduladores de la inmunidad&#8230; Mientras que en el segundo se suelen recetar f\u00e1rmacos para hacer desaparecer el dolor, tambi\u00e9n se aplican tratamientos locales como inyecciones de \u00e1cido hialur\u00f3nico o corticoides y, en ocasiones, se recomienda rehabilitaci\u00f3n.<\/p>\n<p><a href=\"https:\/\/www.ideal.es\/autor\/carmen-barreiro-3257.html\"><strong>Carmen Barreiro<\/strong><\/a><\/p>\n<p>https:\/\/www.ideal.es\/vivir\/salud\/covid-asma-dermatitis-enfermedades-frecuentes-otono-20230926133946-ntrc.html<\/p>\n","protected":false},"excerpt":{"rendered":"<p>Covid, catarros, dermatitis at\u00f3pica, asma&#8230; La mayor\u00eda est\u00e1n causadas por virus o tienen un importante&#8230;<\/p>\n","protected":false},"author":1,"featured_media":63491,"comment_status":"closed","ping_status":"closed","sticky":false,"template":"","format":"standard","meta":{"_coblocks_attr":"","_coblocks_dimensions":"","_coblocks_responsive_height":"","_coblocks_accordion_ie_support":"","jetpack_post_was_ever_published":false,"_jetpack_newsletter_access":"","_jetpack_dont_email_post_to_subs":false,"_jetpack_newsletter_tier_id":0,"_jetpack_memberships_contains_paywalled_content":false,"_jetpack_memberships_contains_paid_content":false,"footnotes":"","jetpack_publicize_message":"","jetpack_publicize_feature_enabled":true,"jetpack_social_post_already_shared":false,"jetpack_social_options":{"image_generator_settings":{"template":"highway","default_image_id":0,"enabled":false},"version":2}},"categories":[1161,44,6937,15,10],"tags":[60,1275],"class_list":["post-63490","post","type-post","status-publish","format-standard","has-post-thumbnail","hentry","category-ciudadania","category-noticias-de-hoy","category-sociedad","category-ultimas-noticias","category-salud","tag-enfermedades","tag-otono"],"jetpack_publicize_connections":[],"jetpack_featured_media_url":"https:\/\/i0.wp.com\/miradordeatarfe.es\/wp-content\/uploads\/2023\/09\/imagen-web-alergias-otoo-k5aG-U210248019322NMF-758x531%40RC.jpg?fit=758%2C531&ssl=1","jetpack_likes_enabled":true,"jetpack_sharing_enabled":true,"_links":{"self":[{"href":"https:\/\/miradordeatarfe.es\/index.php?rest_route=\/wp\/v2\/posts\/63490","targetHints":{"allow":["GET"]}}],"collection":[{"href":"https:\/\/miradordeatarfe.es\/index.php?rest_route=\/wp\/v2\/posts"}],"about":[{"href":"https:\/\/miradordeatarfe.es\/index.php?rest_route=\/wp\/v2\/types\/post"}],"author":[{"embeddable":true,"href":"https:\/\/miradordeatarfe.es\/index.php?rest_route=\/wp\/v2\/users\/1"}],"replies":[{"embeddable":true,"href":"https:\/\/miradordeatarfe.es\/index.php?rest_route=%2Fwp%2Fv2%2Fcomments&post=63490"}],"version-history":[{"count":1,"href":"https:\/\/miradordeatarfe.es\/index.php?rest_route=\/wp\/v2\/posts\/63490\/revisions"}],"predecessor-version":[{"id":63492,"href":"https:\/\/miradordeatarfe.es\/index.php?rest_route=\/wp\/v2\/posts\/63490\/revisions\/63492"}],"wp:featuredmedia":[{"embeddable":true,"href":"https:\/\/miradordeatarfe.es\/index.php?rest_route=\/wp\/v2\/media\/63491"}],"wp:attachment":[{"href":"https:\/\/miradordeatarfe.es\/index.php?rest_route=%2Fwp%2Fv2%2Fmedia&parent=63490"}],"wp:term":[{"taxonomy":"category","embeddable":true,"href":"https:\/\/miradordeatarfe.es\/index.php?rest_route=%2Fwp%2Fv2%2Fcategories&post=63490"},{"taxonomy":"post_tag","embeddable":true,"href":"https:\/\/miradordeatarfe.es\/index.php?rest_route=%2Fwp%2Fv2%2Ftags&post=63490"}],"curies":[{"name":"wp","href":"https:\/\/api.w.org\/{rel}","templated":true}]}}