{"id":63499,"date":"2023-10-08T08:35:34","date_gmt":"2023-10-08T06:35:34","guid":{"rendered":"https:\/\/miradordeatarfe.es\/?p=63499"},"modified":"2023-10-06T13:44:39","modified_gmt":"2023-10-06T11:44:39","slug":"el-revolucionario-invento-para-jubilar-al-aire-acondicionado-enfria-edificios-sin-gastar-luz","status":"publish","type":"post","link":"https:\/\/miradordeatarfe.es\/?p=63499","title":{"rendered":"El revolucionario invento para jubilar al aire acondicionado: enfr\u00eda edificios sin gastar luz"},"content":{"rendered":"<h3 class=\"article-header__subheading\" style=\"text-align: justify;\">Este material, inspirado en las cotas de malla de <em>El Se\u00f1or de los Anillos<\/em>, bloquea el 70% de la radiaci\u00f3n solar y s\u00f3lo deja pasar el aire para enfriar.<\/h3>\n<p id=\"paragraph_1\" class=\"paragraph\" style=\"text-align: justify;\" data-mrf-recirculation=\"links-parrafos\">El calor se ha hecho esperar este a\u00f1o, pero ha irrumpido con fuerza en toda Espa\u00f1a en esta \u00faltima semana. Para combatirlo el <a href=\"https:\/\/www.elespanol.com\/omicrono\/hardware\/20230507\/acondicionado-xiaomi-instala-facilmente-enfria-habitacion-segundos\/759674323_0.html\" data-mrf-link=\"https:\/\/www.elespanol.com\/omicrono\/hardware\/20230507\/acondicionado-xiaomi-instala-facilmente-enfria-habitacion-segundos\/759674323_0.html\">aire acondicionado<\/a> es el recurso m\u00e1s habitual y eficaz, pero conlleva un importante gasto en energ\u00eda y en muchos casos genera gases contaminantes. Por eso, en los \u00faltimos a\u00f1os ingenieros, dise\u00f1adores y arquitectos buscan <strong>materiales y alternativas constructivas que ayuden a aislar los edificios de forma pasiva<\/strong>. Con el objetivo de reducir el consumo energ\u00e9tico, han llegado innovaciones como <a href=\"https:\/\/www.elespanol.com\/omicrono\/tecnologia\/20230317\/pintura-aisla-grados-ahorra-calefaccion-copiando-naturaleza\/748675270_0.html\" data-mrf-link=\"https:\/\/www.elespanol.com\/omicrono\/tecnologia\/20230317\/pintura-aisla-grados-ahorra-calefaccion-copiando-naturaleza\/748675270_0.html\">la pintura que a\u00edsla tu casa hasta 15 grados<\/a> o el sistema que <a href=\"https:\/\/www.elespanol.com\/omicrono\/tecnologia\/20230625\/ingeniosa-construccion-ahorra-aire-acondicionado-baja-temperatura-grados\/772673015_0.html\" data-mrf-link=\"https:\/\/www.elespanol.com\/omicrono\/tecnologia\/20230625\/ingeniosa-construccion-ahorra-aire-acondicionado-baja-temperatura-grados\/772673015_0.html\">ahorra un 40% en aire acondicionado haciendo circular agua por piezas de terracota<\/a>.<\/p>\n<p id=\"paragraph_2\" class=\"paragraph\" style=\"text-align: justify;\" data-mrf-recirculation=\"links-parrafos\">A veces las mejores soluciones tienen las ra\u00edces m\u00e1s insospechadas. El de este material se remonta a hace m\u00e1s de 2.000 a\u00f1os, cuando empezaron a utilizarse redes de peque\u00f1os anillos met\u00e1licos entrelazados para proteger a los guerreros en las cruentas guerras de la \u00e9poca. La cota de malla se convirti\u00f3 en un complemento indispensable para evitar el filo de las espadas y la punta de las flechas, pero hay quien le ha encontrado otros usos, como\u00a0Kayne Horsham, el hombre detr\u00e1s de Kaynemaile: una malla ligera que <strong>bloquea eficazmente el 70% del sol y permite que el 80% del aire fluya a trav\u00e9s de la cubierta de los edificios<\/strong>, reduciendo la temperatura hasta 12 grados.<\/p>\n<p id=\"paragraph_3\" class=\"paragraph\" style=\"text-align: justify;\" data-mrf-recirculation=\"links-parrafos\">Lo m\u00e1s curioso es el origen del invento: Horsham fue el director art\u00edstico de Criaturas, Armaduras y Armas de la trilog\u00eda de <em>El Se\u00f1or de los Anillos<\/em>, y durante el rodaje\u00a0cre\u00f3 y patent\u00f3 un proceso de moldeo por inyecci\u00f3n para producir en masa cota de malla ligera de policarbonato. Ahora, m\u00e1s de 20 a\u00f1os despu\u00e9s, su creaci\u00f3n se ha convertido en un elemento habitual en fachadas e interiores gracias a sus propiedades, algo que pretenden reforzar con RE\/8. Esta nueva malla, qu\u00edmicamente id\u00e9ntica a la original y con las mismas propiedades, est\u00e1 <strong>fabricada con un pol\u00edmero de biomasa con un 88% de componentes no basados en combustibles f\u00f3siles<\/strong>, lo que reduce significativamente su huella de carbono.\u00a0<\/p>\n<p style=\"text-align: justify;\" data-mrf-recirculation=\"links-parrafos\">Todas las cotas de malla que luc\u00edan los enanos, elfos, caballeros y orcos en <em>El Se\u00f1or de los Anillos<\/em> fueron <strong>fabricadas a mano uniendo 80.000 anillos de polipropileno galv\u00e1nico recubierto de plata pura<\/strong>. Eso implic\u00f3 1.000 horas de trabajo por cada una de ellas, pero permiti\u00f3 que los actores las utilizaran a lo largo del rodaje de toda la trilog\u00eda, sin tener que soportar el peso de una aut\u00e9ntica cota de malla, que pod\u00eda alcanzar m\u00e1s de 10 kilos. El propio Viggo Mortensen, int\u00e9rprete de Aragorn en las pel\u00edculas, fue el encargado de bautizarla como Kaynemaile en honor a su creador, el dise\u00f1ador neozeland\u00e9s Kayne Horsham.<\/p>\n<p>https:\/\/www.elespanol.com\/omicrono\/tecnologia\/20230629\/revolucionario-invento-jubilar-aire-acondicionado-enfria-edificios-sin-gastar-luz\/774422622_0.html?utm_source=pocket-newtab-bff<\/p>\n<p data-mrf-recirculation=\"links-parrafos\">FOTO: <span class=\"article-media__caption-description\">Fachada de un edificio cubierta con Kaynemaile <\/span> <span class=\"article-media__caption-author\">Kaynemaile<\/span> <span class=\"article-media__caption-provider\">Omicrono<\/span><\/p>\n","protected":false},"excerpt":{"rendered":"<p>Este material, inspirado en las cotas de malla de El Se\u00f1or de los Anillos, bloquea&#8230;<\/p>\n","protected":false},"author":1,"featured_media":63500,"comment_status":"closed","ping_status":"closed","sticky":false,"template":"","format":"standard","meta":{"_coblocks_attr":"","_coblocks_dimensions":"","_coblocks_responsive_height":"","_coblocks_accordion_ie_support":"","jetpack_post_was_ever_published":false,"_jetpack_newsletter_access":"","_jetpack_dont_email_post_to_subs":false,"_jetpack_newsletter_tier_id":0,"_jetpack_memberships_contains_paywalled_content":false,"_jetpack_memberships_contains_paid_content":false,"footnotes":"","jetpack_publicize_message":"","jetpack_publicize_feature_enabled":true,"jetpack_social_post_already_shared":false,"jetpack_social_options":{"image_generator_settings":{"template":"highway","default_image_id":0,"enabled":false},"version":2}},"categories":[1161,9,15],"tags":[10680,731],"class_list":["post-63499","post","type-post","status-publish","format-standard","has-post-thumbnail","hentry","category-ciudadania","category-medio-ambiente","category-ultimas-noticias","tag-aire-fresco","tag-calor"],"jetpack_publicize_connections":[],"jetpack_featured_media_url":"https:\/\/i0.wp.com\/miradordeatarfe.es\/wp-content\/uploads\/2023\/09\/Screenshot-2023-09-26-at-18-38-34-El-revolucionario-invento-para-jubilar-al-aire-acondicionado-enfria-edificios-sin-gastar-luz.png?fit=490%2C336&ssl=1","jetpack_likes_enabled":true,"jetpack_sharing_enabled":true,"_links":{"self":[{"href":"https:\/\/miradordeatarfe.es\/index.php?rest_route=\/wp\/v2\/posts\/63499","targetHints":{"allow":["GET"]}}],"collection":[{"href":"https:\/\/miradordeatarfe.es\/index.php?rest_route=\/wp\/v2\/posts"}],"about":[{"href":"https:\/\/miradordeatarfe.es\/index.php?rest_route=\/wp\/v2\/types\/post"}],"author":[{"embeddable":true,"href":"https:\/\/miradordeatarfe.es\/index.php?rest_route=\/wp\/v2\/users\/1"}],"replies":[{"embeddable":true,"href":"https:\/\/miradordeatarfe.es\/index.php?rest_route=%2Fwp%2Fv2%2Fcomments&post=63499"}],"version-history":[{"count":1,"href":"https:\/\/miradordeatarfe.es\/index.php?rest_route=\/wp\/v2\/posts\/63499\/revisions"}],"predecessor-version":[{"id":63501,"href":"https:\/\/miradordeatarfe.es\/index.php?rest_route=\/wp\/v2\/posts\/63499\/revisions\/63501"}],"wp:featuredmedia":[{"embeddable":true,"href":"https:\/\/miradordeatarfe.es\/index.php?rest_route=\/wp\/v2\/media\/63500"}],"wp:attachment":[{"href":"https:\/\/miradordeatarfe.es\/index.php?rest_route=%2Fwp%2Fv2%2Fmedia&parent=63499"}],"wp:term":[{"taxonomy":"category","embeddable":true,"href":"https:\/\/miradordeatarfe.es\/index.php?rest_route=%2Fwp%2Fv2%2Fcategories&post=63499"},{"taxonomy":"post_tag","embeddable":true,"href":"https:\/\/miradordeatarfe.es\/index.php?rest_route=%2Fwp%2Fv2%2Ftags&post=63499"}],"curies":[{"name":"wp","href":"https:\/\/api.w.org\/{rel}","templated":true}]}}