{"id":6350,"date":"2016-02-02T08:13:54","date_gmt":"2016-02-02T08:13:54","guid":{"rendered":"http:\/\/miradordeatarfe.es\/?p=6350"},"modified":"2016-02-02T08:56:00","modified_gmt":"2016-02-02T08:56:00","slug":"guadalinfo-organiza-un-curso-de-iniciacion-a-la-informatica-e-internet","status":"publish","type":"post","link":"https:\/\/miradordeatarfe.es\/?p=6350","title":{"rendered":"Guadalinfo organiza un curso de iniciaci\u00f3n a la inform\u00e1tica e internet"},"content":{"rendered":"<p><span class=\"contenidos_titulo\"><br \/>\n<\/span><span class=\"contenidos_subtitulo\">La formaci\u00f3n se impartir\u00e1 entre el 3 y el 29 de febrero (lunes y mi\u00e9rcoles), en horario de 19 a 21 horas, en las instalaciones del Centro Cultural Medina Elvira. Colabora la Asociaci\u00f3n Homa Digno.<br \/>\n<\/span><br \/>\n<!--more-->\u00a0El <strong>Centro Guadalinfo de Atarfe<\/strong> organiza entre el 3 y el 29 de febrero un <strong>curso de iniciaci\u00f3n a la inform\u00e1tica e internet<\/strong> con el objetivo de que cualquier ciudadano pueda desenvolverse de una forma segura con su ordenador.<\/p>\n<div>La formaci\u00f3n se impartir\u00e1 los lunes y mi\u00e9rcoles en horario de 19 a 21 horas en las instalaciones de Guadalinfo, situadas en el Centro Cultural Medina Elvira y las plazas son limitadas.<\/div>\n<div><\/div>\n<div>El curso se realiza en colaboraci\u00f3n la <strong>Asociaci\u00f3n Homa Digno<\/strong> y los contenidos que se impartir\u00e1n son los siguientes:<\/div>\n<div><\/div>\n<div>-Inform\u00e1tica<\/div>\n<div>-Partes de un ordenador<\/div>\n<div>-Uso del teclado y el rat\u00f3n<\/div>\n<div>-Gesti\u00f3n de archivos<\/div>\n<div>-El navegador web<\/div>\n<div>-Buscador google<\/div>\n<div>-Correo electr\u00f3nico.<\/div>\n<div><\/div>\n<div><strong><u>M\u00e1s informaci\u00f3n y solicitudes<\/u><\/strong>:<\/div>\n<div>Centro Guadalinfo de Atarfe<\/div>\n<div>Tfno.: 958439752<\/div>\n<div>Guadalinfo.atarfe@guadalinfo.es<\/div>\n<p>&nbsp;<\/p>\n","protected":false},"excerpt":{"rendered":"<p>La formaci\u00f3n se impartir\u00e1 entre el 3 y el 29 de febrero (lunes y mi\u00e9rcoles),&#8230;<\/p>\n","protected":false},"author":1,"featured_media":6367,"comment_status":"closed","ping_status":"closed","sticky":false,"template":"","format":"standard","meta":{"_coblocks_attr":"","_coblocks_dimensions":"","_coblocks_responsive_height":"","_coblocks_accordion_ie_support":"","jetpack_post_was_ever_published":false,"_jetpack_newsletter_access":"","_jetpack_dont_email_post_to_subs":false,"_jetpack_newsletter_tier_id":0,"_jetpack_memberships_contains_paywalled_content":false,"_jetpack_memberships_contains_paid_content":false,"footnotes":"","jetpack_publicize_message":"","jetpack_publicize_feature_enabled":true,"jetpack_social_post_already_shared":false,"jetpack_social_options":{"image_generator_settings":{"template":"highway","default_image_id":0,"enabled":false},"version":2}},"categories":[2,44,15],"tags":[2123,1596],"class_list":["post-6350","post","type-post","status-publish","format-standard","has-post-thumbnail","hentry","category-atarfe","category-noticias-de-hoy","category-ultimas-noticias","tag-curso-informatica","tag-homa-digno"],"jetpack_publicize_connections":[],"jetpack_featured_media_url":"https:\/\/i0.wp.com\/miradordeatarfe.es\/wp-content\/uploads\/2016\/02\/12642490_975718645835889_7176144097394646655_n.jpg?fit=842%2C596&ssl=1","jetpack_likes_enabled":true,"jetpack_sharing_enabled":true,"_links":{"self":[{"href":"https:\/\/miradordeatarfe.es\/index.php?rest_route=\/wp\/v2\/posts\/6350","targetHints":{"allow":["GET"]}}],"collection":[{"href":"https:\/\/miradordeatarfe.es\/index.php?rest_route=\/wp\/v2\/posts"}],"about":[{"href":"https:\/\/miradordeatarfe.es\/index.php?rest_route=\/wp\/v2\/types\/post"}],"author":[{"embeddable":true,"href":"https:\/\/miradordeatarfe.es\/index.php?rest_route=\/wp\/v2\/users\/1"}],"replies":[{"embeddable":true,"href":"https:\/\/miradordeatarfe.es\/index.php?rest_route=%2Fwp%2Fv2%2Fcomments&post=6350"}],"version-history":[{"count":1,"href":"https:\/\/miradordeatarfe.es\/index.php?rest_route=\/wp\/v2\/posts\/6350\/revisions"}],"predecessor-version":[{"id":6351,"href":"https:\/\/miradordeatarfe.es\/index.php?rest_route=\/wp\/v2\/posts\/6350\/revisions\/6351"}],"wp:featuredmedia":[{"embeddable":true,"href":"https:\/\/miradordeatarfe.es\/index.php?rest_route=\/wp\/v2\/media\/6367"}],"wp:attachment":[{"href":"https:\/\/miradordeatarfe.es\/index.php?rest_route=%2Fwp%2Fv2%2Fmedia&parent=6350"}],"wp:term":[{"taxonomy":"category","embeddable":true,"href":"https:\/\/miradordeatarfe.es\/index.php?rest_route=%2Fwp%2Fv2%2Fcategories&post=6350"},{"taxonomy":"post_tag","embeddable":true,"href":"https:\/\/miradordeatarfe.es\/index.php?rest_route=%2Fwp%2Fv2%2Ftags&post=6350"}],"curies":[{"name":"wp","href":"https:\/\/api.w.org\/{rel}","templated":true}]}}