{"id":63514,"date":"2023-09-28T10:27:20","date_gmt":"2023-09-28T08:27:20","guid":{"rendered":"https:\/\/miradordeatarfe.es\/?p=63514"},"modified":"2023-09-27T12:31:39","modified_gmt":"2023-09-27T10:31:39","slug":"el-discurso-de-un-perdedor","status":"publish","type":"post","link":"https:\/\/miradordeatarfe.es\/?p=63514","title":{"rendered":"El discurso de un perdedor"},"content":{"rendered":"<aside class=\"header-links\" data-mrf-recirculation=\"hoy-hablamos-de\"><\/aside>\n<div class=\"row row__content\"><main class=\"content__wrapper\"><\/p>\n<div class=\"c-header\">\n<div class=\"news-header\">\n<h3 style=\"text-align: justify;\">No ha sido un discurso de investidura, sino el mitin de un perdedor. Nos acostumbramos a ritos poco saludables: demasiado esfuerzo para una ceremonia est\u00e9ril. \u00datil tan solo para conocer mejor el Congreso que ha salido de las urnas y asistir a una funci\u00f3n en el que todos se iban retratando.<\/h3>\n<\/div>\n<\/div>\n<p><\/main><\/div>\n<div class=\"content-container col-12 col-lg-8\">\n<div class=\"c-content\">\n<div class=\"partner-wrapper article-page__body-row \">\n<div class=\"second-col\">\n<p class=\"article-text\" style=\"text-align: justify;\">La prensa del martes se desparramaba hablando de las <em>indignidades<\/em> que iba a denunciar Feij\u00f3o, de su apuesta por<em> la igualdad<\/em> nada menos, <a class=\"link\" href=\"https:\/\/twitter.com\/rosamariaartal\/status\/1706644657059365156\" target=\"_blank\" rel=\"noopener\" data-mrf-recirculation=\"links-noticia\" data-mrf-link=\"https:\/\/twitter.com\/rosamariaartal\/status\/1706644657059365156\">de sus principios<\/a>, a trav\u00e9s de todas esas flagrantes contradicciones a las que nos acostumbran y que han vaciado de estudiantes las Facultades de periodismo. Hablando de principios, igual se refieren al de transposici\u00f3n de Goebbels en toda su crudeza: <em>cargar sobre el adversario los propios errores o defectos.<\/em><\/p>\n<p class=\"article-text\" style=\"text-align: justify;\">Y as\u00ed se ha iniciado la que parec\u00eda una pataleta de Feij\u00f3o llena de invectivas hacia Pedro S\u00e1nchez a cuenta de su pasado, presente y futuro. La entrada con la amnist\u00eda ya indicaba que no habr\u00eda m\u00e1s. A salvo de la habitual retah\u00edla de mentiras. Gruesas. Feij\u00f3o ha vuelto a soltar toda su producci\u00f3n de bulos. Desde la macro y microeconom\u00eda a las pensiones, todo el repertorio. Le dejaron en rid\u00edculo en el pasado, pero parece que no para los suyos. <a class=\"link\" href=\"https:\/\/www.eldiario.es\/politica\/debate-investidura-feijoo-directo_6_10544627_1103060.html\" target=\"_blank\" rel=\"noopener\" data-mrf-recirculation=\"links-noticia\" data-mrf-link=\"https:\/\/www.eldiario.es\/politica\/debate-investidura-feijoo-directo_6_10544627_1103060.html\">Aqu\u00ed en el resumen de elDiario.es encontrar\u00e1n unos cuantos<\/a>. Lo m\u00e1s burdo quiz\u00e1s, decir: \u201cTengo a mi alcance los votos para ser presidente del Gobierno\u201d, a\u00f1adiendo que \u00e9l tiene principios y no quiere pagar el precio que implica. Es mentira. Junts y Vox son antag\u00f3nicos, si cuenta con uno, no puede tener al otro. Y de hecho nadie m\u00e1s que Vox y UPN y CC a raz\u00f3n de un diputado, estos \u00faltimos, le apoya. No ha conseguido m\u00e1s. Ese es el problema electoral del PP a nivel nacional.\u00a0<\/p>\n<p class=\"article-text\" style=\"text-align: justify;\">Ha pasado despu\u00e9s Feij\u00f3o a hablar otra vez en futuro como presidente de <em>lo que va a hacer,<\/em> con todo su ideario notablemente conservador y un sinf\u00edn de contradicciones. No comparte \u201cla dictadura activista del cambio clim\u00e1tico\u201d, la econom\u00eda verde, s\u00ed, dice. Tampoco comparte \u201ccontrolar la Justicia\u201d <a class=\"link\" href=\"https:\/\/twitter.com\/eldiarioes\/status\/1706623509617602625\" target=\"_blank\" rel=\"noopener\" data-mrf-recirculation=\"links-noticia\" data-mrf-link=\"https:\/\/twitter.com\/eldiarioes\/status\/1706623509617602625\">tras cinco a\u00f1os de bloqueo del PP al CGPJ<\/a>. En su mitin ha ido entrando en lo sucio y marrullero y ha dicho: \u201cNo comparto que se les llame fachas con toga a los jueces que aplican una ley mal hecha\u201d. No se ha dejado detalle sin enfangar.<\/p>\n<p class=\"article-text\" style=\"text-align: justify;\">La sorpresa ha llegado por la tarde con la intervenci\u00f3n de \u00d3scar Puente, ex alcalde de Valladolid, por el PSOE. El PP se ha incomodado visiblemente porque no subiera al estrado S\u00e1nchez y han gritado: <em>cobarde, cobarde<\/em>, mientras \u00e9l sonre\u00eda. Puente ha vapuleado a Feij\u00f3o de tal forma que la bancada popular ha llegado al pataleo, pero no dec\u00eda ninguna mentira. \u201cNo pierdan el tiempo buscando traidores, pierdan la esperanza de quebrar a este PSOE\u201d, ha afirmado con rotundidad. Y un buen diagn\u00f3stico: que no busquen los males del PP fuera del PP, recordando hitos bastante sonrojantes de su \u00faltima trayectoria. Sensibles o\u00eddos del periodismo que conocemos han criticado la elecci\u00f3n de Puente para contestar a Feij\u00f3o, incluso han usado la palabra de moda: la humillaci\u00f3n, pero se trata de una investidura de contenido evanescente y esto, como poco, es la guerra, y hay que estar en el frente para no perder. Lamentablemente.<\/p>\n<p class=\"article-text\" style=\"text-align: justify;\">Los escribas del PP m\u00e1s aplicados iban pasando de los encendidos elogios a<a class=\"link\" href=\"https:\/\/twitter.com\/rosamariaartal\/status\/1706694820448567345\" target=\"_blank\" rel=\"noopener\" data-mrf-recirculation=\"links-noticia\" data-mrf-link=\"https:\/\/twitter.com\/rosamariaartal\/status\/1706694820448567345\"> la sorpresa y\u00a0el insulto a S\u00e1nchez por su supuesta cobard\u00eda<\/a>. Tranquilos, el reglamento le permite hablar cuando quiera. Y la parodia de investidura no merece mucho m\u00e1s.<\/p>\n<p class=\"article-text\" style=\"text-align: justify;\">Feij\u00f3o volv\u00eda a subir al ring para ser nuevamente noqueado entre los vivas de sus compa\u00f1eros de partido. Cada vez recordaba m\u00e1s a su predecesor en investiduras fallidas, Ramon Tamames, el que fuera presentado por Vox.\u00a0El otro iba a sacar tajada, Feij\u00f3o parece no enterarse de qu\u00e9 forma se esta inmolando dada la elevada autoestima que refleja, lo mucho que se gusta.<\/p>\n<p class=\"article-text\" style=\"text-align: justify;\">El PP se romp\u00eda las manos de aplaudir como si pidiera bises a su presidente actual. En la memoria, el pasado reciente de c\u00f3mo se las gasta la organizaci\u00f3n con sus perdedores.<\/p>\n<div class=\"featured-data\" style=\"text-align: justify;\"><a class=\"featured-name\" href=\"https:\/\/www.eldiario.es\/autores\/rosa_maria_artal\/\"><strong>Rosa Mar\u00eda Artal<\/strong><\/a><\/p>\n<div class=\"edi-save\">\n<div class=\"featured-subscription\">\u00a0<\/div>\n<\/div>\n<\/div>\n<div>FOTO:<span class=\"title\">El l\u00edder del PP y candidato a la Presidencia del Gobierno, Alberto N\u00fa\u00f1ez Feij\u00f3o <span class=\"author\"> Eduardo Parra &#8211; Europa Press<\/span><\/span><\/div>\n<div>\u00a0<\/div>\n<div>https:\/\/www.eldiario.es\/opinion\/zona-critica\/discurso-perdedor_129_10546971.html<\/div>\n<\/div>\n<\/div>\n<\/div>\n<\/div>\n","protected":false},"excerpt":{"rendered":"<p>No ha sido un discurso de investidura, sino el mitin de un perdedor. Nos acostumbramos&#8230;<\/p>\n","protected":false},"author":1,"featured_media":63515,"comment_status":"closed","ping_status":"closed","sticky":false,"template":"","format":"standard","meta":{"_coblocks_attr":"","_coblocks_dimensions":"","_coblocks_responsive_height":"","_coblocks_accordion_ie_support":"","jetpack_post_was_ever_published":false,"_jetpack_newsletter_access":"","_jetpack_dont_email_post_to_subs":false,"_jetpack_newsletter_tier_id":0,"_jetpack_memberships_contains_paywalled_content":false,"_jetpack_memberships_contains_paid_content":false,"footnotes":"","jetpack_publicize_message":"","jetpack_publicize_feature_enabled":true,"jetpack_social_post_already_shared":false,"jetpack_social_options":{"image_generator_settings":{"template":"highway","default_image_id":0,"enabled":false},"version":2}},"categories":[1161,44,7671,15],"tags":[10682,9034],"class_list":["post-63514","post","type-post","status-publish","format-standard","has-post-thumbnail","hentry","category-ciudadania","category-noticias-de-hoy","category-politica","category-ultimas-noticias","tag-discurso-de-investidura","tag-feijoo"],"jetpack_publicize_connections":[],"jetpack_featured_media_url":"https:\/\/i0.wp.com\/miradordeatarfe.es\/wp-content\/uploads\/2023\/09\/e3b847eb-bbce-4bcd-9bbb-929d91021a3d_16-9-aspect-ratio_default_0.webp?fit=880%2C495&ssl=1","jetpack_likes_enabled":true,"jetpack_sharing_enabled":true,"_links":{"self":[{"href":"https:\/\/miradordeatarfe.es\/index.php?rest_route=\/wp\/v2\/posts\/63514","targetHints":{"allow":["GET"]}}],"collection":[{"href":"https:\/\/miradordeatarfe.es\/index.php?rest_route=\/wp\/v2\/posts"}],"about":[{"href":"https:\/\/miradordeatarfe.es\/index.php?rest_route=\/wp\/v2\/types\/post"}],"author":[{"embeddable":true,"href":"https:\/\/miradordeatarfe.es\/index.php?rest_route=\/wp\/v2\/users\/1"}],"replies":[{"embeddable":true,"href":"https:\/\/miradordeatarfe.es\/index.php?rest_route=%2Fwp%2Fv2%2Fcomments&post=63514"}],"version-history":[{"count":1,"href":"https:\/\/miradordeatarfe.es\/index.php?rest_route=\/wp\/v2\/posts\/63514\/revisions"}],"predecessor-version":[{"id":63516,"href":"https:\/\/miradordeatarfe.es\/index.php?rest_route=\/wp\/v2\/posts\/63514\/revisions\/63516"}],"wp:featuredmedia":[{"embeddable":true,"href":"https:\/\/miradordeatarfe.es\/index.php?rest_route=\/wp\/v2\/media\/63515"}],"wp:attachment":[{"href":"https:\/\/miradordeatarfe.es\/index.php?rest_route=%2Fwp%2Fv2%2Fmedia&parent=63514"}],"wp:term":[{"taxonomy":"category","embeddable":true,"href":"https:\/\/miradordeatarfe.es\/index.php?rest_route=%2Fwp%2Fv2%2Fcategories&post=63514"},{"taxonomy":"post_tag","embeddable":true,"href":"https:\/\/miradordeatarfe.es\/index.php?rest_route=%2Fwp%2Fv2%2Ftags&post=63514"}],"curies":[{"name":"wp","href":"https:\/\/api.w.org\/{rel}","templated":true}]}}