{"id":63518,"date":"2023-10-02T08:52:10","date_gmt":"2023-10-02T06:52:10","guid":{"rendered":"https:\/\/miradordeatarfe.es\/?p=63518"},"modified":"2023-09-27T13:13:41","modified_gmt":"2023-09-27T11:13:41","slug":"mas-de-un-tercio-de-los-espanoles-no-tiene-competencias-digitales-basicas-pero-espana-esta-por-encima-de-la-media-de-la-ue","status":"publish","type":"post","link":"https:\/\/miradordeatarfe.es\/?p=63518","title":{"rendered":"M\u00e1s de un tercio de los espa\u00f1oles no tiene competencias digitales b\u00e1sicas, pero Espa\u00f1a est\u00e1 por encima de la media de la UE"},"content":{"rendered":"<h3 class=\"article-text\" style=\"text-align: justify;\">Digitalizar la sociedad y la econom\u00eda para pelear en un <a class=\"link\" href=\"https:\/\/www.eldiario.es\/economia\/bruselas-asume-carencias-estrategicas-plantea-plan-extraer-10-materias-primas-consume_1_10038649.html\" target=\"_blank\" rel=\"noopener\" data-mrf-recirculation=\"links-noticia\" data-mrf-link=\"https:\/\/www.eldiario.es\/economia\/bruselas-asume-carencias-estrategicas-plantea-plan-extraer-10-materias-primas-consume_1_10038649.html\">mundo cada vez m\u00e1s competitivo<\/a>.<\/h3>\n<p style=\"text-align: justify;\">Bruselas apremia a los 27 a dar pasos hacia la digitalizaci\u00f3n en el primer informe que analiza la situaci\u00f3n actual. El c\u00e1lculo de la Comisi\u00f3n Europea es que alcanzar los objetivos digitales que ha marcado supondr\u00eda una prosperidad econ\u00f3mica equivalente al 21% de la econom\u00eda actual.<\/p>\n<p class=\"article-text\" style=\"text-align: justify;\">Ese es el objetivo que se ha marcado Bruselas en iniciativas como la <a class=\"link\" href=\"https:\/\/www.eldiario.es\/canariasahora\/impulsa-startups\/2030-europa-accion-digital-decada-digitalizacion-impulsa-startups-impulsa-ventures_1_9856885.html\" target=\"_blank\" rel=\"noopener\" data-mrf-recirculation=\"links-noticia\" data-mrf-link=\"https:\/\/www.eldiario.es\/canariasahora\/impulsa-startups\/2030-europa-accion-digital-decada-digitalizacion-impulsa-startups-impulsa-ventures_1_9856885.html\">D\u00e9cada Digital<\/a> con la que pretende cumplir unos objetivos para 2030 de los que los estados a\u00fan est\u00e1n lejos, seg\u00fan se desprende del primer informe anual. Por eso apremia a los 27 a ponerse las pilas para alcanzar unas metas que estima que supondr\u00edan 2,8 trillones de euros en t\u00e9rminos econ\u00f3micos, lo que supone un 21% de la econom\u00eda actual. Espa\u00f1a est\u00e1 en la media europea en casi todas las variables analizadas, pero el estudio arroja datos sorprendentes. M\u00e1s de un tercio de la poblaci\u00f3n espa\u00f1ola no tiene competencias digitales b\u00e1sicas. A\u00fan as\u00ed, esa cifra es superior a la media europea.<i class=\"right-arrow-icon fal fa-chevron-right\"><\/i><\/p>\n<p class=\"article-text\" style=\"text-align: justify;\">\u201cEspa\u00f1a es un buen ejecutante en al menos las competencias digitales b\u00e1sicas y medias, con un 64% y un 38% de la poblaci\u00f3n, respectivamente, lo que est\u00e1 por encima de la media de la UE\u201d, se\u00f1ala el informe en la parte relativa a nuestro pa\u00eds. El objetivo para 2030 es que al menos el 80% de las personas de 16 a 74 a\u00f1os posean al menos competencias digitales b\u00e1sicas.<\/p>\n<p class=\"article-text\" style=\"text-align: justify;\">La preocupaci\u00f3n de Bruselas es que la UE se quede atr\u00e1s en un mercado \u2013el de la Tecnolog\u00eda de la Informaci\u00f3n y las Comunicaciones (TIC)\u2013 que alcanzar\u00e1 los seis billones de euros en 2023. \u201cLa posici\u00f3n de la UE en el ecosistema mundial podr\u00eda mejorarse sustancialmente. Y lo que es m\u00e1s importante, la cuota de la UE en los ingresos en el mercado de las TIC ha ca\u00eddo dr\u00e1sticamente en la \u00faltima d\u00e9cada, del 21,8 % en 2013 al 11,3% en 2022, mientras que la cuota de EEUU aument\u00f3 del 26,8% al 36%\u201d, se\u00f1ala el informe de la Comisi\u00f3n Europea.<\/p>\n<p class=\"article-text\" style=\"text-align: justify;\">El problema se reproduce tambi\u00e9n en el n\u00famero de profesionales que tiene ese sector, donde la Comisi\u00f3n Europea admite tener una \u201cimportante escasez de especialistas\u201d. En el caso de Espa\u00f1a, est\u00e1 ligeramente por debajo de la media europea (4,3% del total frente al 4,6%), aunque el porcentaje de licenciados es algo superior (4,8% frente a 4,2%). El objetivo es alcanzar los 20 millones de profesionales a nivel europeo en ese sector dentro de siete a\u00f1os. \u201cEspa\u00f1a est\u00e1 implementando bastantes medidas para incrementar el n\u00famero de especialistas de las TIC, especialmente con la ley para modernizar la Formaci\u00f3n Profesional o la nueva especializaci\u00f3n en Inteligencia Artificial y Big Data\u201d, concede el ejecutivo comunitario.<\/p>\n<p class=\"article-text\" style=\"text-align: justify;\">Adem\u00e1s, Bruselas advierte de que se debe revertir la brecha de g\u00e9nero: el 81% de los empleados relacionados con las TIC son hombres, a pesar de que el 51% de la sociedad son mujeres. En el caso de Espa\u00f1a, el desequilibrio es ligeramente superior puesto que s\u00f3lo el 18% de las trabajadoras de las TIC son mujeres.<\/p>\n<p class=\"article-text\" style=\"text-align: justify;\">En lo que Espa\u00f1a est\u00e1 m\u00e1s avanzada en t\u00e9rminos generales respecto a la media europea es en despliegue de infraestructuras, especialmente en conectividad. Est\u00e1 20 puntos por encima en las redes de alta capacidad (93% vs 73%) y la cobertura de fibra tiene un amplio margen (91% frente al 56% del conjunto del continente). En lo que saca menos ventaja es en la cobertura del 5G (82% frente al 81% espa\u00f1ol) por los retrasos iniciales en su implantaci\u00f3n. El informe encomienda a Espa\u00f1a a que siga \u201cacelerando\u201d la cobertura del 5G, principalmente en las ciudades, en las zonas rurales y en las f\u00e1bricas, para cumplir con los objetivos digitales que la UE se ha marcado para el a\u00f1o 2030, entre ellos, que esta red llegue a todas las zonas pobladas en ese a\u00f1o. Como meta intermedia, la UE aspira a que en 2025, la cobertura llegue a todas las \u00e1reas urbanas y las principales rutas de transporte.<\/p>\n<div class=\"second-col\">\n<figure class=\"ni-figure\"><figcaption class=\"image-footer\"><span class=\"title\"><strong><a href=\"https:\/\/www.eldiario.es\/autores\/irene_castro\/\" data-mrf-link=\"https:\/\/www.eldiario.es\/autores\/irene_castro\/\">Irene Castro<\/a><\/strong><\/p>\n<p>FOTO:Imagen de archivo del teclado de un ordenador. EFE\/Iv\u00e1n Mej\u00eda <\/span><\/figcaption><\/figure>\n<\/div>\n<footer class=\"news-info  has-button-follow\" data-mrf-recirculation=\"firma\">\n<div class=\"info-wrapper\">\n<p>https:\/\/www.eldiario.es\/tecnologia\/tercio-espanoles-no-competencias-digitales-basicas-espana-media-ue_1_10548804.html<\/p>\n<\/div>\n<\/footer>\n","protected":false},"excerpt":{"rendered":"<p>Digitalizar la sociedad y la econom\u00eda para pelear en un mundo cada vez m\u00e1s competitivo&#8230;.<\/p>\n","protected":false},"author":1,"featured_media":63519,"comment_status":"closed","ping_status":"closed","sticky":false,"template":"","format":"standard","meta":{"_coblocks_attr":"","_coblocks_dimensions":"","_coblocks_responsive_height":"","_coblocks_accordion_ie_support":"","jetpack_post_was_ever_published":false,"_jetpack_newsletter_access":"","_jetpack_dont_email_post_to_subs":false,"_jetpack_newsletter_tier_id":0,"_jetpack_memberships_contains_paywalled_content":false,"_jetpack_memberships_contains_paid_content":false,"footnotes":"","jetpack_publicize_message":"","jetpack_publicize_feature_enabled":true,"jetpack_social_post_already_shared":false,"jetpack_social_options":{"image_generator_settings":{"template":"highway","default_image_id":0,"enabled":false},"version":2}},"categories":[1161,44,7671,6937,6920,15],"tags":[8160,4049],"class_list":["post-63518","post","type-post","status-publish","format-standard","has-post-thumbnail","hentry","category-ciudadania","category-noticias-de-hoy","category-politica","category-sociedad","category-tecnologia","category-ultimas-noticias","tag-competencias-digitales","tag-digitalizacion"],"jetpack_publicize_connections":[],"jetpack_featured_media_url":"https:\/\/i0.wp.com\/miradordeatarfe.es\/wp-content\/uploads\/2023\/09\/25aee093-11c3-44a4-89bf-0b84dabdce4d_16-9-discover-aspect-ratio_default_0.webp?fit=1200%2C675&ssl=1","jetpack_likes_enabled":true,"jetpack_sharing_enabled":true,"_links":{"self":[{"href":"https:\/\/miradordeatarfe.es\/index.php?rest_route=\/wp\/v2\/posts\/63518","targetHints":{"allow":["GET"]}}],"collection":[{"href":"https:\/\/miradordeatarfe.es\/index.php?rest_route=\/wp\/v2\/posts"}],"about":[{"href":"https:\/\/miradordeatarfe.es\/index.php?rest_route=\/wp\/v2\/types\/post"}],"author":[{"embeddable":true,"href":"https:\/\/miradordeatarfe.es\/index.php?rest_route=\/wp\/v2\/users\/1"}],"replies":[{"embeddable":true,"href":"https:\/\/miradordeatarfe.es\/index.php?rest_route=%2Fwp%2Fv2%2Fcomments&post=63518"}],"version-history":[{"count":1,"href":"https:\/\/miradordeatarfe.es\/index.php?rest_route=\/wp\/v2\/posts\/63518\/revisions"}],"predecessor-version":[{"id":63520,"href":"https:\/\/miradordeatarfe.es\/index.php?rest_route=\/wp\/v2\/posts\/63518\/revisions\/63520"}],"wp:featuredmedia":[{"embeddable":true,"href":"https:\/\/miradordeatarfe.es\/index.php?rest_route=\/wp\/v2\/media\/63519"}],"wp:attachment":[{"href":"https:\/\/miradordeatarfe.es\/index.php?rest_route=%2Fwp%2Fv2%2Fmedia&parent=63518"}],"wp:term":[{"taxonomy":"category","embeddable":true,"href":"https:\/\/miradordeatarfe.es\/index.php?rest_route=%2Fwp%2Fv2%2Fcategories&post=63518"},{"taxonomy":"post_tag","embeddable":true,"href":"https:\/\/miradordeatarfe.es\/index.php?rest_route=%2Fwp%2Fv2%2Ftags&post=63518"}],"curies":[{"name":"wp","href":"https:\/\/api.w.org\/{rel}","templated":true}]}}