{"id":63521,"date":"2024-11-13T08:40:00","date_gmt":"2024-11-13T07:40:00","guid":{"rendered":"https:\/\/miradordeatarfe.es\/?p=63521"},"modified":"2024-11-05T14:11:04","modified_gmt":"2024-11-05T13:11:04","slug":"la-precariedad-de-las-pensiones-en-alemania-un-millon-de-jubilados-tiene-que-seguir-trabajando-con-67-anos","status":"publish","type":"post","link":"https:\/\/miradordeatarfe.es\/?p=63521","title":{"rendered":"La precariedad de las pensiones en Alemania: un mill\u00f3n de jubilados tiene que seguir trabajando con 67 a\u00f1os"},"content":{"rendered":"<h3 style=\"text-align: justify;\">De acuerdo con datos del Ministerio de Trabajo alem\u00e1n, tras una vida laboral en la que se cotizaron 45 a\u00f1os, la jubilaci\u00f3n media en Alemania est\u00e1 en 1.543 euros. Del mill\u00f3n de jubilados que trabajan, algo m\u00e1s de 800.000 mayores est\u00e1n empleados en la forma m\u00e1s precaria que existe, los llamados &#8216;mini-jobs&#8217;<\/h3>\n<p class=\"article-text\" style=\"text-align: justify;\">Alemania es un pa\u00eds rico, la cuarta econom\u00eda del mundo y la mayor de Europa. Pero hay un oscuro reverso en este estatus de potencia econ\u00f3mica que afloraba esta semanas gracias a la labor parlamentaria del partido izquierdista\u00a0<em>Die Linke<\/em>.<\/p>\n<h3 style=\"text-align: justify;\"><a class=\"news-know-more partner-vertical-tablet-desktop\" href=\"https:\/\/www.eldiario.es\/economia\/conservadores-alemanes-aceptan-impuestos-ricos_1_10498333.html\" data-mrf-recirculation=\"saber-mas\" data-mrf-link=\"https:\/\/www.eldiario.es\/economia\/conservadores-alemanes-aceptan-impuestos-ricos_1_10498333.html\"><picture class=\"know-more-img\"><source srcset=\"https:\/\/static.eldiario.es\/clip\/c278d4b4-410c-413e-b2be-3e7c83db5487_16-9-aspect-ratio_50p_0.webp\" type=\"image\/webp\" media=\"(max-width: 768px)\" \/><source srcset=\"https:\/\/static.eldiario.es\/clip\/c278d4b4-410c-413e-b2be-3e7c83db5487_16-9-aspect-ratio_50p_0.jpg\" type=\"image\/jpg\" media=\"(max-width: 768px)\" \/><source srcset=\"https:\/\/static.eldiario.es\/clip\/c278d4b4-410c-413e-b2be-3e7c83db5487_16-9-aspect-ratio_50p_0.webp\" type=\"image\/webp\" media=\"(min-width: 769px)\" \/><source srcset=\"https:\/\/static.eldiario.es\/clip\/c278d4b4-410c-413e-b2be-3e7c83db5487_16-9-aspect-ratio_50p_0.jpg\" type=\"image\/jpg\" media=\"(min-width: 769px)\" \/><source srcset=\"https:\/\/static.eldiario.es\/clip\/c278d4b4-410c-413e-b2be-3e7c83db5487_16-9-aspect-ratio_default_0.webp\" type=\"image\/webp\" \/><\/picture><\/a><q class=\"know-more\"><\/q>Los conservadores alemanes aceptan m\u00e1s impuestos para los m\u00e1s ricos<\/h3>\n<div class=\"know-more-link\" style=\"text-align: justify;\">M\u00e1s en este partido tienen la costumbre de preguntar al Gobierno en el Parlamento c\u00f3mo va la evoluci\u00f3n del empleo en aquellas personas con m\u00e1s de 67 a\u00f1os. Gracias a esos interrogantes, se puede apreciar que en la evoluci\u00f3n del mercado de trabajo alem\u00e1n hay un problema. Hay cientos de miles de personas mayores que no pueden dejar de trabajar o que, si se han jubilado, han tenido que volver al trabajo. Cada a\u00f1o que pasa, este colectivo es m\u00e1s numeroso.<\/div>\n<p class=\"article-text\" style=\"text-align: justify;\">Seg\u00fan informaba el lunes la Red de Redacciones de Alemania (RND)<em>,<\/em>\u00a0el Ministerio de Trabajo del pa\u00eds del canciller Olaf Scholz ha anunciado que en 2023 eran 56.105 personas mayores m\u00e1s las que se sumaban al buen mill\u00f3n de ciudadanos germanos que siguen trabajando m\u00e1s all\u00e1 de los 67 a\u00f1os. Esta es la edad que, por regla general, sirve de referencia para entrar en la jubilaci\u00f3n. Es la edad que tienen como horizonte para jubilarse los nacidos despu\u00e9s de 1964.<\/p>\n<p class=\"article-text\" style=\"text-align: justify;\">\u201cCada vez son m\u00e1s los pensionistas que trabajan en Alemania\u201d, apuntaban en la\u00a0RND, dando cuenta de una informaci\u00f3n que ha sido replicada a diestro y siniestro en el panorama medi\u00e1tico teut\u00f3n. La\u00a0RND<em>\u00a0<\/em>presentaba los datos sobre esos exactamente 1.123.000 alemanes al haber tenido acceso al intercambio de preguntas y respuestas mantenido entre el Grupo Parlamentario de\u00a0<em>Die Linke<\/em>\u00a0y el Gobierno alem\u00e1n.<\/p>\n<p class=\"article-text\" style=\"text-align: justify;\">La gran mayor\u00eda de esos mayores trabajan en lo que aqu\u00ed se conoce como &#8216;<em>mini-job&#8217;<\/em>, una de las m\u00e1s institucionalizadas formas de trabajo precario que existen en Alemania. La remuneraci\u00f3n de esos \u201cmini-trabajos\u201d es de 520 euros al mes. Para los empresarios, esta figura de empleado est\u00e1 libre de algunas cotizaciones sociales (desempleo y dependencia e incluso, llegado el caso, de jubilaci\u00f3n y seguridad social).<\/p>\n<p class=\"article-text\" style=\"text-align: justify;\">De acuerdo con las cuentas que ha pedido al Ministerio de Trabajo\u00a0<em>Die Linke\u00a0<\/em>y que ha reproducido la\u00a0RND, son hasta 870.000 los alemanes mayores de 67 a\u00f1os que trabajan con contratos de &#8216;<em>mini-job<\/em>&#8216;. Esa cifra ronda el n\u00famero total de alemanes mayores de 67 a\u00f1os que el Gobierno alem\u00e1n contaba como trabajando en 2015. De ah\u00ed que S\u00f6ren Pellmann sea de los responsables de\u00a0<em>Die Linke\u00a0<\/em>que hagan sonar las alarmas.<\/p>\n<h3 class=\"article-text\" style=\"text-align: justify;\">\u201cEl sistema de pensiones est\u00e1 roto\u201d<\/h3>\n<p class=\"article-text\" style=\"text-align: justify;\">\u201cCada vez hay m\u00e1s gente que tiene que trabajar m\u00e1s all\u00e1 de los 67 a\u00f1os, lo cual es una triste evoluci\u00f3n y un s\u00edntoma de que el sistema de pensiones est\u00e1 roto. Para muchos, no se trata de una decisi\u00f3n voluntaria, sino necesaria para llegar a fin de mes\u201d, ha se\u00f1alado Pellmann en unas declaraciones difundidas por su su grupo parlamentario.<\/p>\n<p class=\"article-text\" style=\"text-align: justify;\">Dietmar Bartsch, el l\u00edder de\u00a0<em>Die Linke\u00a0<\/em>en el\u00a0<em>Bundestag<\/em>, lleva ya meses pidiendo mejoras en el sistema de pensiones alem\u00e1n. \u00c9l quisiera ver instalado un montante m\u00ednimo de 1.200 euros mensuales para los jubilados germanos. De acuerdo con datos del Ministerio de Trabajo solicitados y hechos p\u00fablicos por Bartsch, tras una vida laboral en la que se cotizaron 45 a\u00f1os, la jubilaci\u00f3n media en Alemania est\u00e1 en 1.543 euros.<\/p>\n<p class=\"article-text\" style=\"text-align: justify;\">Antes de que la crisis energ\u00e9tica desatada por la guerra de Rusia contra Ucrania llevara la inflaci\u00f3n en Alemania a niveles de r\u00e9cord \u2013los precios subieron un 7,9% en 2022\u2013, ya era\u00a0<a class=\"link\" href=\"https:\/\/www.eldiario.es\/economia\/alemanes-movilizan-jubilacion-amenaza-pobreza_1_1421680.html\" target=\"_blank\" rel=\"noopener\" data-mrf-recirculation=\"links-noticia\" data-mrf-link=\"https:\/\/www.eldiario.es\/economia\/alemanes-movilizan-jubilacion-amenaza-pobreza_1_1421680.html\">una preocupaci\u00f3n recurrente en el pa\u00eds la pobreza en la tercera edad de Alemania<\/a>. Cabe esperar que los jubilados que han vuelto al trabajo o los mayores que trabajan en precario est\u00e9n amenazados por la pobreza, definida como ingresos de 979 euros al mes, seg\u00fan los est\u00e1ndares europeos.<\/p>\n<h3 class=\"article-text\" style=\"text-align: justify;\">Un sistema de pensiones amenazado<\/h3>\n<p class=\"article-text\" style=\"text-align: justify;\">El canciller Olaf Scholz y su Gobierno no parecen tener, de\u00a0momento, soluciones a la problem\u00e1tica que plantea este grupo de poblaci\u00f3n. \u00c9l se ha quejado, de hecho, al ver que hay, en su opini\u00f3n, muchos alemanes que se jubilan antes de tiempo. Es decir, antes de los 67 a\u00f1os.<\/p>\n<p class=\"article-text\" style=\"text-align: justify;\">Hay excepciones en Alemania que hacen posible la jubilaci\u00f3n a los 65 a\u00f1os. No hace mucho, en tiempos de Angela Merkel como canciller, el pa\u00eds posibilitaba incluso la jubilaci\u00f3n a los 63 siempre y cuando se hayan cotizado 35 a\u00f1os.<\/p>\n<p class=\"article-text\" style=\"text-align: justify;\">Por otro lado, en el Consejo Asesor de Economistas del Gobierno alem\u00e1n, lo que tambi\u00e9n se conoce aqu\u00ed como \u201ccinco sabios\u201d, se han escuchado voces como la de Monika\u00a0Schnitzer, la presidenta de dicha instancia teutona, quien ha dicho que contar\u00eda con su bendici\u00f3n la instauraci\u00f3n de los 70 a\u00f1os como edad de jubilaci\u00f3n.<\/p>\n<p class=\"article-text\" style=\"text-align: justify;\">Dejando al margen escenarios como ese, lo que ya se percibe de forma evidente sobre el sistema alem\u00e1n de pensiones es la amenaza del problema de la natalidad que sufre el pa\u00eds desde hace lustros. En Alemania, donde oficialmente se cuentan 84,4 millones de habitantes, una de cada cinco personas es mayor de 66 a\u00f1os, seg\u00fan las cuentas de la Oficina Federal de Estad\u00edstica (Destatis). Dicha instituci\u00f3n cuenta que cada mujer tiene, de media, 1,46 ni\u00f1os. La edad media del ciudadano alem\u00e1n ronda ya los 45 a\u00f1os.<\/p>\n<p class=\"article-text\" style=\"text-align: justify;\">Si, en el futuro, la cuesti\u00f3n que se plantea aqu\u00ed es \u201c\u00bfQui\u00e9n va a pagar las pensiones?\u201d, ahora mismo ya hay mayores alemanes en edad de estar jubilados que tienen que responder al interrogante: \u201c\u00bfDe qu\u00e9 voy a trabajar en precario?\u201d.<\/p>\n<p><a href=\"https:\/\/www.eldiario.es\/autores\/aldo_mas\/\" data-mrf-link=\"https:\/\/www.eldiario.es\/autores\/aldo_mas\/\"><strong>Aldo Mas<\/strong><\/a><\/p>\n<div class=\"second-col\">\n<figure class=\"ni-figure\"><figcaption class=\"image-footer\"><span class=\"title\">Manifestaci\u00f3n de pensionistas alemanes que reivindican una jubilaci\u00f3n mejor. <span class=\"author\"> Gerhard Kieseheuer<\/span> <\/span><\/figcaption><\/figure>\n<\/div>\n<footer class=\"news-info  has-button-follow\" data-mrf-recirculation=\"firma\">\n<div class=\"info-wrapper\">\n<p>https:\/\/www.eldiario.es\/economia\/precariedad-pensiones-alemania-millon-jubilados-seguir-trabajando-67-anos_1_10536700.html?utm_source=pocket-newtab-es-es<\/p>\n<\/div>\n<\/footer>\n","protected":false},"excerpt":{"rendered":"<p>De acuerdo con datos del Ministerio de Trabajo alem\u00e1n, tras una vida laboral en la&#8230;<\/p>\n","protected":false},"author":1,"featured_media":72498,"comment_status":"closed","ping_status":"closed","sticky":false,"template":"","format":"standard","meta":{"_coblocks_attr":"","_coblocks_dimensions":"","_coblocks_responsive_height":"","_coblocks_accordion_ie_support":"","jetpack_post_was_ever_published":false,"_jetpack_newsletter_access":"","_jetpack_dont_email_post_to_subs":false,"_jetpack_newsletter_tier_id":0,"_jetpack_memberships_contains_paywalled_content":false,"_jetpack_memberships_contains_paid_content":false,"footnotes":"","jetpack_publicize_message":"","jetpack_publicize_feature_enabled":true,"jetpack_social_post_already_shared":true,"jetpack_social_options":{"image_generator_settings":{"template":"highway","default_image_id":0,"enabled":false},"version":2}},"categories":[1161,44,7671,1],"tags":[],"class_list":["post-63521","post","type-post","status-publish","format-standard","has-post-thumbnail","hentry","category-ciudadania","category-noticias-de-hoy","category-politica","category-uncategorized"],"jetpack_publicize_connections":[],"jetpack_featured_media_url":"https:\/\/i0.wp.com\/miradordeatarfe.es\/wp-content\/uploads\/2023\/09\/32843ad9-0d40-4a78-b007-f45988c24e82_16-9-discover-aspect-ratio_default_0-1.webp?fit=1200%2C675&ssl=1","jetpack_likes_enabled":true,"jetpack_sharing_enabled":true,"_links":{"self":[{"href":"https:\/\/miradordeatarfe.es\/index.php?rest_route=\/wp\/v2\/posts\/63521","targetHints":{"allow":["GET"]}}],"collection":[{"href":"https:\/\/miradordeatarfe.es\/index.php?rest_route=\/wp\/v2\/posts"}],"about":[{"href":"https:\/\/miradordeatarfe.es\/index.php?rest_route=\/wp\/v2\/types\/post"}],"author":[{"embeddable":true,"href":"https:\/\/miradordeatarfe.es\/index.php?rest_route=\/wp\/v2\/users\/1"}],"replies":[{"embeddable":true,"href":"https:\/\/miradordeatarfe.es\/index.php?rest_route=%2Fwp%2Fv2%2Fcomments&post=63521"}],"version-history":[{"count":2,"href":"https:\/\/miradordeatarfe.es\/index.php?rest_route=\/wp\/v2\/posts\/63521\/revisions"}],"predecessor-version":[{"id":72499,"href":"https:\/\/miradordeatarfe.es\/index.php?rest_route=\/wp\/v2\/posts\/63521\/revisions\/72499"}],"wp:featuredmedia":[{"embeddable":true,"href":"https:\/\/miradordeatarfe.es\/index.php?rest_route=\/wp\/v2\/media\/72498"}],"wp:attachment":[{"href":"https:\/\/miradordeatarfe.es\/index.php?rest_route=%2Fwp%2Fv2%2Fmedia&parent=63521"}],"wp:term":[{"taxonomy":"category","embeddable":true,"href":"https:\/\/miradordeatarfe.es\/index.php?rest_route=%2Fwp%2Fv2%2Fcategories&post=63521"},{"taxonomy":"post_tag","embeddable":true,"href":"https:\/\/miradordeatarfe.es\/index.php?rest_route=%2Fwp%2Fv2%2Ftags&post=63521"}],"curies":[{"name":"wp","href":"https:\/\/api.w.org\/{rel}","templated":true}]}}