{"id":63523,"date":"2023-09-28T10:53:08","date_gmt":"2023-09-28T08:53:08","guid":{"rendered":"https:\/\/miradordeatarfe.es\/?p=63523"},"modified":"2023-09-28T10:53:56","modified_gmt":"2023-09-28T08:53:56","slug":"atarfe-mesa-sectorial-de-insercion-sociolaboral","status":"publish","type":"post","link":"https:\/\/miradordeatarfe.es\/?p=63523","title":{"rendered":"ATARFE: Mesa Sectorial de Inserci\u00f3n Sociolaboral"},"content":{"rendered":"<h3 style=\"text-align: justify;\">El pasado jueves, 21 de septiembre, el \u00c1rea de Bienestar Social, del Ayuntamiento de Atarfe retom\u00f3 la Mesa Sectorial de Inserci\u00f3n Sociolaboral en el municipio como prueba del firme compromiso de esta nueva corporaci\u00f3n con el empleo y la formaci\u00f3n de los\/as atarfe\u00f1os\/as.<\/h3>\n<p style=\"text-align: justify;\">La Mesa Sectorial de Inserci\u00f3n Sociolaboral, en la que trabajan activamente las Concejal\u00edas de Bienestar Social, Empleo, Juventud e Igualdad, participaron tambi\u00e9n representantes de las entidades Andaluc\u00eda Orienta, ARCA Empleo, FEGRADI, Programa Europeo de Mujeres Rurales y Urbanas, Guadalinfo y PYGA.<\/p>\n<p style=\"text-align: justify;\">Durante el encuentro, las entidades representadas en la mesa han hablado sobre su experiencia en la inserci\u00f3n laboral de los diferentes colectivos y han presentado un balance de los resultados obtenidos en el \u00faltimo a\u00f1o, as\u00ed como de sus retos m\u00e1s pr\u00f3ximos y de futuro.<\/p>\n<p style=\"text-align: justify;\"><a href=\"https:\/\/i0.wp.com\/miradordeatarfe.es\/wp-content\/uploads\/2023\/09\/Screenshot-2023-09-28-at-10-50-46-20-Facebook.png?ssl=1\"><img data-recalc-dims=\"1\" loading=\"lazy\" decoding=\"async\" class=\"wp-image-63524 size-full alignleft\" src=\"https:\/\/i0.wp.com\/miradordeatarfe.es\/wp-content\/uploads\/2023\/09\/Screenshot-2023-09-28-at-10-50-46-20-Facebook.png?resize=305%2C330&#038;ssl=1\" alt=\"\" width=\"305\" height=\"330\" srcset=\"https:\/\/i0.wp.com\/miradordeatarfe.es\/wp-content\/uploads\/2023\/09\/Screenshot-2023-09-28-at-10-50-46-20-Facebook.png?w=305&amp;ssl=1 305w, https:\/\/i0.wp.com\/miradordeatarfe.es\/wp-content\/uploads\/2023\/09\/Screenshot-2023-09-28-at-10-50-46-20-Facebook.png?resize=277%2C300&amp;ssl=1 277w\" sizes=\"auto, (max-width: 305px) 100vw, 305px\" \/><\/a>El Concejal del \u00c1rea de Bienestar Social, Javier Arenas, traslad\u00f3 la importancia de <em><i>\u201coptimizar los recursos de b\u00fasqueda de empleo y formaci\u00f3n en Atarfe\u201d <\/i><\/em>trabajando de forma conjunta las distintas \u00e1reas del Ayuntamiento con otras entidades.<\/p>\n<p style=\"text-align: justify;\">Javier Arenas ha subrayado el importante papel que desarrollan las entidades representadas en la Mesa de Empleo y ha mostrado su compromiso en participar activamente en el desarrollo de sus propuestas. <em><i>\u201cEs necesario llevar a cabo el desarrollo de pol\u00edticas eficaces en pro del empleo y la formaci\u00f3n y desde el Ayuntamiento de Atarfe vamos a colaborar en todo lo que sea necesario para dotar de los recursos necesarios que hagan que todas las personas tengan las mismas oportunidades a la hora de encontrar un empleo\u00bb,<\/i><\/em>\u00a0ha destacado.<\/p>\n<p style=\"text-align: justify;\">As\u00ed mismo, anunci\u00f3 que, el pr\u00f3ximo a\u00f1o, tendr\u00e1 lugar, en Atarfe, las I Jornadas de Inserci\u00f3n Sociolaboral en el municipio de Atarfe que te permitir\u00e1n conocer los mecanismos de b\u00fasqueda de empleo y formaci\u00f3n en el \u00e1mbito local y provincial.<\/p>\n<p style=\"text-align: justify;\">Del mismo modo, se han presentado diversas propuestas para poner en marcha pr\u00f3ximamente y que ser\u00e1n anunciadas en las redes sociales del propio Ayuntamiento.<\/p>\n<p style=\"text-align: justify;\">\u00a0<\/p>\n","protected":false},"excerpt":{"rendered":"<p>El pasado jueves, 21 de septiembre, el \u00c1rea de Bienestar Social, del Ayuntamiento de Atarfe&#8230;<\/p>\n","protected":false},"author":1,"featured_media":63525,"comment_status":"closed","ping_status":"closed","sticky":false,"template":"","format":"standard","meta":{"_coblocks_attr":"","_coblocks_dimensions":"","_coblocks_responsive_height":"","_coblocks_accordion_ie_support":"","jetpack_post_was_ever_published":false,"_jetpack_newsletter_access":"","_jetpack_dont_email_post_to_subs":false,"_jetpack_newsletter_tier_id":0,"_jetpack_memberships_contains_paywalled_content":false,"_jetpack_memberships_contains_paid_content":false,"footnotes":"","jetpack_publicize_message":"","jetpack_publicize_feature_enabled":true,"jetpack_social_post_already_shared":false,"jetpack_social_options":{"image_generator_settings":{"template":"highway","default_image_id":0,"enabled":false},"version":2}},"categories":[2,6916,1161,44,7671,15],"tags":[10683],"class_list":["post-63523","post","type-post","status-publish","format-standard","has-post-thumbnail","hentry","category-atarfe","category-ayuntamiento-de-atarfe","category-ciudadania","category-noticias-de-hoy","category-politica","category-ultimas-noticias","tag-mesa-sectorial-de-empleo"],"jetpack_publicize_connections":[],"jetpack_featured_media_url":"https:\/\/i0.wp.com\/miradordeatarfe.es\/wp-content\/uploads\/2023\/09\/Screenshot-2023-09-28-at-10-51-05-20-Facebook.png?fit=329%2C331&ssl=1","jetpack_likes_enabled":true,"jetpack_sharing_enabled":true,"_links":{"self":[{"href":"https:\/\/miradordeatarfe.es\/index.php?rest_route=\/wp\/v2\/posts\/63523","targetHints":{"allow":["GET"]}}],"collection":[{"href":"https:\/\/miradordeatarfe.es\/index.php?rest_route=\/wp\/v2\/posts"}],"about":[{"href":"https:\/\/miradordeatarfe.es\/index.php?rest_route=\/wp\/v2\/types\/post"}],"author":[{"embeddable":true,"href":"https:\/\/miradordeatarfe.es\/index.php?rest_route=\/wp\/v2\/users\/1"}],"replies":[{"embeddable":true,"href":"https:\/\/miradordeatarfe.es\/index.php?rest_route=%2Fwp%2Fv2%2Fcomments&post=63523"}],"version-history":[{"count":1,"href":"https:\/\/miradordeatarfe.es\/index.php?rest_route=\/wp\/v2\/posts\/63523\/revisions"}],"predecessor-version":[{"id":63526,"href":"https:\/\/miradordeatarfe.es\/index.php?rest_route=\/wp\/v2\/posts\/63523\/revisions\/63526"}],"wp:featuredmedia":[{"embeddable":true,"href":"https:\/\/miradordeatarfe.es\/index.php?rest_route=\/wp\/v2\/media\/63525"}],"wp:attachment":[{"href":"https:\/\/miradordeatarfe.es\/index.php?rest_route=%2Fwp%2Fv2%2Fmedia&parent=63523"}],"wp:term":[{"taxonomy":"category","embeddable":true,"href":"https:\/\/miradordeatarfe.es\/index.php?rest_route=%2Fwp%2Fv2%2Fcategories&post=63523"},{"taxonomy":"post_tag","embeddable":true,"href":"https:\/\/miradordeatarfe.es\/index.php?rest_route=%2Fwp%2Fv2%2Ftags&post=63523"}],"curies":[{"name":"wp","href":"https:\/\/api.w.org\/{rel}","templated":true}]}}