{"id":63529,"date":"2023-09-29T11:15:49","date_gmt":"2023-09-29T09:15:49","guid":{"rendered":"https:\/\/miradordeatarfe.es\/?p=63529"},"modified":"2023-09-28T11:15:18","modified_gmt":"2023-09-28T09:15:18","slug":"atarfe-presentacion-del-documental-del-400-aniversario-de-la-iglesia-de-la-encarnacion","status":"publish","type":"post","link":"https:\/\/miradordeatarfe.es\/?p=63529","title":{"rendered":"ATARFE: PRESENTACI\u00d3N DEL DOCUMENTAL DEL 400 ANIVERSARIO DE LA IGLESIA DE LA ENCARNACI\u00d3N"},"content":{"rendered":"<h3 style=\"text-align: justify;\"><span class=\"x193iq5w xeuugli x13faqbe x1vvkbs x1xmvt09 x1lliihq x1s928wv xhkezso x1gmr53x x1cpjm7i x1fgarty x1943h6x xudqn12 x3x7a5m x6prxxf xvq8zen xo1l8bm xzsf02u\" dir=\"auto\">Este\u00a0 Domingo 1 de Octubre a las 12:00 en el\u00a0 Centro Cultural Medina Elvira ser\u00e1 proyectado el documental que recoge los 400 a\u00f1os de la iglesia de la Encarnaci\u00f3n de Atarfe<br \/>\n<\/span><\/h3>\n<p style=\"text-align: justify;\"><span class=\"x193iq5w xeuugli x13faqbe x1vvkbs x1xmvt09 x1lliihq x1s928wv xhkezso x1gmr53x x1cpjm7i x1fgarty x1943h6x xudqn12 x3x7a5m x6prxxf xvq8zen xo1l8bm xzsf02u\" dir=\"auto\">La Iglesia de la Encarnaci\u00f3n ha cumplido 400 a\u00f1os de historia, de <strong>1623 a 2023<\/strong> lo que representa un hito que nos llena de orgullo. Este lugar ic\u00f3nico ha sido testigo de nuestra historia y es parte de nuestro patrimonio cultural.<\/span><\/p>\n<p style=\"text-align: justify;\"><span class=\"x193iq5w xeuugli x13faqbe x1vvkbs x1xmvt09 x1lliihq x1s928wv xhkezso x1gmr53x x1cpjm7i x1fgarty x1943h6x xudqn12 x3x7a5m x6prxxf xvq8zen xo1l8bm xzsf02u\" dir=\"auto\">Entre las iniciativas que se desarrollado en estos meses hubo una exposici\u00f3n fotogr\u00e1fica en blanco y negro con im\u00e1genes recopiladas de los fieles y enseres hist\u00f3ricos de la parroquia a lo largo del mes de abril en el templo. Asimismo, el templo ha estado abierto a las visitas especialmente del alumnado de los centros educativos de Granada que han est\u00e9n interesados en conocer esta iglesia y tambi\u00e9n en el mes de junio se pudo adquirir cajas de dulces realizados por religiosas de vida contemplativa.<\/span><\/p>\n<p style=\"text-align: justify;\">Principal referente en el patrimonio de Atarfe es este templo que se levant\u00f3 sobre el solar que ocupaba la mezquita de Xini, seg\u00fan atestigua el \u2018Libro de H\u00e1bices\u2019. Se trata de una iglesia de planta rectangular, de tres naves desiguales y un total de siete altares. Destaca el altar mayor por su tabern\u00e1culo de piedra jaspeada, que data de 1818. La torre es de tres cuerpos y en el \u00faltimo se encuentra el campanario. El artesonado de estilo mud\u00e9jar se confeccion\u00f3 a mediados del siglo XVII. Entre los retablos existentes, se conserva \u00edntegro el de la Virgen del Rosario del siglo XVIII. Tambi\u00e9n es destacable el Sagrario que se encuentra en el altar del Coraz\u00f3n de Jes\u00fas, de estilo barroco. Otras de las joyas art\u00edsticas de la iglesia de Atarfe son sus relieves, esculturas e imaginer\u00eda y las pinturas de caballete denominadas \u2018serie apostolado\u2019, conformada por 12 cuadros de la escuela barroca granadina.<\/p>\n<p style=\"text-align: justify;\"><span class=\"x193iq5w xeuugli x13faqbe x1vvkbs x1xmvt09 x1lliihq x1s928wv xhkezso x1gmr53x x1cpjm7i x1fgarty x1943h6x xudqn12 x3x7a5m x6prxxf xvq8zen xo1l8bm xzsf02u\" dir=\"auto\">Para conmemorar esta ocasi\u00f3n especial, el Atarfe\u00f1o <strong>Jorge Rodr\u00edguez Puche<\/strong> presenta un documental, con gui\u00f3n del tambi\u00e9n Atarfe\u00f1o <strong>Jose Enrique Granados<\/strong> <strong>Torres,<\/strong> que captura la esencia y la historia de nuestra querida Iglesia.<\/p>\n<p>Te invitamos a unirte a nosotros para descubrir y celebrar este legado hist\u00f3rico de Atarfe. <br \/>\n<\/span><\/p>\n<p><a href=\"https:\/\/i0.wp.com\/miradordeatarfe.es\/wp-content\/uploads\/2023\/09\/384122050_691111579733027_7093135549567857054_n.jpg?ssl=1\"><img data-recalc-dims=\"1\" loading=\"lazy\" decoding=\"async\" class=\"wp-image-63530 size-full aligncenter\" src=\"https:\/\/i0.wp.com\/miradordeatarfe.es\/wp-content\/uploads\/2023\/09\/384122050_691111579733027_7093135549567857054_n.jpg?resize=640%2C901&#038;ssl=1\" alt=\"\" width=\"640\" height=\"901\" srcset=\"https:\/\/i0.wp.com\/miradordeatarfe.es\/wp-content\/uploads\/2023\/09\/384122050_691111579733027_7093135549567857054_n.jpg?w=898&amp;ssl=1 898w, https:\/\/i0.wp.com\/miradordeatarfe.es\/wp-content\/uploads\/2023\/09\/384122050_691111579733027_7093135549567857054_n.jpg?resize=213%2C300&amp;ssl=1 213w, https:\/\/i0.wp.com\/miradordeatarfe.es\/wp-content\/uploads\/2023\/09\/384122050_691111579733027_7093135549567857054_n.jpg?resize=727%2C1024&amp;ssl=1 727w, https:\/\/i0.wp.com\/miradordeatarfe.es\/wp-content\/uploads\/2023\/09\/384122050_691111579733027_7093135549567857054_n.jpg?resize=768%2C1081&amp;ssl=1 768w\" sizes=\"auto, (max-width: 640px) 100vw, 640px\" \/><\/a><\/p>\n","protected":false},"excerpt":{"rendered":"<p>Este\u00a0 Domingo 1 de Octubre a las 12:00 en el\u00a0 Centro Cultural Medina Elvira ser\u00e1&#8230;<\/p>\n","protected":false},"author":1,"featured_media":63532,"comment_status":"closed","ping_status":"closed","sticky":false,"template":"","format":"standard","meta":{"_coblocks_attr":"","_coblocks_dimensions":"","_coblocks_responsive_height":"","_coblocks_accordion_ie_support":"","jetpack_post_was_ever_published":false,"_jetpack_newsletter_access":"","_jetpack_dont_email_post_to_subs":false,"_jetpack_newsletter_tier_id":0,"_jetpack_memberships_contains_paywalled_content":false,"_jetpack_memberships_contains_paid_content":false,"footnotes":"","jetpack_publicize_message":"","jetpack_publicize_feature_enabled":true,"jetpack_social_post_already_shared":false,"jetpack_social_options":{"image_generator_settings":{"template":"highway","default_image_id":0,"enabled":false},"version":2}},"categories":[2,12,6916,1161,1225,186,44,15],"tags":[10684,81,5767],"class_list":["post-63529","post","type-post","status-publish","format-standard","has-post-thumbnail","hentry","category-atarfe","category-cultura","category-ayuntamiento-de-atarfe","category-ciudadania","category-ha-de-atarfe","category-instituciones","category-noticias-de-hoy","category-ultimas-noticias","tag-400-aniversario","tag-atarfe","tag-iglesia-de-la-encarnacion"],"jetpack_publicize_connections":[],"jetpack_featured_media_url":"https:\/\/i0.wp.com\/miradordeatarfe.es\/wp-content\/uploads\/2023\/09\/e196c3769ce7a444d12892581d549ddf_XL-1.jpg?fit=900%2C600&ssl=1","jetpack_likes_enabled":true,"jetpack_sharing_enabled":true,"_links":{"self":[{"href":"https:\/\/miradordeatarfe.es\/index.php?rest_route=\/wp\/v2\/posts\/63529","targetHints":{"allow":["GET"]}}],"collection":[{"href":"https:\/\/miradordeatarfe.es\/index.php?rest_route=\/wp\/v2\/posts"}],"about":[{"href":"https:\/\/miradordeatarfe.es\/index.php?rest_route=\/wp\/v2\/types\/post"}],"author":[{"embeddable":true,"href":"https:\/\/miradordeatarfe.es\/index.php?rest_route=\/wp\/v2\/users\/1"}],"replies":[{"embeddable":true,"href":"https:\/\/miradordeatarfe.es\/index.php?rest_route=%2Fwp%2Fv2%2Fcomments&post=63529"}],"version-history":[{"count":2,"href":"https:\/\/miradordeatarfe.es\/index.php?rest_route=\/wp\/v2\/posts\/63529\/revisions"}],"predecessor-version":[{"id":63533,"href":"https:\/\/miradordeatarfe.es\/index.php?rest_route=\/wp\/v2\/posts\/63529\/revisions\/63533"}],"wp:featuredmedia":[{"embeddable":true,"href":"https:\/\/miradordeatarfe.es\/index.php?rest_route=\/wp\/v2\/media\/63532"}],"wp:attachment":[{"href":"https:\/\/miradordeatarfe.es\/index.php?rest_route=%2Fwp%2Fv2%2Fmedia&parent=63529"}],"wp:term":[{"taxonomy":"category","embeddable":true,"href":"https:\/\/miradordeatarfe.es\/index.php?rest_route=%2Fwp%2Fv2%2Fcategories&post=63529"},{"taxonomy":"post_tag","embeddable":true,"href":"https:\/\/miradordeatarfe.es\/index.php?rest_route=%2Fwp%2Fv2%2Ftags&post=63529"}],"curies":[{"name":"wp","href":"https:\/\/api.w.org\/{rel}","templated":true}]}}