{"id":63534,"date":"2023-09-30T10:17:11","date_gmt":"2023-09-30T08:17:11","guid":{"rendered":"https:\/\/miradordeatarfe.es\/?p=63534"},"modified":"2023-09-30T10:26:03","modified_gmt":"2023-09-30T08:26:03","slug":"este-domingo-1-de-octubre-preparate-para-la-final-de-la-copa-granadina-de-voleibol-femenino-en-nuestro-pabellon","status":"publish","type":"post","link":"https:\/\/miradordeatarfe.es\/?p=63534","title":{"rendered":"Este domingo, 1 de octubre, prep\u00e1rate para la FINAL de la COPA GRANADINA de VOLEIBOL con la Copa Granada \u2018Patricia Aranda\u2019"},"content":{"rendered":"<div class=\"\" dir=\"auto\">\n<div id=\":rb8:\" class=\"x1iorvi4 x1pi30zi x1l90r2v x1swvt13\" data-ad-comet-preview=\"message\" data-ad-preview=\"message\">\n<div class=\"x78zum5 xdt5ytf xz62fqu x16ldp7u\">\n<div class=\"xu06os2 x1ok221b\">\n<div class=\"xdj266r x11i5rnm xat24cr x1mh8g0r x1vvkbs x126k92a\">\n<h3 dir=\"auto\" style=\"text-align: justify;\">\u00a1El pr\u00f3ximo Domingo 1 de octubre tienes una cita para animar a nuestras campeonas del Covir\u00e1n CDU Atarfe!<\/h3>\n<h3 class=\"wp-block-heading\"><strong>El evento se celebrar\u00e1 con una fase clasificatoria y la gran final entre las localidades de Albolote y Atarfe<\/strong><\/h3>\n<\/div>\n<div class=\"x11i5rnm xat24cr x1mh8g0r x1vvkbs xtlvy1s x126k92a\" style=\"text-align: justify;\">\n<div dir=\"auto\">\n<p>El <strong>s\u00e1bado 30 de septiembre la localidad de Albolote<\/strong> y m\u00e1s concretamente su Pabell\u00f3n Municipal, acoger\u00e1 la <strong>Fase Clasificatoria<\/strong> con tres plantillas en liza en la <strong>modalidad de triangular<\/strong>. Los equipos de Primera Divisi\u00f3n Nacional, <strong>Nevadis Albolote CV\u201916 y el Club Deportivo Universidad de Granada<\/strong>, adem\u00e1s del <strong>filial del CDU Atarfe<\/strong>, militante de la Primera Divisi\u00f3n Andaluza, coparan el protagonismo de la jornada sabatina. Las tres entidades buscar\u00e1n el pase a la <strong>Gran Final<\/strong>, en el <strong>Pabell\u00f3n Municipal 1\u00ba Mayo de Atarfe, el pr\u00f3ximo domingo 1 de octubre<\/strong>. En ese partido decisivo, para la obtenci\u00f3n del t\u00edtulo, espera el <strong>Covir\u00e1n CDU Atarfe<\/strong>, m\u00e1ximo representante granadino y que milita en la divisi\u00f3n de plata del v\u00f3ley nacional.<\/p>\n<p>La <strong>Copa Granada Femenina 2023<\/strong>, por primera vez, pasa a denominarse <strong>\u2018Patricia Aranda Mu\u00f1oz\u2019<\/strong>,<strong> jugadora granadina, internacional con la Selecci\u00f3n Espa\u00f1ola<\/strong> y que sigue en activo a pesar de llevar un trayectoria muy extensa a nivel nacional y por el mundo. Arenal Emev\u00e9 Lugo ser\u00e1 su destino esta pr\u00f3xima temporada y seguir\u00e1 llevando la batuta y la colocaci\u00f3n en la \u00e9lite de este deporte a sus 44 a\u00f1os. <strong>La maracenera<\/strong> es todo un ejemplo de profesionalidad, formada en el CDU Granada y una carrera por Albacete, Benidorm, Las Palmas, Burgos, Miranda de Ebro, Murcia, B\u00e9ziers en Francia, varios conjuntos en Per\u00fa, Tenerife y sobre todo, desde el a\u00f1o 2001 contando con la confianza de todos los seleccionadores nacionales defendiendo la el\u00e1stica de Espa\u00f1a hasta el d\u00eda de hoy.<\/p>\n<p>Los <strong>cuatro encuentros<\/strong> para conocer el campe\u00f3n de la Copa Granada \u2018Patricia Aranda\u2019 prometen y los horarios fechados, los ten\u00e9is en el cartel que se adjunta, con <strong>entrada gratuita en ambas instalaciones<\/strong> tanto la albolote\u00f1a como la atarfe\u00f1a. <strong>El voleibol de Granada y su provincia<\/strong> muy presente para el cierre de septiembre y la apertura del mes de octubre. Ya a las puertas de la competici\u00f3n oficial<\/p>\n<\/div>\n<\/div>\n<div dir=\"auto\" style=\"text-align: justify;\">\u00a0<\/div>\n<div dir=\"auto\" style=\"text-align: justify;\"><a href=\"https:\/\/i0.wp.com\/miradordeatarfe.es\/wp-content\/uploads\/2023\/09\/384764548_691167799727405_5672912586751601721_n.jpg?ssl=1\"><img data-recalc-dims=\"1\" loading=\"lazy\" decoding=\"async\" class=\"alignnone wp-image-63535 size-full\" src=\"https:\/\/i0.wp.com\/miradordeatarfe.es\/wp-content\/uploads\/2023\/09\/384764548_691167799727405_5672912586751601721_n.jpg?resize=509%2C720&#038;ssl=1\" alt=\"\" width=\"509\" height=\"720\" srcset=\"https:\/\/i0.wp.com\/miradordeatarfe.es\/wp-content\/uploads\/2023\/09\/384764548_691167799727405_5672912586751601721_n.jpg?w=509&amp;ssl=1 509w, https:\/\/i0.wp.com\/miradordeatarfe.es\/wp-content\/uploads\/2023\/09\/384764548_691167799727405_5672912586751601721_n.jpg?resize=212%2C300&amp;ssl=1 212w\" sizes=\"auto, (max-width: 509px) 100vw, 509px\" \/><\/a><\/div>\n<\/div>\n<\/div>\n<\/div>\n<\/div>\n","protected":false},"excerpt":{"rendered":"<p>\u00a1El pr\u00f3ximo Domingo 1 de octubre tienes una cita para animar a nuestras campeonas del&#8230;<\/p>\n","protected":false},"author":1,"featured_media":63536,"comment_status":"closed","ping_status":"closed","sticky":false,"template":"","format":"standard","meta":{"_coblocks_attr":"","_coblocks_dimensions":"","_coblocks_responsive_height":"","_coblocks_accordion_ie_support":"","jetpack_post_was_ever_published":false,"_jetpack_newsletter_access":"","_jetpack_dont_email_post_to_subs":false,"_jetpack_newsletter_tier_id":0,"_jetpack_memberships_contains_paywalled_content":false,"_jetpack_memberships_contains_paid_content":false,"footnotes":"","jetpack_publicize_message":"","jetpack_publicize_feature_enabled":true,"jetpack_social_post_already_shared":false,"jetpack_social_options":{"image_generator_settings":{"template":"highway","default_image_id":0,"enabled":false},"version":2}},"categories":[2,6916,1161,182,44,15],"tags":[81,4751,10685],"class_list":["post-63534","post","type-post","status-publish","format-standard","has-post-thumbnail","hentry","category-atarfe","category-ayuntamiento-de-atarfe","category-ciudadania","category-deportes","category-noticias-de-hoy","category-ultimas-noticias","tag-atarfe","tag-cdu-atarfe","tag-copa-andalucia-de-volribol"],"jetpack_publicize_connections":[],"jetpack_featured_media_url":"https:\/\/i0.wp.com\/miradordeatarfe.es\/wp-content\/uploads\/2023\/09\/Copa-Andalucia-Voleibol-Femenino.jpg?fit=1499%2C675&ssl=1","jetpack_likes_enabled":true,"jetpack_sharing_enabled":true,"_links":{"self":[{"href":"https:\/\/miradordeatarfe.es\/index.php?rest_route=\/wp\/v2\/posts\/63534","targetHints":{"allow":["GET"]}}],"collection":[{"href":"https:\/\/miradordeatarfe.es\/index.php?rest_route=\/wp\/v2\/posts"}],"about":[{"href":"https:\/\/miradordeatarfe.es\/index.php?rest_route=\/wp\/v2\/types\/post"}],"author":[{"embeddable":true,"href":"https:\/\/miradordeatarfe.es\/index.php?rest_route=\/wp\/v2\/users\/1"}],"replies":[{"embeddable":true,"href":"https:\/\/miradordeatarfe.es\/index.php?rest_route=%2Fwp%2Fv2%2Fcomments&post=63534"}],"version-history":[{"count":3,"href":"https:\/\/miradordeatarfe.es\/index.php?rest_route=\/wp\/v2\/posts\/63534\/revisions"}],"predecessor-version":[{"id":63581,"href":"https:\/\/miradordeatarfe.es\/index.php?rest_route=\/wp\/v2\/posts\/63534\/revisions\/63581"}],"wp:featuredmedia":[{"embeddable":true,"href":"https:\/\/miradordeatarfe.es\/index.php?rest_route=\/wp\/v2\/media\/63536"}],"wp:attachment":[{"href":"https:\/\/miradordeatarfe.es\/index.php?rest_route=%2Fwp%2Fv2%2Fmedia&parent=63534"}],"wp:term":[{"taxonomy":"category","embeddable":true,"href":"https:\/\/miradordeatarfe.es\/index.php?rest_route=%2Fwp%2Fv2%2Fcategories&post=63534"},{"taxonomy":"post_tag","embeddable":true,"href":"https:\/\/miradordeatarfe.es\/index.php?rest_route=%2Fwp%2Fv2%2Ftags&post=63534"}],"curies":[{"name":"wp","href":"https:\/\/api.w.org\/{rel}","templated":true}]}}