{"id":63550,"date":"2023-10-05T08:27:27","date_gmt":"2023-10-05T06:27:27","guid":{"rendered":"https:\/\/miradordeatarfe.es\/?p=63550"},"modified":"2023-10-05T09:35:09","modified_gmt":"2023-10-05T07:35:09","slug":"63550","status":"publish","type":"post","link":"https:\/\/miradordeatarfe.es\/?p=63550","title":{"rendered":"Ojos que no ven"},"content":{"rendered":"<div class=\"a_c clearfix\" data-dtm-region=\"articulo_cuerpo\">\n<h3 class=\"a_st\">La informaci\u00f3n cada vez tiene menos p\u00fablico y el periodismo, menos prestigio. Ni las ni\u00f1as quieren ser ya princesas ni los chicos y las chicas, periodistas<\/h3>\n<p class=\"\" style=\"text-align: justify;\">En el bar donde tomo cada d\u00eda el cafelito y el pulso de la barra antes de meterme en la burbuja del curro, han tomado una decisi\u00f3n que me tiene hablando sola: desintonizar de su tele de 85 pulgadas los programas de informaci\u00f3n y debate pol\u00edtico ma\u00f1aneros para poner a todo trapo <a href=\"https:\/\/elpais.com\/television\/2022-11-27\/la-veterania-de-maria-del-monte-y-francisco-se-mide-con-la-juventud-de-maria-terremoto-y-juanlu-montoya-en-los-premios-radiole.html\" target=\"_blank\" rel=\"noopener\" data-link-track-dtm=\"\" data-mrf-link=\"https:\/\/elpais.com\/television\/2022-11-27\/la-veterania-de-maria-del-monte-y-francisco-se-mide-con-la-juventud-de-maria-terremoto-y-juanlu-montoya-en-los-premios-radiole.html\">Radiol\u00e9, <\/a>espa\u00f1ol\u00edsima emisora especializada en copla, pasodoble y ese flamenquito marrullero que te da entre subid\u00f3n y verg\u00fcenza ajena en cuanto lo sacas del chiringuito de las playas de C\u00e1diz. As\u00ed, estos d\u00edas, al puntito de las nueve de la ma\u00f1ana, en vez de ver al candidato popular <a href=\"https:\/\/elpais.com\/espana\/2023-09-27\/feijoo-choca-con-la-mayoria-del-congreso-frente-al-cierre-de-filas-de-los-suyos.html\" target=\"_blank\" rel=\"noopener\" data-link-track-dtm=\"\" data-mrf-link=\"https:\/\/elpais.com\/espana\/2023-09-27\/feijoo-choca-con-la-mayoria-del-congreso-frente-al-cierre-de-filas-de-los-suyos.html\">Alberto N\u00fa\u00f1ez Feij\u00f3o<\/a> y al diputado socialista <a href=\"https:\/\/elpais.com\/espana\/2023-09-26\/sanchez-delega-en-oscar-puente-la-replica-a-la-investidura-de-feijoo-pierdan-toda-esperanza-de-quebrar-a-este-psoe-que-tanto-les-molesta.html\" target=\"_blank\" rel=\"noopener\" data-link-track-dtm=\"\" data-mrf-link=\"https:\/\/elpais.com\/espana\/2023-09-26\/sanchez-delega-en-oscar-puente-la-replica-a-la-investidura-de-feijoo-pierdan-toda-esperanza-de-quebrar-a-este-psoe-que-tanto-les-molesta.html\">\u00d3scar Puente<\/a> d\u00e1ndose cera en el debate de investidura, en el plasma del garito se o\u00eda a Andy y Lucas gorjear que tanto la quer\u00edan, a Bisbal llorar las penas y a Roc\u00edo Jurado rogar al Se\u00f1or que la ayude a caminar, entre la indiferencia general de la clientela y mi estupefacci\u00f3n ante el para m\u00ed ins\u00f3lito hecho de que nadie protestara. Se me dir\u00e1 que de qu\u00e9 me quejo. Que, con cambiar de bar, todos contentos. Me temo que el asunto es m\u00e1s complejo.<\/p>\n<p class=\"\" style=\"text-align: justify;\">La informaci\u00f3n, no solo la pol\u00edtica, cada vez tiene <a href=\"https:\/\/elpais.com\/sociedad\/2022-06-19\/la-generacion-sin-noticias-para-mi-es-desfasado-meterme-en-un-periodico.html\" target=\"_blank\" rel=\"noopener\" data-link-track-dtm=\"\" data-mrf-link=\"https:\/\/elpais.com\/sociedad\/2022-06-19\/la-generacion-sin-noticias-para-mi-es-desfasado-meterme-en-un-periodico.html\">menos p\u00fablico, <\/a>y el periodismo, <a href=\"https:\/\/elpais.com\/ideas\/2023-05-28\/ha-muerto-la-objetividad-en-los-medios-si-es-que-alguna-vez-existio.html\" target=\"_blank\" rel=\"noopener\" data-link-track-dtm=\"\" data-mrf-link=\"https:\/\/elpais.com\/ideas\/2023-05-28\/ha-muerto-la-objetividad-en-los-medios-si-es-que-alguna-vez-existio.html\">menos prestigio.<\/a> Ni tantas ni\u00f1as quieren ya ser princesas, salvo <a href=\"https:\/\/elpais.com\/espana\/2023-09-19\/la-princesa-de-asturias-recibe-el-sable-de-oficial-del-ejercito.html\" target=\"_blank\" rel=\"noopener\" data-link-track-dtm=\"\" data-mrf-link=\"https:\/\/elpais.com\/espana\/2023-09-19\/la-princesa-de-asturias-recibe-el-sable-de-oficial-del-ejercito.html\">Leonor de Borb\u00f3n Ortiz, <\/a>a la que nadie le pregunt\u00f3 al respecto, ni tantos chicos y chicas, periodistas. <a href=\"https:\/\/elpais.com\/educacion\/2023-09-25\/el-grado-de-periodismo-languidece-los-chicos-prefieren-oir-a-ibai-llanos-que-el-telediario.html\" target=\"_blank\" rel=\"noopener\" data-link-track-dtm=\"\" data-mrf-link=\"https:\/\/elpais.com\/educacion\/2023-09-25\/el-grado-de-periodismo-languidece-los-chicos-prefieren-oir-a-ibai-llanos-que-el-telediario.html\">Han bajado casi un 19% las matr\u00edculas.<\/a> Quiz\u00e1 tenga que ver que la profesi\u00f3n est\u00e9 para la UVI. Que sea perfectamente previsible lo que va a decir o escribir cada colega seg\u00fan la titularidad de su medio y las subvenciones que reciba. Que, m\u00e1s que titulares, lancemos cebos para que el lector pique y que, queriendo o sin querer, le colemos gato por liebre demasiadas veces. Las sobreactuaciones de los padres y madres de la patria, convertidos en troles unos de otros, dentro y fuera del Parlamento, tampoco ayudan a que la pol\u00edtica interese a los ciudadanos. No tengo la soluci\u00f3n a tan peligroso asunto. Lo que s\u00ed puedo decir es que del \u00fanico Puente del que se habla este oto\u00f1o en mi bareto es el del Pilar para quitarse de en medio unos d\u00edas a tomar el sol a la costa o a una casa rural a coger setas. Dice el refr\u00e1n que ojos que no ven, coraz\u00f3n que no siente. Otra versi\u00f3n a\u00f1ade: y hostia que te pegas, pero eso es demasiado ordinario para escribirlo en una columna. As\u00ed que lo dir\u00e9 de otra manera. Reza la m\u00e1xima period\u00edstica que la ausencia de noticias es buena noticia. Discrepo: <i>no news, bad news, <\/i>que es m\u00e1s fino.<\/p>\n<p>https:\/\/elpais.com\/opinion\/2023-09-28\/ojos-que-no-ven.html<\/p>\n<\/div>\n","protected":false},"excerpt":{"rendered":"<p>La informaci\u00f3n cada vez tiene menos p\u00fablico y el periodismo, menos prestigio. Ni las ni\u00f1as&#8230;<\/p>\n","protected":false},"author":1,"featured_media":63551,"comment_status":"closed","ping_status":"closed","sticky":false,"template":"","format":"standard","meta":{"_coblocks_attr":"","_coblocks_dimensions":"","_coblocks_responsive_height":"","_coblocks_accordion_ie_support":"","jetpack_post_was_ever_published":false,"_jetpack_newsletter_access":"","_jetpack_dont_email_post_to_subs":false,"_jetpack_newsletter_tier_id":0,"_jetpack_memberships_contains_paywalled_content":false,"_jetpack_memberships_contains_paid_content":false,"footnotes":"","jetpack_publicize_message":"","jetpack_publicize_feature_enabled":true,"jetpack_social_post_already_shared":false,"jetpack_social_options":{"image_generator_settings":{"template":"highway","default_image_id":0,"enabled":false},"version":2}},"categories":[1161,44,7671,6937,15],"tags":[400],"class_list":["post-63550","post","type-post","status-publish","format-standard","has-post-thumbnail","hentry","category-ciudadania","category-noticias-de-hoy","category-politica","category-sociedad","category-ultimas-noticias","tag-periodismo"],"jetpack_publicize_connections":[],"jetpack_featured_media_url":"https:\/\/i0.wp.com\/miradordeatarfe.es\/wp-content\/uploads\/2023\/09\/Screenshot-2023-09-28-at-20-29-02-Ojos-que-no-ven.png?fit=454%2C318&ssl=1","jetpack_likes_enabled":true,"jetpack_sharing_enabled":true,"_links":{"self":[{"href":"https:\/\/miradordeatarfe.es\/index.php?rest_route=\/wp\/v2\/posts\/63550","targetHints":{"allow":["GET"]}}],"collection":[{"href":"https:\/\/miradordeatarfe.es\/index.php?rest_route=\/wp\/v2\/posts"}],"about":[{"href":"https:\/\/miradordeatarfe.es\/index.php?rest_route=\/wp\/v2\/types\/post"}],"author":[{"embeddable":true,"href":"https:\/\/miradordeatarfe.es\/index.php?rest_route=\/wp\/v2\/users\/1"}],"replies":[{"embeddable":true,"href":"https:\/\/miradordeatarfe.es\/index.php?rest_route=%2Fwp%2Fv2%2Fcomments&post=63550"}],"version-history":[{"count":3,"href":"https:\/\/miradordeatarfe.es\/index.php?rest_route=\/wp\/v2\/posts\/63550\/revisions"}],"predecessor-version":[{"id":63554,"href":"https:\/\/miradordeatarfe.es\/index.php?rest_route=\/wp\/v2\/posts\/63550\/revisions\/63554"}],"wp:featuredmedia":[{"embeddable":true,"href":"https:\/\/miradordeatarfe.es\/index.php?rest_route=\/wp\/v2\/media\/63551"}],"wp:attachment":[{"href":"https:\/\/miradordeatarfe.es\/index.php?rest_route=%2Fwp%2Fv2%2Fmedia&parent=63550"}],"wp:term":[{"taxonomy":"category","embeddable":true,"href":"https:\/\/miradordeatarfe.es\/index.php?rest_route=%2Fwp%2Fv2%2Fcategories&post=63550"},{"taxonomy":"post_tag","embeddable":true,"href":"https:\/\/miradordeatarfe.es\/index.php?rest_route=%2Fwp%2Fv2%2Ftags&post=63550"}],"curies":[{"name":"wp","href":"https:\/\/api.w.org\/{rel}","templated":true}]}}