{"id":63569,"date":"2023-10-04T08:04:53","date_gmt":"2023-10-04T06:04:53","guid":{"rendered":"https:\/\/miradordeatarfe.es\/?p=63569"},"modified":"2023-09-29T14:13:19","modified_gmt":"2023-09-29T12:13:19","slug":"se-va-a-prohibir-el-retinol","status":"publish","type":"post","link":"https:\/\/miradordeatarfe.es\/?p=63569","title":{"rendered":"\u00bfSe va a prohibir el retinol?"},"content":{"rendered":"<h3 class=\"v-a-sub-t\" style=\"text-align: justify;\">No, pero se va a regular su uso en concentraciones superiores al 0,3% \u00abpara evitar una sobreexposici\u00f3n a esta mol\u00e9cula\u00bb<\/h3>\n<p class=\"v-p\" style=\"text-align: justify;\">La dermat\u00f3loga Cristina Eguren anunciaba hace unos d\u00edas en sus redes sociales una &#8216;noticia bomba&#8217;: \u00abVan a cambiar las reglas de juego del retinol\u00bb, uno de los productos estrella de los tratamientos faciales y el ingrediente m\u00e1s buscado en Google, por delante de principios activos tan populares como el \u00e1cido hialur\u00f3nico o los antioxidantes. Su incorporaci\u00f3n a las rutinas antiedad se ha popularizado de tal manera que la Comisi\u00f3n Europea ha decidido regular el uso de mol\u00e9culas como el retinol para evitar as\u00ed posibles sobreexposiciones a este ingrediente derivado de la vitamina A. La normativa afecta \u00fanicamente a los productos cosm\u00e9ticos con concentraciones superiores al 0,3%.<\/p>\n<p class=\"v-p\" style=\"text-align: justify;\">\u00bfSignifica esto que van a prohibir el retinol o que se trata de un producto peligroso? \u00abQue no cunda el p\u00e1nico \u2013tranquiliza la dermat\u00f3loga\u2013. En primer lugar, es normal que se quiera limitar el uso de un ingrediente que se ha extendido tanto y del cual vemos cosm\u00e9ticos con concentraciones m\u00e1s altas que ese 0,3% en todos los canales de venta. Y, en segundo lugar, no se trata de un problema de seguridad de la mol\u00e9cula del retinol, sino que es una cuesti\u00f3n de clasificaci\u00f3n y consideraci\u00f3n como producto cosm\u00e9tico. Es decir, si fuese por una cuesti\u00f3n de seguridad del ingrediente, las medidas se tomar\u00edan a nivel global y no solamente en Europa. La realidad es que esta mol\u00e9cula, sobre todo en altas concentraciones, tiene una capacidad de transformaci\u00f3n y mejora estructural de la piel y, por tanto, tal vez deber\u00eda dejar de ser considerado un producto cosm\u00e9tico para ser tratado como uno sanitario o incluso un medicamento, como ya ocurre con el \u00e1cido retinoico\u00bb, aclara la doctora Eguren.<\/p>\n<div class=\"v-c-cmp v-c-cmp--t1 v-c-cmp--ab-xs\" style=\"text-align: justify;\">\n<div class=\"v-cmp-smy\">\n<article class=\"v-a v-a--cmp-smy v-a--p-l v-a--p-t-xs\">\n<div class=\"v-a-info-c\">\n<h3 class=\"v-a-t\">\u00abEl retinol es seguro, lo que ocurre es que se est\u00e1 haciendo un uso indiscriminado y sin control de este ingrediente<strong>\u00bbMGema Herrer\u00edasFarmac\u00e9utica especialista en dermofarmacia<\/strong><\/h3>\n<\/div>\n<\/article>\n<\/div>\n<\/div>\n<p class=\"v-p\" style=\"text-align: justify;\">Seg\u00fan explica la farmac\u00e9utica especialista en dermofarmacia Gema Herrer\u00edas, \u00abel retinol ni se considera un ingrediente t\u00f3xico ni tampoco inseguro, por lo que no hay que dejar de utilizarlo. Simplemente se va a regular su utilizaci\u00f3n en productos cosm\u00e9ticos porque se est\u00e1 haciendo un uso indiscriminado y sin control de este ingrediente, pensando err\u00f3neamente que cuanto m\u00e1s concentrado y m\u00e1s veces al d\u00eda se use, mejor, cuando ni todas las pieles necesitan ni toleran concentraciones superiores al 0,3%. En resumen, la normativa europea pretende evitar un efecto acumulativo de vitamina A por sobreexposici\u00f3n a esta mol\u00e9cula\u00bb.<\/p>\n<p class=\"v-p\" style=\"text-align: justify;\"><strong>\u2013 Entonces, \u00bfpor qu\u00e9 se dice que tiene un potencial efecto disruptor endocrino y puede llegar a alterar el equilibrio hormonal?<\/strong><\/p>\n<p class=\"v-p\" style=\"text-align: justify;\">\u2013 Porque nunca antes se hab\u00eda abusado del retinol a tan altas concentraciones como ahora \u2013argumenta Gema Herrer\u00edas, creadora de su propia l\u00ednea de productos cosm\u00e9ticos\u2013.<\/p>\n<p class=\"v-p\" style=\"text-align: justify;\">Ambas expertas coinciden en que la nueva normativa, que entrar\u00e1 en vigor en un par de a\u00f1os aproximadamente \u2013\u00abtiempo suficiente\u00bb para que los laboratorios se adapten a las nuevas restricciones\u2013, refuerza la idea de que es necesario un correcto asesoramiento y seguimiento de los tratamientos faciales para asegurar un buen uso del retinol, especialmente cuando se utiliza en concentraciones elevadas.<\/p>\n<p class=\"v-p\" style=\"text-align: justify;\">\u00abEn este sentido, es importante tener en cuenta que los ingredientes como el retinol no son los \u00fanicos que marcan la diferencia en la eficacia de un cosm\u00e9tico, sino el producto terminado, que es el que finalmente nos aplicamos en la piel y que generalmente contiene otros ingredientes complementarios a esta mol\u00e9cula\u00bb, argumentan.<\/p>\n<p class=\"v-p\" style=\"text-align: justify;\">En cualquier caso, las especialistas recuerdan que los productos cosm\u00e9ticos con concentraciones de retinol al 0,5% o 1% se consideran seguros y podr\u00e1n seguir utiliz\u00e1ndose hasta que se agoten. \u00abEn mi opini\u00f3n, \u2013a\u00f1ade Herrer\u00edas\u2013 lo que creo que va a ocurrir cuando entre en vigor la normativa es que los productos que contengan vitamina A en concentraciones superiores al 0,3% pasar\u00e1n a ser distribuidos en la UE como productos sanitarios en lugar de cosm\u00e9ticos. En otras palabras, los laboratorios tendr\u00e1n que tener una autorizaci\u00f3n espec\u00edfica y se vender\u00e1n en farmacias o centros m\u00e9dicos, sujetos siempre a la recomendaci\u00f3n y seguimiento de profesionales sanitarios\u00bb.<\/p>\n<div class=\"v-a-info-c \">\n<h3 class=\"v-a-t\" style=\"text-align: justify;\">El &#8216;chico para todo&#8217; de los tratamientos cosm\u00e9ticos<\/h3>\n<p class=\"v-p\" style=\"text-align: justify;\">Dermat\u00f3logos, farmac\u00e9uticos y expertos en medicina est\u00e9tica son grandes defensores de este ingrediente, que act\u00faa como un transformador de la piel durante la noche. \u00abSi tuviese que elegir un \u00fanico principio activo, probablemente me quedar\u00eda con los retinoides porque son los que han demostrado una mayor eficacia, con resultados visibles desde los primeros meses: estimulan la creaci\u00f3n de col\u00e1geno, regulan la producci\u00f3n de grasa, suavizan las arrugas de expresi\u00f3n, aten\u00faan las manchas&#8230; Valen para todo\u00bb, reconoce la dermat\u00f3loga Paloma Borreg\u00f3n, una opini\u00f3n con la que tambi\u00e9n coincide la farmac\u00e9utica Gema Herrer\u00edas: \u00abAdem\u00e1s, seg\u00fan como vayan formulados, est\u00e1n indicados para todo tipo de pieles: seca, grasa, sensible, resistente, pigmentada, con arrugas, con falta de elasticidad&#8230;\u00bb. Ahora bien, la recomendaci\u00f3n de las expertas es \u00abusar los retinoides de forma progresiva y seg\u00fan tolerancia\u00bb.<\/p>\n<\/div>\n<p><a href=\"https:\/\/www.ideal.es\/autor\/carmen-barreiro-3257.html\"><strong>Carmen Barreiro<\/strong><\/a><\/p>\n<article class=\"v-a v-a--d v-a--d-bs v-a--p-b\">\n<div class=\"v-a-img-c v-a-img-c--fw-xs\">\n<figure class=\"v-a-fig\"><figcaption class=\"v-fc\"><span class=\"v-fc__ath\">fFOTO: Mikel Casal<\/span><\/figcaption><\/figure>\n<\/div>\n<div class=\"v-a-info-c \">\u00a0<\/div>\n<\/article>\n<div class=\"v-d v-d--ab-c v-d--bs\">\n<div class=\"v-mdl-ath\" data-voc-component=\"viewport-not-visible\">\n<div class=\"v-mdl-ath__c v-mdl-ath__c--1\">\n<figure class=\"v-mdl-ath__fig\">https:\/\/www.ideal.es\/vivir\/salud\/prohibir-retinol-20230630183931-ntrc.html?gig_actions=sso.login&amp;gig_enteredFromComponent=fromLoginClick<\/figure>\n<div class=\"v-mdl-ath__info\">\n<p class=\"v-mdl-ath__p v-mdl-ath__p--name\">\u00a0<\/p>\n<\/div>\n<\/div>\n<\/div>\n<\/div>\n","protected":false},"excerpt":{"rendered":"<p>No, pero se va a regular su uso en concentraciones superiores al 0,3% \u00abpara evitar&#8230;<\/p>\n","protected":false},"author":1,"featured_media":63571,"comment_status":"closed","ping_status":"closed","sticky":false,"template":"","format":"standard","meta":{"_coblocks_attr":"","_coblocks_dimensions":"","_coblocks_responsive_height":"","_coblocks_accordion_ie_support":"","jetpack_post_was_ever_published":false,"_jetpack_newsletter_access":"","_jetpack_dont_email_post_to_subs":false,"_jetpack_newsletter_tier_id":0,"_jetpack_memberships_contains_paywalled_content":false,"_jetpack_memberships_contains_paid_content":false,"footnotes":"","jetpack_publicize_message":"","jetpack_publicize_feature_enabled":true,"jetpack_social_post_already_shared":false,"jetpack_social_options":{"image_generator_settings":{"template":"highway","default_image_id":0,"enabled":false},"version":2}},"categories":[1161,44,6937,15],"tags":[10688],"class_list":["post-63569","post","type-post","status-publish","format-standard","has-post-thumbnail","hentry","category-ciudadania","category-noticias-de-hoy","category-sociedad","category-ultimas-noticias","tag-retinol"],"jetpack_publicize_connections":[],"jetpack_featured_media_url":"https:\/\/i0.wp.com\/miradordeatarfe.es\/wp-content\/uploads\/2023\/10\/retinol-web-kroF-U2006691276471FG-758x531%40RC.jpg?fit=758%2C531&ssl=1","jetpack_likes_enabled":true,"jetpack_sharing_enabled":true,"_links":{"self":[{"href":"https:\/\/miradordeatarfe.es\/index.php?rest_route=\/wp\/v2\/posts\/63569","targetHints":{"allow":["GET"]}}],"collection":[{"href":"https:\/\/miradordeatarfe.es\/index.php?rest_route=\/wp\/v2\/posts"}],"about":[{"href":"https:\/\/miradordeatarfe.es\/index.php?rest_route=\/wp\/v2\/types\/post"}],"author":[{"embeddable":true,"href":"https:\/\/miradordeatarfe.es\/index.php?rest_route=\/wp\/v2\/users\/1"}],"replies":[{"embeddable":true,"href":"https:\/\/miradordeatarfe.es\/index.php?rest_route=%2Fwp%2Fv2%2Fcomments&post=63569"}],"version-history":[{"count":1,"href":"https:\/\/miradordeatarfe.es\/index.php?rest_route=\/wp\/v2\/posts\/63569\/revisions"}],"predecessor-version":[{"id":63570,"href":"https:\/\/miradordeatarfe.es\/index.php?rest_route=\/wp\/v2\/posts\/63569\/revisions\/63570"}],"wp:featuredmedia":[{"embeddable":true,"href":"https:\/\/miradordeatarfe.es\/index.php?rest_route=\/wp\/v2\/media\/63571"}],"wp:attachment":[{"href":"https:\/\/miradordeatarfe.es\/index.php?rest_route=%2Fwp%2Fv2%2Fmedia&parent=63569"}],"wp:term":[{"taxonomy":"category","embeddable":true,"href":"https:\/\/miradordeatarfe.es\/index.php?rest_route=%2Fwp%2Fv2%2Fcategories&post=63569"},{"taxonomy":"post_tag","embeddable":true,"href":"https:\/\/miradordeatarfe.es\/index.php?rest_route=%2Fwp%2Fv2%2Ftags&post=63569"}],"curies":[{"name":"wp","href":"https:\/\/api.w.org\/{rel}","templated":true}]}}