{"id":63572,"date":"2023-10-07T10:00:59","date_gmt":"2023-10-07T08:00:59","guid":{"rendered":"https:\/\/miradordeatarfe.es\/?p=63572"},"modified":"2023-10-05T09:42:51","modified_gmt":"2023-10-05T07:42:51","slug":"la-dignidad-de-los-animales","status":"publish","type":"post","link":"https:\/\/miradordeatarfe.es\/?p=63572","title":{"rendered":"La dignidad de los animales"},"content":{"rendered":"<h3>La ley que acaba de entrar en vigor puede contribuir a atajar el abandono masivo de mascotas que se produce cada a\u00f1o en Espa\u00f1a<\/h3>\n<p style=\"text-align: justify;\">Tras un pol\u00e9mico periplo parlamentario, la ley de bienestar animal, aprobada en marzo, entr\u00f3 en vigor este viernes con muchas inc\u00f3gnitas en el desarrollo previsto en la propia norma, que no podr\u00e1 abordarse hasta que haya Gobierno. A pesar de esas lagunas, el nuevo marco legal supone un punto de inflexi\u00f3n en el trato que reciben los animales en la sociedad espa\u00f1ola, muy influido por una tradici\u00f3n proclive a considerarlos en funci\u00f3n de su utilidad y poco sensible a su sufrimiento.<\/p>\n<p style=\"text-align: justify;\">Cada a\u00f1o son abandonadas unas 300.000 mascotas, entre ellas m\u00e1s de 20.000 perros de caza. Aunque el C\u00f3digo Penal castiga ya con severidad el maltrato grave, quedaban impunes muchas conductas lesivas. La dispersi\u00f3n normativa generaba adem\u00e1s desigualdad y confusi\u00f3n. Era pues necesario establecer con claridad los requisitos para garantizar el bienestar de los animales, calificados ahora como \u201cseres sensibles cuyos derechos y dignidad deben protegerse\u201d.<\/p>\n<p style=\"text-align: justify;\">La norma ya en vigor es menos ambiciosa que el proyecto que entr\u00f3 en las Cortes por la reacci\u00f3n que suscit\u00f3 entre los cazadores y otros sectores, que oblig\u00f3 a presentar una enmienda para excluir a los perros de caza y a los animales de \u201cuso profesional\u201d con la promesa de que ser\u00e1n objeto de regulaci\u00f3n espec\u00edfica. Tambi\u00e9n se excluyen la tauromaquia, los animales silvestres, los de producci\u00f3n, los usados en laboratorios y las aves de cetrer\u00eda.<\/p>\n<p style=\"text-align: justify;\">Con todo, la ley mantiene un gran alcance, especialmente en la protecci\u00f3n de los 13 millones de animales de compa\u00f1\u00eda que se estima que hay en Espa\u00f1a. A partir de ahora, no se podr\u00e1n exhibir ni vender en tiendas ni por internet; solo podr\u00e1n hacerlo los criadores acreditados. Y todos tendr\u00e1n que ser registrados, incluidos p\u00e1jaros, roedores o reptiles. Se endurece adem\u00e1s el castigo para situaciones de maltrato o abandono, con multas de entre 500 y 200.000 euros. Los perros no podr\u00e1n estar solos m\u00e1s de 24 horas y en el caso de los gatos, m\u00e1s de tres d\u00edas. No podr\u00e1n vivir en trasteros o terrazas y quedan prohibidas conductas habituales como dejarlos atados en la puerta de un centro comercial o encerrados en un coche. La ley proh\u00edbe tambi\u00e9n el sacrificio de los animales acogidos en refugios.<\/p>\n<p style=\"text-align: justify;\">Queda para m\u00e1s adelante la regulaci\u00f3n del seguro obligatorio de responsabilidad civil que los propietarios de mascotas deber\u00e1n suscribir y los cursos que deber\u00e1n seguir para tenerlos. Una pieza fundamental es, sin embargo, el registro de animales y de criadores, que ha de ayudar a erradicar las altas tasas de abandono actual.<\/p>\n<p style=\"text-align: justify;\">Considerada insuficiente por las asociaciones animalistas y excesiva por las de cazadores, la nueva ley ha tenido un parto lleno de bulos y controversias distorsionadas, pero hay que celebrar que, por primera vez, Espa\u00f1a cuenta con un marco que mejora la vida de los animales y con ellos, la dignidad de todos.<\/p>\n","protected":false},"excerpt":{"rendered":"<p>La ley que acaba de entrar en vigor puede contribuir a atajar el abandono masivo&#8230;<\/p>\n","protected":false},"author":1,"featured_media":63573,"comment_status":"closed","ping_status":"closed","sticky":false,"template":"","format":"standard","meta":{"_coblocks_attr":"","_coblocks_dimensions":"","_coblocks_responsive_height":"","_coblocks_accordion_ie_support":"","jetpack_post_was_ever_published":false,"_jetpack_newsletter_access":"","_jetpack_dont_email_post_to_subs":false,"_jetpack_newsletter_tier_id":0,"_jetpack_memberships_contains_paywalled_content":false,"_jetpack_memberships_contains_paid_content":false,"footnotes":"","jetpack_publicize_message":"","jetpack_publicize_feature_enabled":true,"jetpack_social_post_already_shared":false,"jetpack_social_options":{"image_generator_settings":{"template":"highway","default_image_id":0,"enabled":false},"version":2}},"categories":[1161,44,7671,6937,15],"tags":[10689],"class_list":["post-63572","post","type-post","status-publish","format-standard","has-post-thumbnail","hentry","category-ciudadania","category-noticias-de-hoy","category-politica","category-sociedad","category-ultimas-noticias","tag-ley-de-bienestar-animal"],"jetpack_publicize_connections":[],"jetpack_featured_media_url":"https:\/\/i0.wp.com\/miradordeatarfe.es\/wp-content\/uploads\/2023\/09\/ley-animal-e1493318068785.jpg?fit=800%2C456&ssl=1","jetpack_likes_enabled":true,"jetpack_sharing_enabled":true,"_links":{"self":[{"href":"https:\/\/miradordeatarfe.es\/index.php?rest_route=\/wp\/v2\/posts\/63572","targetHints":{"allow":["GET"]}}],"collection":[{"href":"https:\/\/miradordeatarfe.es\/index.php?rest_route=\/wp\/v2\/posts"}],"about":[{"href":"https:\/\/miradordeatarfe.es\/index.php?rest_route=\/wp\/v2\/types\/post"}],"author":[{"embeddable":true,"href":"https:\/\/miradordeatarfe.es\/index.php?rest_route=\/wp\/v2\/users\/1"}],"replies":[{"embeddable":true,"href":"https:\/\/miradordeatarfe.es\/index.php?rest_route=%2Fwp%2Fv2%2Fcomments&post=63572"}],"version-history":[{"count":1,"href":"https:\/\/miradordeatarfe.es\/index.php?rest_route=\/wp\/v2\/posts\/63572\/revisions"}],"predecessor-version":[{"id":63574,"href":"https:\/\/miradordeatarfe.es\/index.php?rest_route=\/wp\/v2\/posts\/63572\/revisions\/63574"}],"wp:featuredmedia":[{"embeddable":true,"href":"https:\/\/miradordeatarfe.es\/index.php?rest_route=\/wp\/v2\/media\/63573"}],"wp:attachment":[{"href":"https:\/\/miradordeatarfe.es\/index.php?rest_route=%2Fwp%2Fv2%2Fmedia&parent=63572"}],"wp:term":[{"taxonomy":"category","embeddable":true,"href":"https:\/\/miradordeatarfe.es\/index.php?rest_route=%2Fwp%2Fv2%2Fcategories&post=63572"},{"taxonomy":"post_tag","embeddable":true,"href":"https:\/\/miradordeatarfe.es\/index.php?rest_route=%2Fwp%2Fv2%2Ftags&post=63572"}],"curies":[{"name":"wp","href":"https:\/\/api.w.org\/{rel}","templated":true}]}}