{"id":63576,"date":"2023-10-04T10:11:37","date_gmt":"2023-10-04T08:11:37","guid":{"rendered":"https:\/\/miradordeatarfe.es\/?p=63576"},"modified":"2023-10-02T20:08:41","modified_gmt":"2023-10-02T18:08:41","slug":"la-nueva-ley-de-bienestar-animal","status":"publish","type":"post","link":"https:\/\/miradordeatarfe.es\/?p=63576","title":{"rendered":"La nueva Ley de bienestar animal"},"content":{"rendered":"<h2 class=\"elementor-heading-title elementor-size-default\">La Nueva Ley Animal de Ione Belarra prioriza los m\u00e9todos no letales contra las plagas de ratas<\/h2>\n<p><a href=\"https:\/\/i0.wp.com\/miradordeatarfe.es\/wp-content\/uploads\/2023\/09\/Blog-3.png?ssl=1\"><img data-recalc-dims=\"1\" loading=\"lazy\" decoding=\"async\" class=\"alignnone wp-image-63577 size-full\" src=\"https:\/\/i0.wp.com\/miradordeatarfe.es\/wp-content\/uploads\/2023\/09\/Blog-3.png?resize=640%2C384&#038;ssl=1\" alt=\"\" width=\"640\" height=\"384\" srcset=\"https:\/\/i0.wp.com\/miradordeatarfe.es\/wp-content\/uploads\/2023\/09\/Blog-3.png?w=1200&amp;ssl=1 1200w, https:\/\/i0.wp.com\/miradordeatarfe.es\/wp-content\/uploads\/2023\/09\/Blog-3.png?resize=300%2C180&amp;ssl=1 300w, https:\/\/i0.wp.com\/miradordeatarfe.es\/wp-content\/uploads\/2023\/09\/Blog-3.png?resize=1024%2C614&amp;ssl=1 1024w, https:\/\/i0.wp.com\/miradordeatarfe.es\/wp-content\/uploads\/2023\/09\/Blog-3.png?resize=768%2C461&amp;ssl=1 768w\" sizes=\"auto, (max-width: 640px) 100vw, 640px\" \/><\/a><\/p>\n<div class=\"elementor-element elementor-element-584c4ca e-flex e-con-boxed e-con e-parent\" data-id=\"584c4ca\" data-element_type=\"container\" data-settings=\"{&quot;content_width&quot;:&quot;boxed&quot;}\" data-core-v316-plus=\"true\">\n<div class=\"e-con-inner\">\n<div class=\"elementor-element elementor-element-4e4e3af elementor-widget elementor-widget-text-editor\" data-id=\"4e4e3af\" data-element_type=\"widget\" data-widget_type=\"text-editor.default\">\n<div class=\"elementor-widget-container\">\n<p>La nueva Ley de protecci\u00f3n, derechos y bienestar de los animales impulsada por la ministra de Derechos Sociales y Agenda 2030, <strong>Ione Belarra<\/strong>, introduce importantes cambios en la forma en la que las administraciones p\u00fablicas deber\u00e1n afrontar las <strong><u>plagas de animales<\/u><\/strong>. Especialmente en aquellos peque\u00f1os ayuntamientos de zonas rurales con menor capacidad de acci\u00f3n, que deber\u00e1n demostrar previamente que no pueden contener una plaga de roedores o reptiles sin recurrir m\u00e9todos letales.<\/p>\n<p><strong><u>La nueva normativa obliga a \u00abanteponer\u00bb las v\u00edas \u00abno letales\u00bb.<\/u><\/strong> Se priorizar\u00e1n los m\u00e9todos tipo CER (Capturar, Esterilizar, Retornar)<\/p>\n<\/div>\n<\/div>\n<\/div>\n<\/div>\n<div class=\"elementor-element elementor-element-146a246 e-flex e-con-boxed e-con e-parent\" data-id=\"146a246\" data-element_type=\"container\" data-settings=\"{&quot;content_width&quot;:&quot;boxed&quot;}\" data-core-v316-plus=\"true\">\n<div class=\"e-con-inner\">\n<div class=\"elementor-element elementor-element-4b83ab1 elementor-widget elementor-widget-text-editor\" data-id=\"4b83ab1\" data-element_type=\"widget\" data-widget_type=\"text-editor.default\">\n<div class=\"elementor-widget-container\">\n<p>Seg\u00fan recoge el texto, \u00ablas entidades locales antepondr\u00e1n el control poblacional no letal de la fauna urbana en sus planes de actuaci\u00f3n en materia de protecci\u00f3n animal, garantizando los derechos de los animales\u00bb.<\/p>\n<\/div>\n<\/div>\n<\/div>\n<\/div>\n<div class=\"elementor-element elementor-element-5eedbb8 e-flex e-con-boxed e-con e-parent\" data-id=\"5eedbb8\" data-element_type=\"container\" data-settings=\"{&quot;content_width&quot;:&quot;boxed&quot;}\" data-core-v316-plus=\"true\">\n<div class=\"e-con-inner\">\n<div class=\"elementor-element elementor-element-740ff06 elementor-widget elementor-widget-text-editor\" data-id=\"740ff06\" data-element_type=\"widget\" data-widget_type=\"text-editor.default\">\n<div class=\"elementor-widget-container\">\n<p>Es decir, pese a que se contempla la posibilidad de tener que recurrir a m\u00e9todos letales, la aplicaci\u00f3n de estos debe producirse despu\u00e9s de demostrar, documentalmente, que es la \u00fanica soluci\u00f3n factible. Algo que ha sido recibido con preocupaci\u00f3n en peque\u00f1os municipios rurales, con muchos menos recursos y personal para acometer este tipo de burocracia en los que cada d\u00eda cuenta para contener una plaga de ratas, por ejemplo.<\/p>\n<\/div>\n<\/div>\n<\/div>\n<\/div>\n<div class=\"elementor-element elementor-element-7a52f07 e-flex e-con-boxed e-con e-parent\" data-id=\"7a52f07\" data-element_type=\"container\" data-settings=\"{&quot;content_width&quot;:&quot;boxed&quot;}\" data-core-v316-plus=\"true\">\n<div class=\"e-con-inner\">\n<div class=\"elementor-element elementor-element-0f89633 elementor-widget elementor-widget-heading\" data-id=\"0f89633\" data-element_type=\"widget\" data-widget_type=\"heading.default\">\n<div class=\"elementor-widget-container\">\n<h5 class=\"elementor-heading-title elementor-size-default\">Cambios en el C\u00f3digo Penal<\/h5>\n<\/div>\n<\/div>\n<\/div>\n<\/div>\n<div class=\"elementor-element elementor-element-2ae4579 e-flex e-con-boxed e-con e-parent\" data-id=\"2ae4579\" data-element_type=\"container\" data-settings=\"{&quot;content_width&quot;:&quot;boxed&quot;}\" data-core-v316-plus=\"true\">\n<div class=\"e-con-inner\">\n<div class=\"elementor-element elementor-element-94fb6fb elementor-widget elementor-widget-text-editor\" data-id=\"94fb6fb\" data-element_type=\"widget\" data-widget_type=\"text-editor.default\">\n<div class=\"elementor-widget-container\">\n<p>La Ley de Bienestar Animal impulsada por la ministra Ione Belarra y aprobada en el Congreso ha introducido un importante cambio en el C\u00f3digo Penal al cambiar la denominaci\u00f3n \u2018animal dom\u00e9stico\u2019 por \u2018animal vertebrado\u2019. Animal vertebrado es todo aquel que tenga huesos y un esqueleto articulado o espina dorsal. Ahora, y en virtud de la nueva ley, golpear lesionando a un animal vertebrado, o matarlo, se penar\u00e1 con prisi\u00f3n o multa.<\/p>\n<\/div>\n<\/div>\n<\/div>\n<\/div>\n<div class=\"elementor-element elementor-element-f793669 e-flex e-con-boxed e-con e-parent\" data-id=\"f793669\" data-element_type=\"container\" data-settings=\"{&quot;content_width&quot;:&quot;boxed&quot;}\" data-core-v316-plus=\"true\">\n<div class=\"e-con-inner\">\n<div class=\"elementor-element elementor-element-fea7c60 elementor-widget elementor-widget-heading\" data-id=\"fea7c60\" data-element_type=\"widget\" data-widget_type=\"heading.default\">\n<div class=\"elementor-widget-container\">\n<h2 class=\"elementor-heading-title elementor-size-default\">Nuevas prohibiciones en la Ley de Bienestar Animal<\/h2>\n<\/div>\n<\/div>\n<\/div>\n<\/div>\n<div class=\"elementor-element elementor-element-11ffbfc e-flex e-con-boxed e-con e-parent\" data-id=\"11ffbfc\" data-element_type=\"container\" data-settings=\"{&quot;content_width&quot;:&quot;boxed&quot;}\" data-core-v316-plus=\"true\">\n<div class=\"e-con-inner\">\n<div class=\"elementor-element elementor-element-248bf85 elementor-widget elementor-widget-text-editor\" data-id=\"248bf85\" data-element_type=\"widget\" data-widget_type=\"text-editor.default\">\n<div class=\"elementor-widget-container\">\n<p>La ley prohibir\u00e1 la tenencia de ciertos animales en las viviendas, como por ejemplo por la dificultad para cuidarles, conductas agresivas, venenosas, que transmitan enfermedades o puedan afectar al ecosistema por su car\u00e1cter invasivo.<\/p>\n<\/div>\n<\/div>\n<\/div>\n<\/div>\n<div class=\"elementor-element elementor-element-5a553a7 e-flex e-con-boxed e-con e-parent\" data-id=\"5a553a7\" data-element_type=\"container\" data-settings=\"{&quot;content_width&quot;:&quot;boxed&quot;}\" data-core-v316-plus=\"true\">\n<div class=\"e-con-inner\">\n<div class=\"elementor-element elementor-element-c6cbbfe e-con-full e-flex e-con e-parent\" data-id=\"c6cbbfe\" data-element_type=\"container\" data-settings=\"{&quot;content_width&quot;:&quot;full&quot;}\" data-core-v316-plus=\"true\">\n<div class=\"elementor-element elementor-element-d76e99e elementor-widget elementor-widget-heading\" data-id=\"d76e99e\" data-element_type=\"widget\" data-widget_type=\"heading.default\">\n<div class=\"elementor-widget-container\">\n<h5 class=\"elementor-heading-title elementor-size-default\">Algunos de los animales afectados son:<\/h5>\n<\/div>\n<\/div>\n<div class=\"elementor-element elementor-element-8167e4f elementor-widget elementor-widget-text-editor\" data-id=\"8167e4f\" data-element_type=\"widget\" data-widget_type=\"text-editor.default\">\n<div class=\"elementor-widget-container\">\n<ul>\n<li>Conejos, ratones, h\u00e1msteres, chinchillas o cobayas.<\/li>\n<li>Cotorras, agapornis o periquitos.<\/li>\n<li>Tortugas.<\/li>\n<li>Ara\u00f1as.<\/li>\n<li>Erizo.<\/li>\n<li>Cerdo vietnamita.<\/li>\n<li>Reptiles ex\u00f3ticos como son las serpientes, iguanas, lagartos, camaleones o geckos.<\/li>\n<\/ul>\n<\/div>\n<\/div>\n<\/div>\n<\/div>\n<\/div>\n<div class=\"elementor-element elementor-element-28e67d0 e-flex e-con-boxed e-con e-parent\" data-id=\"28e67d0\" data-element_type=\"container\" data-settings=\"{&quot;content_width&quot;:&quot;boxed&quot;}\" data-core-v316-plus=\"true\">\n<div class=\"e-con-inner\">\n<div class=\"elementor-element elementor-element-53af1f2 elementor-widget elementor-widget-heading\" data-id=\"53af1f2\" data-element_type=\"widget\" data-widget_type=\"heading.default\">\n<div class=\"elementor-widget-container\">\n<h5 class=\"elementor-heading-title elementor-size-default\">Algunos animales que quedan excluidos<\/h5>\n<\/div>\n<\/div>\n<\/div>\n<\/div>\n<div class=\"elementor-element elementor-element-c5a87dc e-flex e-con-boxed e-con e-parent\" data-id=\"c5a87dc\" data-element_type=\"container\" data-settings=\"{&quot;content_width&quot;:&quot;boxed&quot;}\" data-core-v316-plus=\"true\">\n<div class=\"e-con-inner\">\n<div class=\"elementor-element elementor-element-4365a8f elementor-widget elementor-widget-text-editor\" data-id=\"4365a8f\" data-element_type=\"widget\" data-widget_type=\"text-editor.default\">\n<div class=\"elementor-widget-container\">\n<p>Los animales de caza (incluye tambi\u00e9n a las aves de cetrer\u00eda) y los perros \u201cde trabajo\u201d estar\u00e1n excluidos de la nueva ley.<\/p>\n<p><u>Por perros de trabajo<\/u> se entienden los de pastoreo o cuida de ganado, los que forman parte de cuerpos de seguridad (perros polic\u00eda y de rescate) y los de terapia o acompa\u00f1amiento a personas con discapacidad.<\/p>\n<\/div>\n<\/div>\n<\/div>\n<\/div>\n<div class=\"elementor-element elementor-element-95def48 e-flex e-con-boxed e-con e-parent\" data-id=\"95def48\" data-element_type=\"container\" data-settings=\"{&quot;content_width&quot;:&quot;boxed&quot;}\" data-core-v316-plus=\"true\">\n<div class=\"e-con-inner\">\n<div class=\"elementor-element elementor-element-89467d5 elementor-widget elementor-widget-text-editor\" data-id=\"89467d5\" data-element_type=\"widget\" data-widget_type=\"text-editor.default\">\n<div class=\"elementor-widget-container\">\n<p>Los animales de cualquier especie\u00a0<strong>usados para experimentaci\u00f3n en laboratorio<\/strong>\u00a0tambi\u00e9n quedan fuera de la protecci\u00f3n de la nueva ley, que solo menciona que \u201cdeber\u00e1n ser manejados con m\u00e9todos no agresivos ni violentos que puedan provocar sufrimiento o causar ansiedad o miedo\u201d.<\/p>\n<p>En el caso de los\u00a0<strong>animales no considerados mascotas<\/strong>, los casos m\u00e1s relevantes son los zoos y delfinarios, que deber\u00e1n ser reconvertidos en espacios de protecci\u00f3n e investigaci\u00f3n a partir de 2026; <b>los circos con animales, que quedan prohibidos<\/b> como ya suced\u00eda en varias legislaciones auton\u00f3micas; y los llamados \u201cfestejos populares\u201d, en cuyo caso la nueva ley excluye a los toros pero proh\u00edbe las peleas de gallos.<\/p>\n<\/div>\n<\/div>\n<\/div>\n<\/div>\n<div class=\"elementor-element elementor-element-d28a1c8 e-flex e-con-boxed e-con e-parent\" data-id=\"d28a1c8\" data-element_type=\"container\" data-settings=\"{&quot;content_width&quot;:&quot;boxed&quot;}\" data-core-v316-plus=\"true\">\n<div class=\"e-con-inner\">\n<div class=\"elementor-element elementor-element-d8ac50a elementor-widget elementor-widget-heading\" data-id=\"d8ac50a\" data-element_type=\"widget\" data-widget_type=\"heading.default\">\n<div class=\"elementor-widget-container\">\n<h5 class=\"elementor-heading-title elementor-size-default\">Esterilizaci\u00f3n de las mascotas<\/h5>\n<\/div>\n<\/div>\n<\/div>\n<\/div>\n<div class=\"elementor-element elementor-element-082725b e-flex e-con-boxed e-con e-parent\" data-id=\"082725b\" data-element_type=\"container\" data-settings=\"{&quot;content_width&quot;:&quot;boxed&quot;}\" data-core-v316-plus=\"true\">\n<div class=\"e-con-inner\">\n<div class=\"elementor-element elementor-element-21d8ee2 elementor-widget elementor-widget-text-editor\" data-id=\"21d8ee2\" data-element_type=\"widget\" data-widget_type=\"text-editor.default\">\n<div class=\"elementor-widget-container\">\n<p><strong><b>Los gatos sin hogar:<\/b><\/strong> para el control de las poblaciones felinas en libertad, colonias con origen en gatos abandonados, extraviados o merodeadores. Asimismo, se introduce el concepto de <i>gato comunitario.<\/i><\/p>\n<p><b>Los perros, gatos y hurones:<\/b> ser\u00e1 obligatorio esterilizarlos antes de su adopci\u00f3n o suscribir un compromiso de esterilizaci\u00f3n o no reproducci\u00f3n en el caso de que no tuviesen la edad o las condiciones necesarias para llevar a cabo la cirug\u00eda.<\/p>\n<\/div>\n<\/div>\n<\/div>\n<\/div>\n<div class=\"elementor-element elementor-element-db17ed8 e-flex e-con-boxed e-con e-parent\" data-id=\"db17ed8\" data-element_type=\"container\" data-settings=\"{&quot;content_width&quot;:&quot;boxed&quot;}\" data-core-v316-plus=\"true\">\n<div class=\"e-con-inner\">\n<div class=\"elementor-element elementor-element-dc3ef87 elementor-widget elementor-widget-heading\" data-id=\"dc3ef87\" data-element_type=\"widget\" data-widget_type=\"heading.default\">\n<div class=\"elementor-widget-container\">\n<h5 class=\"elementor-heading-title elementor-size-default\">Cursillo de formaci\u00f3n gratuito y test de sociabilidad<\/h5>\n<\/div>\n<\/div>\n<\/div>\n<\/div>\n<div class=\"elementor-element elementor-element-7410712 e-flex e-con-boxed e-con e-parent\" data-id=\"7410712\" data-element_type=\"container\" data-settings=\"{&quot;content_width&quot;:&quot;boxed&quot;}\" data-core-v316-plus=\"true\">\n<div class=\"e-con-inner\">\n<div class=\"elementor-element elementor-element-bad2d43 elementor-widget elementor-widget-text-editor\" data-id=\"bad2d43\" data-element_type=\"widget\" data-widget_type=\"text-editor.default\">\n<div class=\"elementor-widget-container\">\n<p>Esta ley establece que tendr\u00e1n que realizar un \u00ab<strong>Cursillo formativo gratuito\u00bb todas aquellas personas que quieran tener un perro y los que ya son due\u00f1os de uno tendr\u00e1n dos a\u00f1os para hacerlo.<\/strong><\/p>\n<p>Asimismo, los perros peligrosos dejar\u00e1n de ser considerados como tal y a partir de ahora, los canes de m\u00e1s de 10 kilos tendr\u00e1n que pasar un \u00abtest de sociabilidad\u00bb realizado por el veterinario que establecer\u00e1 si deben llevar bozal, correa y otras medidas de seguridad.<\/p>\n<\/div>\n<\/div>\n<\/div>\n<\/div>\n<div class=\"elementor-element elementor-element-db08e8a e-flex e-con-boxed e-con e-parent\" data-id=\"db08e8a\" data-element_type=\"container\" data-settings=\"{&quot;content_width&quot;:&quot;boxed&quot;}\" data-core-v316-plus=\"true\">\n<div class=\"e-con-inner\">\n<div class=\"elementor-element elementor-element-18241b3 elementor-widget elementor-widget-heading\" data-id=\"18241b3\" data-element_type=\"widget\" data-widget_type=\"heading.default\">\n<div class=\"elementor-widget-container\">\n<h2 class=\"elementor-heading-title elementor-size-default\">Como va a afectar la Ley a las tiendas de animales y a los criadores<\/h2>\n<\/div>\n<\/div>\n<\/div>\n<\/div>\n<div class=\"elementor-element elementor-element-ccf3dba e-flex e-con-boxed e-con e-parent\" data-id=\"ccf3dba\" data-element_type=\"container\" data-settings=\"{&quot;content_width&quot;:&quot;boxed&quot;}\" data-core-v316-plus=\"true\">\n<div class=\"e-con-inner\">\n<div class=\"elementor-element elementor-element-e496405 elementor-widget elementor-widget-text-editor\" data-id=\"e496405\" data-element_type=\"widget\" data-widget_type=\"text-editor.default\">\n<div class=\"elementor-widget-container\">\n<p><strong>las tiendas de animales<\/strong>, s\u00f3lo podr\u00e1n vender peces, roedores y p\u00e1jaros, y estos deber\u00e1n proceder de criadores registrados.<\/p>\n<p><b>Se proh\u00edbe la venta de perros, gatos y hurones<\/b>; en su lugar, se podr\u00e1 tener estos animales en adopci\u00f3n mediante acuerdos con las protectoras. Tambi\u00e9n <b>estar\u00e1 prohibida la exposici\u00f3n de cualquier animal en los escaparates.<\/b>\u00a0<\/p>\n<p>Desde la entrada en vigor de la ley empezar\u00e1 un plazo de un a\u00f1o para que los negocios cumplan con estos puntos.<\/p>\n<p><b>Los criadores,<\/b> deber\u00e1n tener una licencia profesional para ejercer su actividad, mientras que que <b>la cr\u00eda por parte de particulares no registrados ser\u00e1 considerada ilegal<\/b>; un punto que se aplica ya en algunas legislaciones auton\u00f3micas.\u00a0<\/p>\n<p>La nueva ley establece tambi\u00e9n una serie de criterios que buscan garantizar el bienestar de los animales seleccionados para la cr\u00eda, como limitar el n\u00famero de camadas al a\u00f1o y que dispongan de un espacio y un trato adecuado<\/p>\n<\/div>\n<\/div>\n<\/div>\n<\/div>\n<div class=\"elementor-element elementor-element-9003432 e-flex e-con-boxed e-con e-parent\" data-id=\"9003432\" data-element_type=\"container\" data-settings=\"{&quot;content_width&quot;:&quot;boxed&quot;}\" data-core-v316-plus=\"true\">\n<div class=\"e-con-inner\">\n<div class=\"elementor-element elementor-element-1640c4d elementor-widget elementor-widget-heading\" data-id=\"1640c4d\" data-element_type=\"widget\" data-widget_type=\"heading.default\">\n<div class=\"elementor-widget-container\">\n<h2 class=\"elementor-heading-title elementor-size-default\">\u00bfQu\u00e9 sanciones se aplicar\u00e1n?<\/h2>\n<\/div>\n<\/div>\n<\/div>\n<\/div>\n<div class=\"elementor-element elementor-element-4516743 e-flex e-con-boxed e-con e-parent\" data-id=\"4516743\" data-element_type=\"container\" data-settings=\"{&quot;content_width&quot;:&quot;boxed&quot;}\" data-core-v316-plus=\"true\">\n<div class=\"e-con-inner\">\n<div class=\"elementor-element elementor-element-b5a27ab elementor-widget elementor-widget-text-editor\" data-id=\"b5a27ab\" data-element_type=\"widget\" data-widget_type=\"text-editor.default\">\n<div class=\"elementor-widget-container\">\n<p>Las multas por incumplimiento de la ley se dividir\u00e1n en <b>infracciones leves<\/b>, cuyo importe ir\u00e1 de 500 a 10.000 \u20ac;\u00a0<b>infracciones graves<\/b>, entre 10.001 y 50.000 \u20ac; e <b>infracciones muy graves<\/b>, entre 50.001 y 200.000 \u20ac<\/p>\n<\/div>\n<\/div>\n<\/div>\n<\/div>\n<div class=\"elementor-element elementor-element-54bbe2a e-flex e-con-boxed e-con e-parent\" data-id=\"54bbe2a\" data-element_type=\"container\" data-settings=\"{&quot;content_width&quot;:&quot;boxed&quot;}\" data-core-v316-plus=\"true\">\n<div class=\"e-con-inner\">\n<div class=\"elementor-element elementor-element-9c5cd07 e-con-full e-flex e-con e-parent\" data-id=\"9c5cd07\" data-element_type=\"container\" data-settings=\"{&quot;content_width&quot;:&quot;full&quot;}\" data-core-v316-plus=\"true\">\n<div class=\"elementor-element elementor-element-8a78b67 elementor-widget elementor-widget-heading\" data-id=\"8a78b67\" data-element_type=\"widget\" data-widget_type=\"heading.default\">\n<div class=\"elementor-widget-container\">\n<h5 class=\"elementor-heading-title elementor-size-default\">Se consideran infracciones leves<\/h5>\n<\/div>\n<\/div>\n<div class=\"elementor-element elementor-element-07594b4 elementor-widget elementor-widget-text-editor\" data-id=\"07594b4\" data-element_type=\"widget\" data-widget_type=\"text-editor.default\">\n<div class=\"elementor-widget-container\">\n<ul>\n<li>Dejar a los animales atados o permitir que deambulen por espacios p\u00fablicos sin supervisi\u00f3n presencial de su cuidador.<\/li>\n<li>Dejarlos en el interior de veh\u00edculos cerrados y expuestos a condiciones meteorol\u00f3gicas peligrosas para su vida.<\/li>\n<li>Dejar a un animal sin supervisi\u00f3n durante 3 d\u00edas seguidos; en el caso de los perros, durante un m\u00e1ximo de 24 horas.<\/li>\n<li>No contratar un seguro de responsabilidad civil por da\u00f1os a terceros.<\/li>\n<li>No comunicar la p\u00e9rdida o sustracci\u00f3n de un animal en un plazo m\u00e1ximo de 48 horas; pasado este plazo se considerar\u00e1 abandono.<\/li>\n<li>Los animales que tengan acceso (no controlado) a otros animales deber\u00e1n estar esterilizados; de igual modo, en una misma vivienda, por lo menos uno de los dos sexos deber\u00e1 estar esterilizado. De no hacerlo, se considerar\u00e1 infracci\u00f3n leve.<\/li>\n<\/ul>\n<\/div>\n<\/div>\n<\/div>\n<\/div>\n<\/div>\n<div class=\"elementor-element elementor-element-fbd0bce e-flex e-con-boxed e-con e-parent\" data-id=\"fbd0bce\" data-element_type=\"container\" data-settings=\"{&quot;content_width&quot;:&quot;boxed&quot;}\" data-core-v316-plus=\"true\">\n<div class=\"e-con-inner\">\n<div class=\"elementor-element elementor-element-10f352c e-con-full e-flex e-con e-parent\" data-id=\"10f352c\" data-element_type=\"container\" data-settings=\"{&quot;content_width&quot;:&quot;full&quot;}\" data-core-v316-plus=\"true\">\n<div class=\"elementor-element elementor-element-508fb77 elementor-widget elementor-widget-heading\" data-id=\"508fb77\" data-element_type=\"widget\" data-widget_type=\"heading.default\">\n<div class=\"elementor-widget-container\">\n<h5 class=\"elementor-heading-title elementor-size-default\">Se consideran infracciones graves<\/h5>\n<\/div>\n<\/div>\n<div class=\"elementor-element elementor-element-f5cc516 elementor-widget elementor-widget-text-editor\" data-id=\"f5cc516\" data-element_type=\"widget\" data-widget_type=\"text-editor.default\">\n<div class=\"elementor-widget-container\">\n<ul>\n<li>No cumplir las obligaciones de identificaci\u00f3n animal.<\/li>\n<li>El uso no autorizado de m\u00e9todos agresivos o violentos en la educaci\u00f3n animal.<\/li>\n<li>La administraci\u00f3n de sustancias que perjudiquen a los animales o alteren su comportamiento, que no sean prescritas por un veterinario.<\/li>\n<li>Practicar al animal mutilaciones o modificaciones corporales no autorizadas.<\/li>\n<li>Utilizar animales como objeto de recompensa, premio, rifa, promoci\u00f3n.<\/li>\n<li>Utilizar animales como reclamo publicitario sin autorizaci\u00f3n.<\/li>\n<li>Criar animales silvestres al\u00f3ctonos, as\u00ed como comerciar con ellos.<\/li>\n<li>El env\u00edo de animales vivos excepto en los casos previstos en la ley.<\/li>\n<li>La retirada, reubicaci\u00f3n o desplazamiento de gatos comunitarios en situaciones distintas a las permitidas en esta ley.<\/li>\n<li>El abandono de uno o m\u00e1s animales.<\/li>\n<li>El robo, hurto o apropiaci\u00f3n indebida de un animal.<\/li>\n<\/ul>\n<\/div>\n<\/div>\n<\/div>\n<\/div>\n<\/div>\n<div class=\"elementor-element elementor-element-9266b93 e-flex e-con-boxed e-con e-parent\" data-id=\"9266b93\" data-element_type=\"container\" data-settings=\"{&quot;content_width&quot;:&quot;boxed&quot;}\" data-core-v316-plus=\"true\">\n<div class=\"e-con-inner\">\n<div class=\"elementor-element elementor-element-c100e35 e-con-full e-flex e-con e-parent\" data-id=\"c100e35\" data-element_type=\"container\" data-settings=\"{&quot;content_width&quot;:&quot;full&quot;}\" data-core-v316-plus=\"true\">\n<div class=\"elementor-element elementor-element-354c94c elementor-widget elementor-widget-heading\" data-id=\"354c94c\" data-element_type=\"widget\" data-widget_type=\"heading.default\">\n<div class=\"elementor-widget-container\">\n<h5 class=\"elementor-heading-title elementor-size-default\">Se consideran infracciones muy graves<\/h5>\n<\/div>\n<\/div>\n<div class=\"elementor-element elementor-element-28c89db elementor-widget elementor-widget-text-editor\" data-id=\"28c89db\" data-element_type=\"widget\" data-widget_type=\"text-editor.default\">\n<div class=\"elementor-widget-container\">\n<ul>\n<li>La muerte asistida de animales con medios inadecuados o por persona no cualificada.<\/li>\n<li>El adiestramiento y uso de animales para pelear y ri\u00f1as con otros animales o personas.<\/li>\n<li>El uso de animales de compa\u00f1\u00eda para consumo humano.<\/li>\n<li>Dar muerte a gatos comunitarios fuera de los casos autorizados en esta ley.<\/li>\n<li>La cr\u00eda, el comercio o la exposici\u00f3n de animales con fines comerciales por personas no autorizadas o la venta de perros, gatos y hurones en tiendas de animales.<\/li>\n<li>El uso de animales en actividades prohibidas, en particular en actividades culturales y festivas, en atracciones mec\u00e1nicas, carruseles de feria, as\u00ed como el uso de especies de fauna silvestre en espect\u00e1culos circenses.<\/li>\n<li>El uso de selecci\u00f3n gen\u00e9tica de animales de compa\u00f1\u00eda que conlleve detrimento para su salud.<\/li>\n<li>La comisi\u00f3n de m\u00e1s de una infracci\u00f3n grave en el plazo de tres a\u00f1os, cuando as\u00ed haya sido declarado por resoluci\u00f3n administrativa firme.<\/li>\n<\/ul>\n<\/div>\n<\/div>\n<\/div>\n<\/div>\n<\/div>\n<div class=\"elementor-element elementor-element-d0a0162 e-flex e-con-boxed e-con e-parent\" data-id=\"d0a0162\" data-element_type=\"container\" data-settings=\"{&quot;content_width&quot;:&quot;boxed&quot;}\" data-core-v316-plus=\"true\">\n<div class=\"e-con-inner\">\n<div class=\"elementor-element elementor-element-a570276 elementor-widget elementor-widget-text-editor\" data-id=\"a570276\" data-element_type=\"widget\" data-widget_type=\"text-editor.default\">\n<div class=\"elementor-widget-container\">\n<p>Adem\u00e1s, cualquier infracci\u00f3n que comporte sufrimiento del animal ser\u00e1 susceptible de ser penada con la inhabilitaci\u00f3n de hasta 10 a\u00f1os; y en caso de muerte, pena de c\u00e1rcel de entre 18 meses y 3 a\u00f1os.<\/p>\n<\/div>\n<\/div>\n<\/div>\n<\/div>\n<div class=\"elementor-element elementor-element-6d6d34a e-flex e-con-boxed e-con e-parent\" data-id=\"6d6d34a\" data-element_type=\"container\" data-settings=\"{&quot;content_width&quot;:&quot;boxed&quot;}\" data-core-v316-plus=\"true\">\n<div class=\"e-con-inner\">\n<div class=\"elementor-element elementor-element-c60f3b5 elementor-widget elementor-widget-text-editor\" data-id=\"c60f3b5\" data-element_type=\"widget\" data-widget_type=\"text-editor.default\">\n<div class=\"elementor-widget-container\">\n<p>Fuentes: <a href=\"https:\/\/www.elconfidencialdigital.com\/articulo\/actualidad\/nueva-ley-matas-rata-casa-recibiras-multa-50000E-18-meses-prision\/20230213165221520496.html\">Nueva Ley animal de Ione Belarra: si matas a una rata en tu casa recibir\u00e1s una multa d\u2026 (elconfidencialdigital.com)<\/a><\/p>\n<p><a href=\"https:\/\/okdiario.com\/espana\/ley-belarra-exige-metodos-no-letales-contra-plagas-ratas-respetar-sus-derechos-10441122\">La ley de bienestar animal exige m\u00e9todos \u00abno letales\u00bb contra las plagas de ratas para respetar sus \u00abderechos\u00bb (okdiario.com)<\/a><\/p>\n<p><a href=\"https:\/\/www.nationalgeographic.com.es\/mundo-animal\/como-te-afecta-la-nueva-ley-espanola-de-bienestar-animal-si-tienes-o-quieres-tener-mascotas_19503\">C\u00f3mo te afecta la nueva ley espa\u00f1ola de Bienestar Animal si tienes o quieres tener mascotas (nationalgeographic.com.es)<\/a><\/p>\n<p>FOTO: https:\/\/www.change.org\/p\/congresocol-aprueben-la-ley-animal-172-que-penaliza-al-agresor<\/p>\n<p>https:\/\/www.insec.es\/la-nueva-ley-de-bienestar-animal\/<\/p>\n<\/div>\n<\/div>\n<\/div>\n<\/div>\n","protected":false},"excerpt":{"rendered":"<p>La Nueva Ley Animal de Ione Belarra prioriza los m\u00e9todos no letales contra las plagas&#8230;<\/p>\n","protected":false},"author":1,"featured_media":63578,"comment_status":"closed","ping_status":"closed","sticky":false,"template":"","format":"standard","meta":{"_coblocks_attr":"","_coblocks_dimensions":"","_coblocks_responsive_height":"","_coblocks_accordion_ie_support":"","jetpack_post_was_ever_published":false,"_jetpack_newsletter_access":"","_jetpack_dont_email_post_to_subs":false,"_jetpack_newsletter_tier_id":0,"_jetpack_memberships_contains_paywalled_content":false,"_jetpack_memberships_contains_paid_content":false,"footnotes":"","jetpack_publicize_message":"","jetpack_publicize_feature_enabled":true,"jetpack_social_post_already_shared":false,"jetpack_social_options":{"image_generator_settings":{"template":"highway","default_image_id":0,"enabled":false},"version":2}},"categories":[2,1161,44,10],"tags":[10689],"class_list":["post-63576","post","type-post","status-publish","format-standard","has-post-thumbnail","hentry","category-atarfe","category-ciudadania","category-noticias-de-hoy","category-salud","tag-ley-de-bienestar-animal"],"jetpack_publicize_connections":[],"jetpack_featured_media_url":"https:\/\/i0.wp.com\/miradordeatarfe.es\/wp-content\/uploads\/2023\/09\/XnmnhXAawSDaFsO-800x450-noPad.jpg?fit=425%2C282&ssl=1","jetpack_likes_enabled":true,"jetpack_sharing_enabled":true,"_links":{"self":[{"href":"https:\/\/miradordeatarfe.es\/index.php?rest_route=\/wp\/v2\/posts\/63576","targetHints":{"allow":["GET"]}}],"collection":[{"href":"https:\/\/miradordeatarfe.es\/index.php?rest_route=\/wp\/v2\/posts"}],"about":[{"href":"https:\/\/miradordeatarfe.es\/index.php?rest_route=\/wp\/v2\/types\/post"}],"author":[{"embeddable":true,"href":"https:\/\/miradordeatarfe.es\/index.php?rest_route=\/wp\/v2\/users\/1"}],"replies":[{"embeddable":true,"href":"https:\/\/miradordeatarfe.es\/index.php?rest_route=%2Fwp%2Fv2%2Fcomments&post=63576"}],"version-history":[{"count":1,"href":"https:\/\/miradordeatarfe.es\/index.php?rest_route=\/wp\/v2\/posts\/63576\/revisions"}],"predecessor-version":[{"id":63579,"href":"https:\/\/miradordeatarfe.es\/index.php?rest_route=\/wp\/v2\/posts\/63576\/revisions\/63579"}],"wp:featuredmedia":[{"embeddable":true,"href":"https:\/\/miradordeatarfe.es\/index.php?rest_route=\/wp\/v2\/media\/63578"}],"wp:attachment":[{"href":"https:\/\/miradordeatarfe.es\/index.php?rest_route=%2Fwp%2Fv2%2Fmedia&parent=63576"}],"wp:term":[{"taxonomy":"category","embeddable":true,"href":"https:\/\/miradordeatarfe.es\/index.php?rest_route=%2Fwp%2Fv2%2Fcategories&post=63576"},{"taxonomy":"post_tag","embeddable":true,"href":"https:\/\/miradordeatarfe.es\/index.php?rest_route=%2Fwp%2Fv2%2Ftags&post=63576"}],"curies":[{"name":"wp","href":"https:\/\/api.w.org\/{rel}","templated":true}]}}