{"id":63584,"date":"2023-09-30T18:19:01","date_gmt":"2023-09-30T16:19:01","guid":{"rendered":"https:\/\/miradordeatarfe.es\/?p=63584"},"modified":"2023-09-30T18:19:01","modified_gmt":"2023-09-30T16:19:01","slug":"el-atarfeno-carlos-castellano-fernandez-campeon-de-europa-de-tiro-con-arco","status":"publish","type":"post","link":"https:\/\/miradordeatarfe.es\/?p=63584","title":{"rendered":"\u00a1El Atarfe\u00f1o Carlos Castellano Fern\u00e1ndez CAMPE\u00d3N DE EUROPA DE TIRO CON ARCO"},"content":{"rendered":"<h3 dir=\"auto\" style=\"text-align: justify;\">Queremos felicitar con orgullo a Carlos Castellano Fern\u00e1ndez, por su impresionante logro: \u00a1se ha coronado como CAMPE\u00d3N DE EUROPA en la disciplina de tiro con arco!\u00a0<\/h3>\n<div dir=\"auto\" style=\"text-align: justify;\">Carlos ha demostrado su destreza y dedicaci\u00f3n, llevando el nombre de Atarfe a lo m\u00e1s alto del deporte europeo. \u00a1Un verdadero orgullo para nuestro pueblo!<\/div>\n<div dir=\"auto\" style=\"text-align: justify;\">\u00a0<\/div>\n<div dir=\"auto\" style=\"text-align: justify;\">Su victoria es un testimonio de que con pasi\u00f3n, esfuerzo y determinaci\u00f3n, los sue\u00f1os pueden hacerse realidad. \u00a1Bravo, Carlos!\u00a0<\/div>\n<div dir=\"auto\" style=\"text-align: justify;\">\u00a0<\/div>\n<div dir=\"auto\"><a href=\"https:\/\/i0.wp.com\/miradordeatarfe.es\/wp-content\/uploads\/2023\/09\/Screenshot-2023-09-30-at-18-15-09-23-30-European-3d-Championships-Individual-Finals.png?ssl=1\"><img data-recalc-dims=\"1\" loading=\"lazy\" decoding=\"async\" class=\"alignnone wp-image-63586 size-full\" src=\"https:\/\/i0.wp.com\/miradordeatarfe.es\/wp-content\/uploads\/2023\/09\/Screenshot-2023-09-30-at-18-15-09-23-30-European-3d-Championships-Individual-Finals.png?resize=357%2C302&#038;ssl=1\" alt=\"\" width=\"357\" height=\"302\" srcset=\"https:\/\/i0.wp.com\/miradordeatarfe.es\/wp-content\/uploads\/2023\/09\/Screenshot-2023-09-30-at-18-15-09-23-30-European-3d-Championships-Individual-Finals.png?w=357&amp;ssl=1 357w, https:\/\/i0.wp.com\/miradordeatarfe.es\/wp-content\/uploads\/2023\/09\/Screenshot-2023-09-30-at-18-15-09-23-30-European-3d-Championships-Individual-Finals.png?resize=300%2C254&amp;ssl=1 300w\" sizes=\"auto, (max-width: 357px) 100vw, 357px\" \/><\/a><\/div>\n<div dir=\"auto\">No te pierdas el momento en el que Carlos se ha proclamado Campe\u00f3n de Europa<\/div>\n<div dir=\"auto\">\u00a0<\/div>\n<div dir=\"auto\">\u00a0<\/div>\n<div dir=\"auto\"><a href=\"https:\/\/youtu.be\/FwjCk-Qzd0k?t=7339\" target=\"_blank\" rel=\"noopener\" data-saferedirecturl=\"https:\/\/www.google.com\/url?q=https:\/\/youtu.be\/FwjCk-Qzd0k?t%3D7339&amp;source=gmail&amp;ust=1696175743259000&amp;usg=AOvVaw1OkJA0ruMx_KNcBopDvjfW\">https:\/\/youtu.be\/FwjCk-Qzd0k?<wbr \/>t=7339<\/a><\/div>\n","protected":false},"excerpt":{"rendered":"<p>Queremos felicitar con orgullo a Carlos Castellano Fern\u00e1ndez, por su impresionante logro: \u00a1se ha coronado&#8230;<\/p>\n","protected":false},"author":1,"featured_media":63585,"comment_status":"closed","ping_status":"closed","sticky":false,"template":"","format":"standard","meta":{"_coblocks_attr":"","_coblocks_dimensions":"","_coblocks_responsive_height":"","_coblocks_accordion_ie_support":"","jetpack_post_was_ever_published":false,"_jetpack_newsletter_access":"","_jetpack_dont_email_post_to_subs":false,"_jetpack_newsletter_tier_id":0,"_jetpack_memberships_contains_paywalled_content":false,"_jetpack_memberships_contains_paid_content":false,"footnotes":"","jetpack_publicize_message":"","jetpack_publicize_feature_enabled":true,"jetpack_social_post_already_shared":false,"jetpack_social_options":{"image_generator_settings":{"template":"highway","default_image_id":0,"enabled":false},"version":2}},"categories":[2,182,44,15],"tags":[10690,7639],"class_list":["post-63584","post","type-post","status-publish","format-standard","has-post-thumbnail","hentry","category-atarfe","category-deportes","category-noticias-de-hoy","category-ultimas-noticias","tag-campeon-de-europa","tag-tiro-con-arco"],"jetpack_publicize_connections":[],"jetpack_featured_media_url":"https:\/\/i0.wp.com\/miradordeatarfe.es\/wp-content\/uploads\/2023\/09\/120012273_3460751070655405_2942042806388043392_n.jpg?fit=2048%2C1536&ssl=1","jetpack_likes_enabled":true,"jetpack_sharing_enabled":true,"_links":{"self":[{"href":"https:\/\/miradordeatarfe.es\/index.php?rest_route=\/wp\/v2\/posts\/63584","targetHints":{"allow":["GET"]}}],"collection":[{"href":"https:\/\/miradordeatarfe.es\/index.php?rest_route=\/wp\/v2\/posts"}],"about":[{"href":"https:\/\/miradordeatarfe.es\/index.php?rest_route=\/wp\/v2\/types\/post"}],"author":[{"embeddable":true,"href":"https:\/\/miradordeatarfe.es\/index.php?rest_route=\/wp\/v2\/users\/1"}],"replies":[{"embeddable":true,"href":"https:\/\/miradordeatarfe.es\/index.php?rest_route=%2Fwp%2Fv2%2Fcomments&post=63584"}],"version-history":[{"count":1,"href":"https:\/\/miradordeatarfe.es\/index.php?rest_route=\/wp\/v2\/posts\/63584\/revisions"}],"predecessor-version":[{"id":63587,"href":"https:\/\/miradordeatarfe.es\/index.php?rest_route=\/wp\/v2\/posts\/63584\/revisions\/63587"}],"wp:featuredmedia":[{"embeddable":true,"href":"https:\/\/miradordeatarfe.es\/index.php?rest_route=\/wp\/v2\/media\/63585"}],"wp:attachment":[{"href":"https:\/\/miradordeatarfe.es\/index.php?rest_route=%2Fwp%2Fv2%2Fmedia&parent=63584"}],"wp:term":[{"taxonomy":"category","embeddable":true,"href":"https:\/\/miradordeatarfe.es\/index.php?rest_route=%2Fwp%2Fv2%2Fcategories&post=63584"},{"taxonomy":"post_tag","embeddable":true,"href":"https:\/\/miradordeatarfe.es\/index.php?rest_route=%2Fwp%2Fv2%2Ftags&post=63584"}],"curies":[{"name":"wp","href":"https:\/\/api.w.org\/{rel}","templated":true}]}}