{"id":63588,"date":"2023-09-02T11:27:30","date_gmt":"2023-09-02T09:27:30","guid":{"rendered":"https:\/\/miradordeatarfe.es\/?p=63588"},"modified":"2023-12-08T23:27:13","modified_gmt":"2023-12-08T22:27:13","slug":"el-color-de-la-memoria-por-remedios-sanchez","status":"publish","type":"post","link":"https:\/\/miradordeatarfe.es\/?p=63588","title":{"rendered":"\u00abEL COLOR DE LA MEMORIA\u00bb por Remedios S\u00e1nchez"},"content":{"rendered":"<h3 style=\"text-align: justify;\">La memoria tiene un color amarillento que se va desdibujando en los bordes conforme crecemos hasta dejar s\u00f3lo la esencia.<\/h3>\n<p style=\"text-align: justify;\">Es el patrimonio de la infancia, que se dulcifica o se convierte en territorio hostil, depende del caso; permanece a retazos, fragmentado en aquello que nos marca a perpetuidad. Se van borrando los gestos ampulosos y quedan los peque\u00f1os instantes convertidos casi en una foto fija del segundo preciso e imborrable que se recrea mil veces. Nadie recuerda seguramente c\u00f3mo lo ense\u00f1aron a leer o a escribir, pero mantiene en la retina, aunque sea de manera imprecisa, los rostros de aquellos gatitos que eran la familia Micho (Morito, Canelo y Mich\u00edn, hijos de pap\u00e1 Micho y de mam\u00e1 Gata, no nos olvidemos) y sabe que eran el fondo de aquel momento vital; tampoco c\u00f3mo aprendi\u00f3 a nadar, pero rememora el primer olor a mar, las olas verdiazules enfrentadas al flotador violeta pero, especialmente, la textura del brazo del padre, protegi\u00e9ndonos del miedo a la inmensidad desconocida.<\/p>\n<p style=\"text-align: justify;\">Poco a poco tambi\u00e9n se desvanecen los perfiles exactos del rostro del primer amor, cuando la infancia daba paso a la adolescencia rebelde, pero nunca las mariposas azules desbordando la risa t\u00edmida cuando las miradas se encontraban. Y sin embargo todo fue, todo sucedi\u00f3 en el pasado y queda detr\u00e1s de una lluvia fresca y perdurable que ha calado sin que hayamos pensado siquiera en ello, evocaci\u00f3n que nos edifica tal y como somos hoy: la condici\u00f3n \u00e9tica de cada cual, la manera de proceder, de afrontar la vida y sus reveses. Lo importante de lo que conforma la identidad de una persona adulta, lo b\u00e1sico se fragua en la ni\u00f1ez, aunque poco a poco perdamos la conciencia de ello.<\/p>\n<p style=\"text-align: justify;\">No hay racionalidad en la infancia: hay instintos, un ir tanteando como quien no ve, arriesg\u00e1ndose en cada paso y con la gu\u00eda de nuestros mayores. Quien crea que la madurez nos hace lo que somos seguramente se equivoca porque la imagen verdadera que devuelve inconscientemente el espejo por las ma\u00f1anas es una que s\u00f3lo vemos cuando estamos frente a frente con nuestra soledad (soledad es un instante de plenitud, afirm\u00f3 Montaigne) y la condiciona la emoci\u00f3n, nunca el raciocinio, por mucho que nos esforcemos en creernos la efigie de barro que erigimos cuando nos vestimos de personas serias y ordenadas. Porque en cada uno sigue viviendo, convenientemente escondido, el ni\u00f1o que re\u00eda fuerte en el columpio queriendo alcanzar el cielo o la ni\u00f1a que, en las tardes largas del verano y con las cigarras estridulando de fondo, convert\u00eda los libros en un paisaje de aventuras donde siempre triunfaba el bien.<\/p>\n<p style=\"text-align: justify;\">Por eso, siquiera a ratos, hay que sacar esa infancia de paseo, calzarse sus zapatos para mirar el mundo con inocencia, con la pasi\u00f3n que hemos ido aprendiendo a sojuzgar por el camino, con aquellas ilusiones, las esperanzas que nunca alcanzamos, pero que pueden a\u00fan ser posibles si somos valientes y dejamos de enga\u00f1arnos. Porque nada est\u00e1 perdido, yo invoco al futuro en defensa de nuestra autenticidad, de todo lo que no es artificiosa apariencia condicionada por las obligaciones. Hay que rescatar la nobleza de aquella memoria limpia para encontrar el verdadero sosiego. \u00a0Y tambi\u00e9n, seguramente, cantar; porque, como escribi\u00f3 Pilar Paz Pasamar, en determinados momentos de la vida, cantar, cantar, cantar es lo \u00fanico que importa.<\/p>\n","protected":false},"excerpt":{"rendered":"<p>La memoria tiene un color amarillento que se va desdibujando en los bordes conforme crecemos&#8230;<\/p>\n","protected":false},"author":1,"featured_media":63589,"comment_status":"closed","ping_status":"closed","sticky":false,"template":"","format":"standard","meta":{"_coblocks_attr":"","_coblocks_dimensions":"","_coblocks_responsive_height":"","_coblocks_accordion_ie_support":"","jetpack_post_was_ever_published":false,"_jetpack_newsletter_access":"","_jetpack_dont_email_post_to_subs":false,"_jetpack_newsletter_tier_id":0,"_jetpack_memberships_contains_paywalled_content":false,"_jetpack_memberships_contains_paid_content":false,"footnotes":"","jetpack_publicize_message":"","jetpack_publicize_feature_enabled":true,"jetpack_social_post_already_shared":false,"jetpack_social_options":{"image_generator_settings":{"template":"highway","default_image_id":0,"enabled":false},"version":2}},"categories":[1161,6914,10],"tags":[389,1466],"class_list":["post-63588","post","type-post","status-publish","format-standard","has-post-thumbnail","hentry","category-ciudadania","category-opinion-de-reme-sanchez","category-salud","tag-infancia","tag-memoria"],"jetpack_publicize_connections":[],"jetpack_featured_media_url":"https:\/\/i0.wp.com\/miradordeatarfe.es\/wp-content\/uploads\/2023\/09\/Sin-titulo.jpeg?fit=286%2C176&ssl=1","jetpack_likes_enabled":true,"jetpack_sharing_enabled":true,"_links":{"self":[{"href":"https:\/\/miradordeatarfe.es\/index.php?rest_route=\/wp\/v2\/posts\/63588","targetHints":{"allow":["GET"]}}],"collection":[{"href":"https:\/\/miradordeatarfe.es\/index.php?rest_route=\/wp\/v2\/posts"}],"about":[{"href":"https:\/\/miradordeatarfe.es\/index.php?rest_route=\/wp\/v2\/types\/post"}],"author":[{"embeddable":true,"href":"https:\/\/miradordeatarfe.es\/index.php?rest_route=\/wp\/v2\/users\/1"}],"replies":[{"embeddable":true,"href":"https:\/\/miradordeatarfe.es\/index.php?rest_route=%2Fwp%2Fv2%2Fcomments&post=63588"}],"version-history":[{"count":1,"href":"https:\/\/miradordeatarfe.es\/index.php?rest_route=\/wp\/v2\/posts\/63588\/revisions"}],"predecessor-version":[{"id":63590,"href":"https:\/\/miradordeatarfe.es\/index.php?rest_route=\/wp\/v2\/posts\/63588\/revisions\/63590"}],"wp:featuredmedia":[{"embeddable":true,"href":"https:\/\/miradordeatarfe.es\/index.php?rest_route=\/wp\/v2\/media\/63589"}],"wp:attachment":[{"href":"https:\/\/miradordeatarfe.es\/index.php?rest_route=%2Fwp%2Fv2%2Fmedia&parent=63588"}],"wp:term":[{"taxonomy":"category","embeddable":true,"href":"https:\/\/miradordeatarfe.es\/index.php?rest_route=%2Fwp%2Fv2%2Fcategories&post=63588"},{"taxonomy":"post_tag","embeddable":true,"href":"https:\/\/miradordeatarfe.es\/index.php?rest_route=%2Fwp%2Fv2%2Ftags&post=63588"}],"curies":[{"name":"wp","href":"https:\/\/api.w.org\/{rel}","templated":true}]}}