{"id":63597,"date":"2023-10-01T10:29:31","date_gmt":"2023-10-01T08:29:31","guid":{"rendered":"https:\/\/miradordeatarfe.es\/?p=63597"},"modified":"2023-09-30T19:33:45","modified_gmt":"2023-09-30T17:33:45","slug":"unas-3-000-personas-secundan-la-marcha-contra-la-cumbre-europea-bajo-el-lema-otra-europa-es-posible","status":"publish","type":"post","link":"https:\/\/miradordeatarfe.es\/?p=63597","title":{"rendered":"Unas 3.000 personas secundan la marcha contra la Cumbre Europea bajo el lema &#8216;Otra Europa es posible&#8217;"},"content":{"rendered":"<h3 style=\"text-align: justify;\">Para reivindicar \u00abotras pol\u00edticas europeas que pongan en el centro la vida de la gente y del planeta\u00bb.<\/h3>\n<div class=\"cuerpo\">\n<p style=\"text-align: justify;\">Unas 3.000 personas, seg\u00fan los organizadores, han secundado este s\u00e1bado por las calles de Granada la manifestaci\u00f3n convocada por una treintena de organizaciones bajo el lema &#8216;Otra Europa es posible&#8217; contra las cumbres que se celebrar\u00e1n en esta ciudad el 5 y 6 de octubre con motivo de la Presidencia Espa\u00f1ola de la Uni\u00f3n Europea.<\/p>\n<p style=\"text-align: justify;\">La manifestaci\u00f3n ha contado con la presencia de diversas organizaciones pol\u00edticas, sindicales y movimientos sociales venidas de distintos puntos de Espa\u00f1a para reivindicar \u00abotras pol\u00edticas europeas que pongan en el centro la vida de la gente y del planeta\u00bb tratando as\u00ed de visibilizar que hay otros \u00abmodelos\u00bb posibles frente al capitalismo.<\/p>\n<p style=\"text-align: justify;\">La manifestaci\u00f3n, que ha incluido la lectura de un manifiesto, ha partido a las 12,30 horas de la Fuente de las Batallas y recorrido las arteria principal de la ciudad para concluir en el Parque del Triunfo.<\/p>\n<p style=\"text-align: justify;\">En la Plaza Isabel la Cat\u00f3lica han desplegado una gran pancarta en la fachada del edificio del BBV con el lema \u00abOtra Granada, otra Europa es posible\u00bb, como muestra este v\u00eddeo de Extinction Rebellion Granada, unas de las organizaciones que forman parte de la Cumbre Social:\u00a0<\/p>\n<div class=\"media media-element-container media-default\" style=\"text-align: justify;\">\n<div id=\"file-95590\" class=\"file file-video file-video-mp4\">\n<h2 class=\"element-invisible\"><a href=\"http:\/\/www.elindependientedegranada.es\/file\/whatsappvideo2023-09-30at141340mp4\">whatsapp_video_2023-09-30_at_14.13.40.mp4<\/a><\/h2>\n<\/div>\n<\/div>\n<p class=\"sumari\" style=\"text-align: justify;\">La treintena de organizaciones que integran la &#8216;Cumbre Social de Granada&#8217; est\u00e1 pendiente de la decisi\u00f3n que tome el TSJA sobre el itinerario alternativo para la pr\u00f3xima movilizaci\u00f3n, prevista para el 5 de octubre<\/p>\n<p style=\"text-align: justify;\">La treintena de organizaciones que integran la llamada &#8216;Cumbre Social de Granada&#8217; est\u00e1n pendientes de la decisi\u00f3n que tome el Tribunal Superior de Justicia de Andaluc\u00eda (TSJA) el pr\u00f3ximo lunes sobre el recurso que han presentado contra el itinerario alternativo propuesto por la Subdelegaci\u00f3n del Gobierno para la manifestaci\u00f3n que han convocado el 5 de octubre con motivo de la Cumbre Europea.<\/p>\n<p style=\"text-align: justify;\">El alto tribunal andaluz ya les dio parte de la raz\u00f3n hace unos d\u00edas revocando la decisi\u00f3n de la Administraci\u00f3n de prohibir la marcha por motivos de seguridad e instando a que se retrotrajera el expediente para que, antes de pronunciarse sobre una posible prohibici\u00f3n, -que la Constituci\u00f3n s\u00f3lo contempla cuando existan razones fundadas de alteraci\u00f3n del orden p\u00fablico con peligro para personas o bienes- ofreciera un recorrido alternativo a los convocantes.<\/p>\n<p style=\"text-align: justify;\">Ellos quer\u00edan que la marcha transcurriera por las calles del centro -desde el Parque del Triunfo hasta el Palacio de Congresos, donde estar\u00e1n reunidos los l\u00edderes europeos-, algo que Subdelegaci\u00f3n rechaz\u00f3 por seguridad, pero el nuevo recorrido que les han propuesto, seg\u00fan denuncian, se sit\u00faa \u00aba m\u00e1s de cuatro kil\u00f3metros de distancia del inicialmente previsto\u00bb.<\/p>\n<p style=\"text-align: justify;\">Mantienen que as\u00ed \u00abse vac\u00eda de contenido el derecho de manifestaci\u00f3n, ya que un alejamiento radical y excesivo entre la manifestaci\u00f3n y los actos pol\u00edticos contra los que se convoca frustra la finalidad constitucional de protesta\u00bb. A juicio de las organizaciones, \u00abexist\u00edan otras alternativas no lesivas del derecho de manifestaci\u00f3n que, sin embargo, la Subdelegaci\u00f3n no ha considerado en ning\u00fan momento\u00bb.<\/p>\n<p>&nbsp;<\/p>\n<p>&nbsp;<\/p>\n<p>&nbsp;<\/p>\n<p>&nbsp;<\/p>\n<\/div>\n<div>\n<div id=\"disqus_thread\">\u00a0<\/div>\n<\/div>\n","protected":false},"excerpt":{"rendered":"<p>Para reivindicar \u00abotras pol\u00edticas europeas que pongan en el centro la vida de la gente&#8230;<\/p>\n","protected":false},"author":1,"featured_media":63598,"comment_status":"closed","ping_status":"closed","sticky":false,"template":"","format":"standard","meta":{"_coblocks_attr":"","_coblocks_dimensions":"","_coblocks_responsive_height":"","_coblocks_accordion_ie_support":"","jetpack_post_was_ever_published":false,"_jetpack_newsletter_access":"","_jetpack_dont_email_post_to_subs":false,"_jetpack_newsletter_tier_id":0,"_jetpack_memberships_contains_paywalled_content":false,"_jetpack_memberships_contains_paid_content":false,"footnotes":"","jetpack_publicize_message":"","jetpack_publicize_feature_enabled":true,"jetpack_social_post_already_shared":false,"jetpack_social_options":{"image_generator_settings":{"template":"highway","default_image_id":0,"enabled":false},"version":2}},"categories":[1161,44,7671,15],"tags":[10623,3644],"class_list":["post-63597","post","type-post","status-publish","format-standard","has-post-thumbnail","hentry","category-ciudadania","category-noticias-de-hoy","category-politica","category-ultimas-noticias","tag-cumbre-europea","tag-protesta"],"jetpack_publicize_connections":[],"jetpack_featured_media_url":"https:\/\/i0.wp.com\/miradordeatarfe.es\/wp-content\/uploads\/2023\/09\/f7rsjo8xiaakb6o.jpg?fit=648%2C711&ssl=1","jetpack_likes_enabled":true,"jetpack_sharing_enabled":true,"_links":{"self":[{"href":"https:\/\/miradordeatarfe.es\/index.php?rest_route=\/wp\/v2\/posts\/63597","targetHints":{"allow":["GET"]}}],"collection":[{"href":"https:\/\/miradordeatarfe.es\/index.php?rest_route=\/wp\/v2\/posts"}],"about":[{"href":"https:\/\/miradordeatarfe.es\/index.php?rest_route=\/wp\/v2\/types\/post"}],"author":[{"embeddable":true,"href":"https:\/\/miradordeatarfe.es\/index.php?rest_route=\/wp\/v2\/users\/1"}],"replies":[{"embeddable":true,"href":"https:\/\/miradordeatarfe.es\/index.php?rest_route=%2Fwp%2Fv2%2Fcomments&post=63597"}],"version-history":[{"count":1,"href":"https:\/\/miradordeatarfe.es\/index.php?rest_route=\/wp\/v2\/posts\/63597\/revisions"}],"predecessor-version":[{"id":63599,"href":"https:\/\/miradordeatarfe.es\/index.php?rest_route=\/wp\/v2\/posts\/63597\/revisions\/63599"}],"wp:featuredmedia":[{"embeddable":true,"href":"https:\/\/miradordeatarfe.es\/index.php?rest_route=\/wp\/v2\/media\/63598"}],"wp:attachment":[{"href":"https:\/\/miradordeatarfe.es\/index.php?rest_route=%2Fwp%2Fv2%2Fmedia&parent=63597"}],"wp:term":[{"taxonomy":"category","embeddable":true,"href":"https:\/\/miradordeatarfe.es\/index.php?rest_route=%2Fwp%2Fv2%2Fcategories&post=63597"},{"taxonomy":"post_tag","embeddable":true,"href":"https:\/\/miradordeatarfe.es\/index.php?rest_route=%2Fwp%2Fv2%2Ftags&post=63597"}],"curies":[{"name":"wp","href":"https:\/\/api.w.org\/{rel}","templated":true}]}}