{"id":6360,"date":"2016-02-02T07:49:10","date_gmt":"2016-02-02T07:49:10","guid":{"rendered":"http:\/\/miradordeatarfe.es\/?p=6360"},"modified":"2016-02-01T13:52:21","modified_gmt":"2016-02-01T13:52:21","slug":"la-oms-decide-si-declara-emergencia-global-el-virus-del-zika","status":"publish","type":"post","link":"https:\/\/miradordeatarfe.es\/?p=6360","title":{"rendered":"La OMS decide si declara emergencia global el virus del zika"},"content":{"rendered":"<div class=\"articulo-apertura \"><\/div>\n<div id=\"articulo_contenedor\" class=\"articulo__contenedor\">\n<figure class=\"foto foto_w980\"><figcaption class=\"foto-pie\">El Comit\u00e9 de Emergencia de la Organizaci\u00f3n Mundial de la Salud (OMS) se re\u00fane este lunes para decidir si el brote de virus del zika, presente ya en 24 pa\u00edses de Am\u00e9rica, constituye una emergencia de salud p\u00fablica de importancia internacional.<!--more--> <\/figcaption><\/figure>\n<figure class=\"foto foto_w980\" style=\"text-align: justify;\"><figcaption class=\"foto-pie\">El virus, que transmite el mosquito <em>Aedes aegypti<\/em> \u2014el mismo que el dengue y el chikungu\u00f1a\u2014, normalmente provoca una infecci\u00f3n leve pero se ha asociado a casos de microcefalia en beb\u00e9s de madres infectadas y a algunos casos de s\u00edndrome de Guillain-Barr\u00e9. Una asociaci\u00f3n que ha llevado a la OMS a considerar el zika como una amenaza \u00abde proporciones alarmantes\u00bb, como la defini\u00f3 la directora general, Margaret Chan.<br \/>\n<\/figcaption><\/figure>\n<div id=\"cuerpo_noticia\" class=\"articulo-cuerpo\">\n<p style=\"text-align: justify;\">Declarar una emergencia de salud p\u00fablica internacional, decisi\u00f3n que tom\u00f3 en 2009 con la gripe A y en 2014 con el \u00e9bola,\u00a0 implica poner en marcha mecanismos para coordinar la detecci\u00f3n, la prevenci\u00f3n y la vigilancia del problema; tambi\u00e9n la posibilidad de movilizar a los expertos de la OMS y fondos. La reuni\u00f3n se celebra a trav\u00e9s de videoconferencia, pero no se ha clarificado si las conclusiones de los expertos se har\u00e1n p\u00fablicas este lunes.<\/p>\n<p style=\"text-align: justify;\">La OMS \u2014si as\u00ed lo deciden los expertos que forman el comit\u00e9 de emergencia\u2014 tambi\u00e9n puede hacer recomendaciones sobre los viajes a las zonas afectadas, como ya han realizado Estados Unidos y las autoridades sanitarias europeas, que han aconsejado a las embarazadas \u2014el grupo de mayor riesgo\u2014 que no visiten la regiones donde se han detectado casos. Una decisi\u00f3n delicada, sobre todo para Brasil (el pa\u00eds m\u00e1s afectado por el virus) ya que puede afectar a los carnavales y a los Juegos Ol\u00edmpicos que se celebran este verano.<\/p>\n<p style=\"text-align: justify;\">La gesti\u00f3n del brote del zika va a ser una prueba importante para la OMS, despu\u00e9s de sus actuaciones fallidas en las crisis de la gripe A y el \u00e9bola. La OMS ha reconocido que respondi\u00f3 lenta e insuficiente ante \u00e9l \u00e9bola. Su alerta global no fue lo bastante agresiva, su capacidad de comunicaci\u00f3n de riesgos y de reacci\u00f3n fue limitada y no fue eficaz en la coordinaci\u00f3n con otros organismos. La\u00a0Organizaci\u00f3n Mundial de la Salud tambi\u00e9n recibi\u00f3 duras cr\u00edticas por sus actuaciones poco transparentes y exageradas \u2014como las describ\u00edan dos informes uno del Consejo de Europa y otro publicado en la prestigiosa revista cient\u00edfica British Medical Journal\u2014 durante la pandemia de H1N1.<\/p>\n<section id=\"sumario_1|despiece\" class=\"sumario_despiece derecha\">\n<div class=\"sumario__interior\">\n<header class=\"sumario-encabezado\">\n<h4 class=\"sumario-titulo\"><span class=\"sin_enlace\">CRISIS DE SALUD P\u00daBLICA<\/span><\/h4>\n<\/header>\n<div class=\"sumario-texto\">\n<ul class=\"en_contenido\">\n<li><strong>2002.<\/strong>Neumon\u00eda asi\u00e1tica. Fue la primera gran crisis sanitaria del siglo XXI. La OMS fue acusada de minimizar el problema para no enfadar a China.<\/li>\n<\/ul>\n<ul class=\"en_contenido\">\n<li><strong>2005.<\/strong> Gripe aviar. La enfermedad a\u00fan no ha sido controlada, pero no es tan peligrosa en humanos como se tem\u00eda.<\/li>\n<\/ul>\n<ul class=\"en_contenido\">\n<li><strong>2009.<\/strong> Gripe A. La OMS declar\u00f3 la pandemia por seguir un protocolo que no evaluaba la gravedad de la infecci\u00f3n, sino su extensi\u00f3n. Tuvo que rectificar.<\/li>\n<\/ul>\n<ul class=\"en_contenido\">\n<li><strong>2014.<\/strong> \u00c9bola. Se tard\u00f3 cuatro meses en declarar el brote y otros cuatro en decretar la emergencia.<\/li>\n<\/ul>\n<\/div>\n<\/div>\n<\/section>\n<p>La del zika es una crisis un poco distinta. Para este virus que, seg\u00fan la OMS puede afectar a tres o cuatro millones de personas, no existe tratamiento ni indemnizaci\u00f3n. Y tampoco hay perspectiva a corto plazo de lograr una vacuna. De momento, hay dos proyectos de investigaci\u00f3n trabajando en ella, pero los ensayos cl\u00ednicos no se prev\u00e9n hasta el verano, como m\u00ednimo, seg\u00fan los responsables del Centro de Prevenci\u00f3n y Control de Enfermedades de Estados Unidos (CDC, por sus siglas en ingl\u00e9s). El \u00fanico modo de luchar contra la infecci\u00f3n es prevenirla: evitar que el mosquito pique y acabar con \u00e9l.<\/p>\n<\/div>\n<section id=\"articulo-tags\" class=\"articulo-tags\">\n<header class=\"articulo-tags-encabezado \"><\/header>\n<\/section>\n<\/div>\n<p>&nbsp;<\/p>\n<p>&nbsp;<\/p>\n","protected":false},"excerpt":{"rendered":"<p>El Comit\u00e9 de Emergencia de la Organizaci\u00f3n Mundial de la Salud (OMS) se re\u00fane este&#8230;<\/p>\n","protected":false},"author":1,"featured_media":6362,"comment_status":"closed","ping_status":"closed","sticky":false,"template":"","format":"standard","meta":{"_coblocks_attr":"","_coblocks_dimensions":"","_coblocks_responsive_height":"","_coblocks_accordion_ie_support":"","jetpack_post_was_ever_published":false,"_jetpack_newsletter_access":"","_jetpack_dont_email_post_to_subs":false,"_jetpack_newsletter_tier_id":0,"_jetpack_memberships_contains_paywalled_content":false,"_jetpack_memberships_contains_paid_content":false,"footnotes":"","jetpack_publicize_message":"","jetpack_publicize_feature_enabled":true,"jetpack_social_post_already_shared":false,"jetpack_social_options":{"image_generator_settings":{"template":"highway","default_image_id":0,"enabled":false},"version":2}},"categories":[186,44,15,10],"tags":[1368,697,2124],"class_list":["post-6360","post","type-post","status-publish","format-standard","has-post-thumbnail","hentry","category-instituciones","category-noticias-de-hoy","category-ultimas-noticias","category-salud","tag-oms","tag-virus","tag-zika"],"jetpack_publicize_connections":[],"jetpack_featured_media_url":"https:\/\/i0.wp.com\/miradordeatarfe.es\/wp-content\/uploads\/2016\/02\/1454324995_784807_1454329612_noticia_normal_recorte1.jpg?fit=1960%2C1307&ssl=1","jetpack_likes_enabled":true,"jetpack_sharing_enabled":true,"_links":{"self":[{"href":"https:\/\/miradordeatarfe.es\/index.php?rest_route=\/wp\/v2\/posts\/6360","targetHints":{"allow":["GET"]}}],"collection":[{"href":"https:\/\/miradordeatarfe.es\/index.php?rest_route=\/wp\/v2\/posts"}],"about":[{"href":"https:\/\/miradordeatarfe.es\/index.php?rest_route=\/wp\/v2\/types\/post"}],"author":[{"embeddable":true,"href":"https:\/\/miradordeatarfe.es\/index.php?rest_route=\/wp\/v2\/users\/1"}],"replies":[{"embeddable":true,"href":"https:\/\/miradordeatarfe.es\/index.php?rest_route=%2Fwp%2Fv2%2Fcomments&post=6360"}],"version-history":[{"count":2,"href":"https:\/\/miradordeatarfe.es\/index.php?rest_route=\/wp\/v2\/posts\/6360\/revisions"}],"predecessor-version":[{"id":6363,"href":"https:\/\/miradordeatarfe.es\/index.php?rest_route=\/wp\/v2\/posts\/6360\/revisions\/6363"}],"wp:featuredmedia":[{"embeddable":true,"href":"https:\/\/miradordeatarfe.es\/index.php?rest_route=\/wp\/v2\/media\/6362"}],"wp:attachment":[{"href":"https:\/\/miradordeatarfe.es\/index.php?rest_route=%2Fwp%2Fv2%2Fmedia&parent=6360"}],"wp:term":[{"taxonomy":"category","embeddable":true,"href":"https:\/\/miradordeatarfe.es\/index.php?rest_route=%2Fwp%2Fv2%2Fcategories&post=6360"},{"taxonomy":"post_tag","embeddable":true,"href":"https:\/\/miradordeatarfe.es\/index.php?rest_route=%2Fwp%2Fv2%2Ftags&post=6360"}],"curies":[{"name":"wp","href":"https:\/\/api.w.org\/{rel}","templated":true}]}}