{"id":63601,"date":"2023-10-04T09:00:29","date_gmt":"2023-10-04T07:00:29","guid":{"rendered":"https:\/\/miradordeatarfe.es\/?p=63601"},"modified":"2023-10-23T13:43:36","modified_gmt":"2023-10-23T11:43:36","slug":"los-suicidios-crecen-un-35-en-granada-en-cuatro-anos-el-doble-que-la-media-espanola","status":"publish","type":"post","link":"https:\/\/miradordeatarfe.es\/?p=63601","title":{"rendered":"Los suicidios crecen un 35% en Granada en cuatro a\u00f1os, el doble que la media espa\u00f1ola"},"content":{"rendered":"<div id=\"main\">\n<div class=\"item\">\n<div class=\"cols2-2\">\n<div class=\"colA\">\n<h3 class=\"entrad\" style=\"text-align: justify;\">La provincia tiene la quinta tasa de suicidios m\u00e1s alta del pa\u00eds, con 120 casos en 2022, frente a los 89 de 2018.<\/h3>\n<div class=\"cuerpo\">\n<p style=\"text-align: justify;\">Cada tres d\u00edas se quita la vida una persona en la provincia de Granada. Es la <strong>principal causa de muerte<\/strong> no relacionada con enfermedades. Los <strong>120 sucidios<\/strong> contabilizados en Granada en 2022, seg\u00fan la estad\u00edstica del INE, est\u00e1n muy por encima de los 74 muertos por ca\u00eddas accidentales, los 43 fallecidos por accidente de tr\u00e1fico e igual n\u00famero por ahogamientos, o las 13 muertes por homicidio.\u00a0<\/p>\n<p style=\"text-align: justify;\">Este domingo, 10 de septiembre, es el D\u00eda Mundial para la Prevenci\u00f3n del Suicidio, una tragedia social de primer orden que los medios de comunicaci\u00f3n han ocultado o minusvalorado durante d\u00e9cadas con la buena intenci\u00f3n, pero equivocada, de evitar un supuesto &#8216;efecto llamada&#8217;. Pero cada vez hay m\u00e1s expertos y consenso cient\u00edfico y social sobre la necesidad de hablar de la importancia del suicidio para, precisamente, abordar el problema de frente y buscar soluciones.\u00a0<\/p>\n<p style=\"text-align: justify;\">Porque los datos constatan que es un problema que va a m\u00e1s. Espa\u00f1a registr\u00f3 en 2022 la cifra m\u00e1s alta de suicidios desde que existen registros, 4.097. Son un 15% m\u00e1s que en 2018. Y en Granada el dato es a\u00fan m\u00e1s preocupante, porque los suicidios se han incrementado <strong>m\u00e1s del doble, casi un 35%<\/strong> entre 2018 y 2022.\u00a0<\/p>\n<p><a href=\"https:\/\/i0.wp.com\/miradordeatarfe.es\/wp-content\/uploads\/2023\/09\/Screenshot-2023-09-30-at-19-48-03-Los-suicidios-crecen-un-35-en-Granada-en-cuatro-anos-el-doble-que-la-media-espanola-El-Independiente-de-Granada.png?ssl=1\"><img data-recalc-dims=\"1\" loading=\"lazy\" decoding=\"async\" class=\"alignnone wp-image-63602 size-full\" src=\"https:\/\/i0.wp.com\/miradordeatarfe.es\/wp-content\/uploads\/2023\/09\/Screenshot-2023-09-30-at-19-48-03-Los-suicidios-crecen-un-35-en-Granada-en-cuatro-anos-el-doble-que-la-media-espanola-El-Independiente-de-Granada.png?resize=640%2C209&#038;ssl=1\" alt=\"\" width=\"640\" height=\"209\" srcset=\"https:\/\/i0.wp.com\/miradordeatarfe.es\/wp-content\/uploads\/2023\/09\/Screenshot-2023-09-30-at-19-48-03-Los-suicidios-crecen-un-35-en-Granada-en-cuatro-anos-el-doble-que-la-media-espanola-El-Independiente-de-Granada.png?w=690&amp;ssl=1 690w, https:\/\/i0.wp.com\/miradordeatarfe.es\/wp-content\/uploads\/2023\/09\/Screenshot-2023-09-30-at-19-48-03-Los-suicidios-crecen-un-35-en-Granada-en-cuatro-anos-el-doble-que-la-media-espanola-El-Independiente-de-Granada.png?resize=300%2C98&amp;ssl=1 300w\" sizes=\"auto, (max-width: 640px) 100vw, 640px\" \/><\/a><\/p>\n<table style=\"width: 0.114819%; height: 5px;\" border=\"1\" cellspacing=\"1\" cellpadding=\"1\">\n<caption>\u00a0<\/caption>\n<tbody>\n<tr>\n<td style=\"width: 30.7692%;\">\u00a0<\/td>\n<td style=\"width: 76.9231%;\">\u00a0<\/td>\n<\/tr>\n<tr>\n<td style=\"width: 30.7692%;\">\u00a0<\/td>\n<td style=\"width: 76.9231%;\">\u00a0<\/td>\n<\/tr>\n<tr>\n<td style=\"width: 30.7692%;\">\u00a0<\/td>\n<td style=\"width: 76.9231%;\">\u00a0<\/td>\n<\/tr>\n<tr>\n<td style=\"width: 30.7692%;\">\u00a0<\/td>\n<td style=\"width: 76.9231%;\">\u00a0<\/td>\n<\/tr>\n<tr>\n<td style=\"width: 30.7692%;\">\u00a0<\/td>\n<td style=\"width: 76.9231%;\">\u00a0<\/td>\n<\/tr>\n<\/tbody>\n<\/table>\n<p class=\"pie\" style=\"text-align: justify;\">\u00a0<\/p>\n<p style=\"text-align: justify;\">De los 89 y 90 suicidios de 2018 y 2019 se ha pasado a los 120 de 2022. Granada est\u00e1 en el grupo de una quincena de provincias con mayor aumento de casos que la media del pa\u00eds. Hay provincias, incluso, que han duplicado sus cifras de suicidios en los \u00faltimos a\u00f1os, como Cantabria (110% de aumento) o Teruel (111%).<\/p>\n<p style=\"text-align: justify;\">Y si el incremento de casos preocupa, todav\u00eda debe inquietar m\u00e1s la <strong>incidencia del suicidio en Granada<\/strong> en funci\u00f3n de su poblaci\u00f3n. Si en Espa\u00f1a esos 4.097 suicidios suponen 8,6 casos por cada 100.000 habitantes, la tasa <strong>en Granada es muy superior<\/strong>, <strong>13 suicidios por cada 100.000 habitantes<\/strong>.\u00a0<\/p>\n<p style=\"text-align: justify;\">La tasa de suicidios de Granada es la <strong>quinta m\u00e1s alta de Espa\u00f1a<\/strong> y primera en Andaluc\u00eda. A la cabeza est\u00e1 Lugo, con 16 casos\/100.000 personas, seguida de Palencia (15,2), Teruel (14,1) y Soria (13,6), seg\u00fan los datos de 2022.<\/p>\n<p style=\"text-align: justify;\">Se trata de una tragedia que afecta principalmente a<strong> hombres: el 75% de los casos<\/strong> en Granada en los \u00faltimos cuatro a\u00f1os, un porcentaje parecido al de Espa\u00f1a.\u00a0<\/p>\n<p style=\"text-align: justify;\">Pero, m\u00e1s all\u00e1 de los datos, el suicidio es un problema desconocido, sobre el que se necesita investigar y profundizar para conocer las causas y circunstancias que lo rodean. As\u00ed lo afirman cada vez m\u00e1s expertos en salud p\u00fablica, como <strong>Joan Carles March<\/strong>, que ha escrito en estas mismas p\u00e1ginas sobre el tema.\u00a0<\/p>\n<p style=\"text-align: justify;\">JMM<\/p>\n<p>FOTO:El suicidio afecta a hombres en un 75% de los casos.PIXABAY<\/p>\n<div class=\"colA\">\n<div class=\"blq-img mainImg\">\n<div class=\"txt\">\n<div class=\"firma\">http:\/\/www.elindependientedegranada.es\/ciudadania\/suicidios-crecen-35-granada-cuatro-anos-doble-que-media-espanola<\/div>\n<\/div>\n<\/div>\n<\/div>\n<\/div>\n<\/div>\n<\/div>\n<\/div>\n<\/div>\n","protected":false},"excerpt":{"rendered":"<p>La provincia tiene la quinta tasa de suicidios m\u00e1s alta del pa\u00eds, con 120 casos&#8230;<\/p>\n","protected":false},"author":1,"featured_media":63604,"comment_status":"closed","ping_status":"closed","sticky":false,"template":"","format":"standard","meta":{"_coblocks_attr":"","_coblocks_dimensions":"","_coblocks_responsive_height":"","_coblocks_accordion_ie_support":"","jetpack_post_was_ever_published":false,"_jetpack_newsletter_access":"","_jetpack_dont_email_post_to_subs":false,"_jetpack_newsletter_tier_id":0,"_jetpack_memberships_contains_paywalled_content":false,"_jetpack_memberships_contains_paid_content":false,"footnotes":"","jetpack_publicize_message":"","jetpack_publicize_feature_enabled":true,"jetpack_social_post_already_shared":false,"jetpack_social_options":{"image_generator_settings":{"template":"highway","default_image_id":0,"enabled":false},"version":2}},"categories":[10781,6937,10],"tags":[129,5446],"class_list":["post-63601","post","type-post","status-publish","format-standard","has-post-thumbnail","hentry","category-granada","category-sociedad","category-salud","tag-granada","tag-suicidios"],"jetpack_publicize_connections":[],"jetpack_featured_media_url":"https:\/\/i0.wp.com\/miradordeatarfe.es\/wp-content\/uploads\/2023\/10\/depression-2912424_1280.jpg?fit=662%2C506&ssl=1","jetpack_likes_enabled":true,"jetpack_sharing_enabled":true,"_links":{"self":[{"href":"https:\/\/miradordeatarfe.es\/index.php?rest_route=\/wp\/v2\/posts\/63601","targetHints":{"allow":["GET"]}}],"collection":[{"href":"https:\/\/miradordeatarfe.es\/index.php?rest_route=\/wp\/v2\/posts"}],"about":[{"href":"https:\/\/miradordeatarfe.es\/index.php?rest_route=\/wp\/v2\/types\/post"}],"author":[{"embeddable":true,"href":"https:\/\/miradordeatarfe.es\/index.php?rest_route=\/wp\/v2\/users\/1"}],"replies":[{"embeddable":true,"href":"https:\/\/miradordeatarfe.es\/index.php?rest_route=%2Fwp%2Fv2%2Fcomments&post=63601"}],"version-history":[{"count":1,"href":"https:\/\/miradordeatarfe.es\/index.php?rest_route=\/wp\/v2\/posts\/63601\/revisions"}],"predecessor-version":[{"id":63603,"href":"https:\/\/miradordeatarfe.es\/index.php?rest_route=\/wp\/v2\/posts\/63601\/revisions\/63603"}],"wp:featuredmedia":[{"embeddable":true,"href":"https:\/\/miradordeatarfe.es\/index.php?rest_route=\/wp\/v2\/media\/63604"}],"wp:attachment":[{"href":"https:\/\/miradordeatarfe.es\/index.php?rest_route=%2Fwp%2Fv2%2Fmedia&parent=63601"}],"wp:term":[{"taxonomy":"category","embeddable":true,"href":"https:\/\/miradordeatarfe.es\/index.php?rest_route=%2Fwp%2Fv2%2Fcategories&post=63601"},{"taxonomy":"post_tag","embeddable":true,"href":"https:\/\/miradordeatarfe.es\/index.php?rest_route=%2Fwp%2Fv2%2Ftags&post=63601"}],"curies":[{"name":"wp","href":"https:\/\/api.w.org\/{rel}","templated":true}]}}