{"id":63606,"date":"2023-10-01T12:00:10","date_gmt":"2023-10-01T10:00:10","guid":{"rendered":"https:\/\/miradordeatarfe.es\/?p=63606"},"modified":"2023-10-01T12:36:15","modified_gmt":"2023-10-01T10:36:15","slug":"atarfe-sostenible-participa-en-la-semana-de-la-movilidad","status":"publish","type":"post","link":"https:\/\/miradordeatarfe.es\/?p=63606","title":{"rendered":"ATARFE SOSTENIBLE PARTICIP\u00d3 EN LA SEMANA DE LA MOVILIDAD"},"content":{"rendered":"<h3 style=\"text-align: justify;\">El pasado d\u00eda\u00a0 24 de septiembre como se anunci\u00f3 en distintos medios del Ayuntamiento\u00a0 y de las asociaciones se comparti\u00f3 una ma\u00f1ana emocionante celebrando el D\u00eda de la Bicicleta, repleto de risas, alegr\u00eda y un compromiso profundo: proteger nuestro entorno y dejar un planeta habitable para nuestros hijos.<\/h3>\n<p style=\"text-align: justify;\">Nuestros peque\u00f1os anhelan un mundo sin la contaminaci\u00f3n de los veh\u00edculos de combusti\u00f3n. Sue\u00f1an con un Atarfe m\u00e1s limpio y saludable. Ahora, est\u00e1 en nuestras manos convertir sus deseos en realidad.<\/p>\n<p style=\"text-align: justify;\">Esta jornada es un poderoso testimonio de que el cambio hacia un futuro sostenible ha comenzado y no tiene marcha atr\u00e1s. Contamos con la inspiraci\u00f3n de nuestros hijos, quienes nos recuerdan la importancia de cuidar nuestro medio ambiente a diario. Son las peque\u00f1as acciones de cada uno las que nos llevar\u00e1n a lograr nuestro objetivo compartido.<\/p>\n<h3 style=\"text-align: justify;\">Atarfe sostenible puso como\u00a0 principal objetivo de este d\u00eda IR AL COLE CAMINANDO, EN BICICLETA, EN PATINETE O EN BUS La revuelta escolar, los caminos escolares seguros o los bicibuses: florecen las iniciativas para conseguir entornos escolares libres de humos.<\/h3>\n<p style=\"text-align: justify;\">Adem\u00e1s de por motivos de seguridad \u2014seg\u00fan las cifras de la DGT en los \u00faltimos tres a\u00f1os han muerto 30 menores de 14 a\u00f1os en accidentes de tr\u00e1fico\u2014las razones para conseguir entornos sin humos en los centros escolares se justifican con cifras alarmantes en cuanto a contaminaci\u00f3n medioambiental. Seg\u00fan un <a href=\"https:\/\/www.ecologistasenaccion.org\/wp-content\/uploads\/2022\/05\/informe-calidad-aire-entornos-educativos-CyL.pdf\">estudio<\/a> de mayo de 2022 realizado por Ecologistas en Acci\u00f3n en 125 colegios de ocho ciudades de Castilla y Le\u00f3n, el 76% de los centros superan la recomendaci\u00f3n m\u00e1xima diaria de la Organizaci\u00f3n Mundial de la Salud de 25 \u00b5g\/m\u00b3 para el NO2, todos superan los 10 \u00b5g\/m3 de NO2 que la OMS fija como recomendaci\u00f3n para la media anual, y un 15 % llega incluso a superar los 40 \u00b5g\/m\u00b3. Este estudio se ha replicado en ocho centros de Madrid y arroja a\u00fan peores datos: todos los colegios han registrado valores de NO2 superiores a los 40 \u00b5g\/m\u00b3 que marca la normativa actual para la media anual, cuatro veces superior a las recomendadas por la OMS.<\/p>\n<p>\u201cIr andando a clase aumenta la autonom\u00eda de los ni\u00f1os, la orientaci\u00f3n y ayuda a crear grupos, es como una parte m\u00e1s del recreo. Adem\u00e1s, les ayuda a estar en clase m\u00e1s despiertos, mejora la concentraci\u00f3n y el rendimiento escolar\u201d<\/p>\n<p><a href=\"https:\/\/i0.wp.com\/miradordeatarfe.es\/wp-content\/uploads\/2023\/10\/299209f3a44a40ed865d955e2580d3da0tS2mpuNybAm7VFd-0.jpg?ssl=1\"><img data-recalc-dims=\"1\" loading=\"lazy\" decoding=\"async\" class=\"alignnone wp-image-63609 size-full\" src=\"https:\/\/i0.wp.com\/miradordeatarfe.es\/wp-content\/uploads\/2023\/10\/299209f3a44a40ed865d955e2580d3da0tS2mpuNybAm7VFd-0.jpg?resize=640%2C453&#038;ssl=1\" alt=\"\" width=\"640\" height=\"453\" srcset=\"https:\/\/i0.wp.com\/miradordeatarfe.es\/wp-content\/uploads\/2023\/10\/299209f3a44a40ed865d955e2580d3da0tS2mpuNybAm7VFd-0.jpg?w=2339&amp;ssl=1 2339w, https:\/\/i0.wp.com\/miradordeatarfe.es\/wp-content\/uploads\/2023\/10\/299209f3a44a40ed865d955e2580d3da0tS2mpuNybAm7VFd-0.jpg?resize=300%2C212&amp;ssl=1 300w, https:\/\/i0.wp.com\/miradordeatarfe.es\/wp-content\/uploads\/2023\/10\/299209f3a44a40ed865d955e2580d3da0tS2mpuNybAm7VFd-0.jpg?resize=1024%2C724&amp;ssl=1 1024w, https:\/\/i0.wp.com\/miradordeatarfe.es\/wp-content\/uploads\/2023\/10\/299209f3a44a40ed865d955e2580d3da0tS2mpuNybAm7VFd-0.jpg?resize=768%2C543&amp;ssl=1 768w, https:\/\/i0.wp.com\/miradordeatarfe.es\/wp-content\/uploads\/2023\/10\/299209f3a44a40ed865d955e2580d3da0tS2mpuNybAm7VFd-0.jpg?resize=1536%2C1086&amp;ssl=1 1536w, https:\/\/i0.wp.com\/miradordeatarfe.es\/wp-content\/uploads\/2023\/10\/299209f3a44a40ed865d955e2580d3da0tS2mpuNybAm7VFd-0.jpg?resize=2048%2C1448&amp;ssl=1 2048w, https:\/\/i0.wp.com\/miradordeatarfe.es\/wp-content\/uploads\/2023\/10\/299209f3a44a40ed865d955e2580d3da0tS2mpuNybAm7VFd-0.jpg?resize=1320%2C933&amp;ssl=1 1320w, https:\/\/i0.wp.com\/miradordeatarfe.es\/wp-content\/uploads\/2023\/10\/299209f3a44a40ed865d955e2580d3da0tS2mpuNybAm7VFd-0.jpg?w=1920&amp;ssl=1 1920w\" sizes=\"auto, (max-width: 640px) 100vw, 640px\" \/><\/a><\/p>\n<p style=\"text-align: justify;\">\u00a0<\/p>\n<p style=\"text-align: justify;\">Y todo ello en lugares pensados para ni\u00f1os y ni\u00f1as, que son m\u00e1s susceptibles a la contaminaci\u00f3n atmosf\u00e9rica, tal y como explica la doctora Edurne Ciriza, del Comit\u00e9 de Salud Medioambiental de la Asociaci\u00f3n Espa\u00f1ola de Pediatr\u00eda (AEP). \u201c<em>La infancia es un periodo de especial vulnerabilidad, respiran mucho m\u00e1s r\u00e1pidos que nosotros. El mismo aire que respira un adulto un ni\u00f1o lo respira tres veces m\u00e1s. Por tanto, todos los contaminantes medioambientales los respiran muchas m\u00e1s veces\u201d, explica Ciriza. A\u00f1ade que las ni\u00f1as y ni\u00f1os tienen muchos m\u00e1s a\u00f1os por delante para desarrollar todos los efectos de esta contaminaci\u00f3n. Por otro lado, \u201cla altura de los ni\u00f1os es m\u00e1s baja y algunos contaminantes pesan m\u00e1s con lo que es m\u00e1s f\u00e1cil que los inhalen los peque\u00f1os\u201d<\/em>, precisa.<\/p>\n<p style=\"text-align: justify;\">\u201c<em><strong>Estamos criando la generaci\u00f3n de ni\u00f1os que viajan de manera sistem\u00e1tica en el asiento de atr\u00e1s<\/strong> con todo lo que ello conlleva: falta de actividad f\u00edsica, falta de autonom\u00eda infantil, falta de juego; no experimentan de manera libre en el espacio p\u00fablico\u201d <\/em><\/p>\n<p style=\"text-align: justify;\"><a href=\"https:\/\/i0.wp.com\/miradordeatarfe.es\/wp-content\/uploads\/2023\/10\/299209f3a44a40ed865d955e2580d3da0tS2mpuNybAm7VFd-1.jpg?ssl=1\"><img data-recalc-dims=\"1\" loading=\"lazy\" decoding=\"async\" class=\"alignnone wp-image-63610 size-full\" src=\"https:\/\/i0.wp.com\/miradordeatarfe.es\/wp-content\/uploads\/2023\/10\/299209f3a44a40ed865d955e2580d3da0tS2mpuNybAm7VFd-1.jpg?resize=640%2C453&#038;ssl=1\" alt=\"\" width=\"640\" height=\"453\" srcset=\"https:\/\/i0.wp.com\/miradordeatarfe.es\/wp-content\/uploads\/2023\/10\/299209f3a44a40ed865d955e2580d3da0tS2mpuNybAm7VFd-1.jpg?w=2339&amp;ssl=1 2339w, https:\/\/i0.wp.com\/miradordeatarfe.es\/wp-content\/uploads\/2023\/10\/299209f3a44a40ed865d955e2580d3da0tS2mpuNybAm7VFd-1.jpg?resize=300%2C212&amp;ssl=1 300w, https:\/\/i0.wp.com\/miradordeatarfe.es\/wp-content\/uploads\/2023\/10\/299209f3a44a40ed865d955e2580d3da0tS2mpuNybAm7VFd-1.jpg?resize=1024%2C724&amp;ssl=1 1024w, https:\/\/i0.wp.com\/miradordeatarfe.es\/wp-content\/uploads\/2023\/10\/299209f3a44a40ed865d955e2580d3da0tS2mpuNybAm7VFd-1.jpg?resize=768%2C543&amp;ssl=1 768w, https:\/\/i0.wp.com\/miradordeatarfe.es\/wp-content\/uploads\/2023\/10\/299209f3a44a40ed865d955e2580d3da0tS2mpuNybAm7VFd-1.jpg?resize=1536%2C1086&amp;ssl=1 1536w, https:\/\/i0.wp.com\/miradordeatarfe.es\/wp-content\/uploads\/2023\/10\/299209f3a44a40ed865d955e2580d3da0tS2mpuNybAm7VFd-1.jpg?resize=2048%2C1448&amp;ssl=1 2048w, https:\/\/i0.wp.com\/miradordeatarfe.es\/wp-content\/uploads\/2023\/10\/299209f3a44a40ed865d955e2580d3da0tS2mpuNybAm7VFd-1.jpg?resize=1320%2C933&amp;ssl=1 1320w, https:\/\/i0.wp.com\/miradordeatarfe.es\/wp-content\/uploads\/2023\/10\/299209f3a44a40ed865d955e2580d3da0tS2mpuNybAm7VFd-1.jpg?w=1920&amp;ssl=1 1920w\" sizes=\"auto, (max-width: 640px) 100vw, 640px\" \/><\/a><\/p>\n<p>Queremos expresar nuestra gratitud a todos quienes hicieron posible este d\u00eda festivo, con un agradecimiento especial a l<strong>a Escuela Ciclista Atarfe a Atarfe Sostenible y a Stop Accidentes<\/strong><\/p>\n<p>Nosotros queremos un Atarfe m\u00e1s verde, \u00bfy t\u00fa? mira este video:<\/p>\n<h3><iframe loading=\"lazy\" src=\"\/\/www.youtube.com\/embed\/80fCiWhtYtE?feature=shared\" width=\"560\" height=\"314\" allowfullscreen=\"allowfullscreen\"><\/iframe><\/h3>\n<p>&nbsp;<\/p>\n<p><a href=\"https:\/\/i0.wp.com\/miradordeatarfe.es\/wp-content\/uploads\/2023\/10\/Imagen-de-WhatsApp-2023-09-25-a-las-10.30.58.jpg?ssl=1\"><img data-recalc-dims=\"1\" loading=\"lazy\" decoding=\"async\" class=\"alignnone size-medium wp-image-63612\" src=\"https:\/\/i0.wp.com\/miradordeatarfe.es\/wp-content\/uploads\/2023\/10\/Imagen-de-WhatsApp-2023-09-25-a-las-10.30.58.jpg?resize=225%2C300&#038;ssl=1\" alt=\"\" width=\"225\" height=\"300\" srcset=\"https:\/\/i0.wp.com\/miradordeatarfe.es\/wp-content\/uploads\/2023\/10\/Imagen-de-WhatsApp-2023-09-25-a-las-10.30.58.jpg?resize=225%2C300&amp;ssl=1 225w, https:\/\/i0.wp.com\/miradordeatarfe.es\/wp-content\/uploads\/2023\/10\/Imagen-de-WhatsApp-2023-09-25-a-las-10.30.58.jpg?resize=768%2C1024&amp;ssl=1 768w, https:\/\/i0.wp.com\/miradordeatarfe.es\/wp-content\/uploads\/2023\/10\/Imagen-de-WhatsApp-2023-09-25-a-las-10.30.58.jpg?resize=1152%2C1536&amp;ssl=1 1152w, https:\/\/i0.wp.com\/miradordeatarfe.es\/wp-content\/uploads\/2023\/10\/Imagen-de-WhatsApp-2023-09-25-a-las-10.30.58.jpg?resize=1320%2C1760&amp;ssl=1 1320w, https:\/\/i0.wp.com\/miradordeatarfe.es\/wp-content\/uploads\/2023\/10\/Imagen-de-WhatsApp-2023-09-25-a-las-10.30.58.jpg?w=1368&amp;ssl=1 1368w\" sizes=\"auto, (max-width: 225px) 100vw, 225px\" \/><\/a> <a href=\"https:\/\/i0.wp.com\/miradordeatarfe.es\/wp-content\/uploads\/2023\/10\/Imagen-de-WhatsApp-2023-09-25-a-las-10.30.58a.jpg?ssl=1\"><img data-recalc-dims=\"1\" loading=\"lazy\" decoding=\"async\" class=\"alignnone size-medium wp-image-63613\" src=\"https:\/\/i0.wp.com\/miradordeatarfe.es\/wp-content\/uploads\/2023\/10\/Imagen-de-WhatsApp-2023-09-25-a-las-10.30.58a.jpg?resize=225%2C300&#038;ssl=1\" alt=\"\" width=\"225\" height=\"300\" srcset=\"https:\/\/i0.wp.com\/miradordeatarfe.es\/wp-content\/uploads\/2023\/10\/Imagen-de-WhatsApp-2023-09-25-a-las-10.30.58a.jpg?resize=225%2C300&amp;ssl=1 225w, https:\/\/i0.wp.com\/miradordeatarfe.es\/wp-content\/uploads\/2023\/10\/Imagen-de-WhatsApp-2023-09-25-a-las-10.30.58a.jpg?resize=768%2C1024&amp;ssl=1 768w, https:\/\/i0.wp.com\/miradordeatarfe.es\/wp-content\/uploads\/2023\/10\/Imagen-de-WhatsApp-2023-09-25-a-las-10.30.58a.jpg?resize=1152%2C1536&amp;ssl=1 1152w, https:\/\/i0.wp.com\/miradordeatarfe.es\/wp-content\/uploads\/2023\/10\/Imagen-de-WhatsApp-2023-09-25-a-las-10.30.58a.jpg?resize=1320%2C1760&amp;ssl=1 1320w, https:\/\/i0.wp.com\/miradordeatarfe.es\/wp-content\/uploads\/2023\/10\/Imagen-de-WhatsApp-2023-09-25-a-las-10.30.58a.jpg?w=1368&amp;ssl=1 1368w\" sizes=\"auto, (max-width: 225px) 100vw, 225px\" \/><\/a> <a href=\"https:\/\/i0.wp.com\/miradordeatarfe.es\/wp-content\/uploads\/2023\/10\/Imagen-de-WhatsApp-2023-09-25-a-las-12.49.42s.jpg?ssl=1\"><img data-recalc-dims=\"1\" loading=\"lazy\" decoding=\"async\" class=\"alignnone size-medium wp-image-63615\" src=\"https:\/\/i0.wp.com\/miradordeatarfe.es\/wp-content\/uploads\/2023\/10\/Imagen-de-WhatsApp-2023-09-25-a-las-12.49.42s.jpg?resize=300%2C224&#038;ssl=1\" alt=\"\" width=\"300\" height=\"224\" srcset=\"https:\/\/i0.wp.com\/miradordeatarfe.es\/wp-content\/uploads\/2023\/10\/Imagen-de-WhatsApp-2023-09-25-a-las-12.49.42s.jpg?resize=300%2C224&amp;ssl=1 300w, https:\/\/i0.wp.com\/miradordeatarfe.es\/wp-content\/uploads\/2023\/10\/Imagen-de-WhatsApp-2023-09-25-a-las-12.49.42s.jpg?resize=1024%2C765&amp;ssl=1 1024w, https:\/\/i0.wp.com\/miradordeatarfe.es\/wp-content\/uploads\/2023\/10\/Imagen-de-WhatsApp-2023-09-25-a-las-12.49.42s.jpg?resize=768%2C574&amp;ssl=1 768w, https:\/\/i0.wp.com\/miradordeatarfe.es\/wp-content\/uploads\/2023\/10\/Imagen-de-WhatsApp-2023-09-25-a-las-12.49.42s.jpg?resize=1536%2C1148&amp;ssl=1 1536w, https:\/\/i0.wp.com\/miradordeatarfe.es\/wp-content\/uploads\/2023\/10\/Imagen-de-WhatsApp-2023-09-25-a-las-12.49.42s.jpg?resize=1320%2C987&amp;ssl=1 1320w, https:\/\/i0.wp.com\/miradordeatarfe.es\/wp-content\/uploads\/2023\/10\/Imagen-de-WhatsApp-2023-09-25-a-las-12.49.42s.jpg?w=1600&amp;ssl=1 1600w\" sizes=\"auto, (max-width: 300px) 100vw, 300px\" \/><\/a> <a href=\"https:\/\/i0.wp.com\/miradordeatarfe.es\/wp-content\/uploads\/2023\/10\/s.jpg?ssl=1\"><img data-recalc-dims=\"1\" loading=\"lazy\" decoding=\"async\" class=\"alignnone size-medium wp-image-63616\" src=\"https:\/\/i0.wp.com\/miradordeatarfe.es\/wp-content\/uploads\/2023\/10\/s.jpg?resize=225%2C300&#038;ssl=1\" alt=\"\" width=\"225\" height=\"300\" srcset=\"https:\/\/i0.wp.com\/miradordeatarfe.es\/wp-content\/uploads\/2023\/10\/s.jpg?resize=225%2C300&amp;ssl=1 225w, https:\/\/i0.wp.com\/miradordeatarfe.es\/wp-content\/uploads\/2023\/10\/s.jpg?resize=768%2C1024&amp;ssl=1 768w, https:\/\/i0.wp.com\/miradordeatarfe.es\/wp-content\/uploads\/2023\/10\/s.jpg?resize=1152%2C1536&amp;ssl=1 1152w, https:\/\/i0.wp.com\/miradordeatarfe.es\/wp-content\/uploads\/2023\/10\/s.jpg?resize=1320%2C1760&amp;ssl=1 1320w, https:\/\/i0.wp.com\/miradordeatarfe.es\/wp-content\/uploads\/2023\/10\/s.jpg?w=1368&amp;ssl=1 1368w\" sizes=\"auto, (max-width: 225px) 100vw, 225px\" \/><\/a> <a href=\"https:\/\/i0.wp.com\/miradordeatarfe.es\/wp-content\/uploads\/2023\/10\/Imagen-de-WhatsApp-2023-09-24-a-las-13.33.47.jpg?ssl=1\"><img data-recalc-dims=\"1\" loading=\"lazy\" decoding=\"async\" class=\"alignnone size-medium wp-image-63617\" src=\"https:\/\/i0.wp.com\/miradordeatarfe.es\/wp-content\/uploads\/2023\/10\/Imagen-de-WhatsApp-2023-09-24-a-las-13.33.47.jpg?resize=300%2C225&#038;ssl=1\" alt=\"\" width=\"300\" height=\"225\" srcset=\"https:\/\/i0.wp.com\/miradordeatarfe.es\/wp-content\/uploads\/2023\/10\/Imagen-de-WhatsApp-2023-09-24-a-las-13.33.47.jpg?resize=300%2C225&amp;ssl=1 300w, https:\/\/i0.wp.com\/miradordeatarfe.es\/wp-content\/uploads\/2023\/10\/Imagen-de-WhatsApp-2023-09-24-a-las-13.33.47.jpg?resize=1024%2C768&amp;ssl=1 1024w, https:\/\/i0.wp.com\/miradordeatarfe.es\/wp-content\/uploads\/2023\/10\/Imagen-de-WhatsApp-2023-09-24-a-las-13.33.47.jpg?resize=768%2C576&amp;ssl=1 768w, https:\/\/i0.wp.com\/miradordeatarfe.es\/wp-content\/uploads\/2023\/10\/Imagen-de-WhatsApp-2023-09-24-a-las-13.33.47.jpg?resize=1536%2C1152&amp;ssl=1 1536w, https:\/\/i0.wp.com\/miradordeatarfe.es\/wp-content\/uploads\/2023\/10\/Imagen-de-WhatsApp-2023-09-24-a-las-13.33.47.jpg?resize=1320%2C990&amp;ssl=1 1320w, https:\/\/i0.wp.com\/miradordeatarfe.es\/wp-content\/uploads\/2023\/10\/Imagen-de-WhatsApp-2023-09-24-a-las-13.33.47.jpg?w=1600&amp;ssl=1 1600w\" sizes=\"auto, (max-width: 300px) 100vw, 300px\" \/><\/a><\/p>\n","protected":false},"excerpt":{"rendered":"<p>El pasado d\u00eda\u00a0 24 de septiembre como se anunci\u00f3 en distintos medios del Ayuntamiento\u00a0 y&#8230;<\/p>\n","protected":false},"author":1,"featured_media":63611,"comment_status":"closed","ping_status":"closed","sticky":false,"template":"","format":"standard","meta":{"_coblocks_attr":"","_coblocks_dimensions":"","_coblocks_responsive_height":"","_coblocks_accordion_ie_support":"","jetpack_post_was_ever_published":false,"_jetpack_newsletter_access":"","_jetpack_dont_email_post_to_subs":false,"_jetpack_newsletter_tier_id":0,"_jetpack_memberships_contains_paywalled_content":false,"_jetpack_memberships_contains_paid_content":false,"footnotes":"","jetpack_publicize_message":"","jetpack_publicize_feature_enabled":true,"jetpack_social_post_already_shared":false,"jetpack_social_options":{"image_generator_settings":{"template":"highway","default_image_id":0,"enabled":false},"version":2}},"categories":[2,7725,6916,1161,44,6937,15,10],"tags":[81,7726,4139],"class_list":["post-63606","post","type-post","status-publish","format-standard","has-post-thumbnail","hentry","category-atarfe","category-atarfe-sostenible","category-ayuntamiento-de-atarfe","category-ciudadania","category-noticias-de-hoy","category-sociedad","category-ultimas-noticias","category-salud","tag-atarfe","tag-atarfe-sostenible","tag-dia-de-la-movilidad"],"jetpack_publicize_connections":[],"jetpack_featured_media_url":"https:\/\/i0.wp.com\/miradordeatarfe.es\/wp-content\/uploads\/2023\/10\/Imagen-de-WhatsApp-2023-09-25-a-las-12.49.42.jpg?fit=1200%2C1600&ssl=1","jetpack_likes_enabled":true,"jetpack_sharing_enabled":true,"_links":{"self":[{"href":"https:\/\/miradordeatarfe.es\/index.php?rest_route=\/wp\/v2\/posts\/63606","targetHints":{"allow":["GET"]}}],"collection":[{"href":"https:\/\/miradordeatarfe.es\/index.php?rest_route=\/wp\/v2\/posts"}],"about":[{"href":"https:\/\/miradordeatarfe.es\/index.php?rest_route=\/wp\/v2\/types\/post"}],"author":[{"embeddable":true,"href":"https:\/\/miradordeatarfe.es\/index.php?rest_route=\/wp\/v2\/users\/1"}],"replies":[{"embeddable":true,"href":"https:\/\/miradordeatarfe.es\/index.php?rest_route=%2Fwp%2Fv2%2Fcomments&post=63606"}],"version-history":[{"count":2,"href":"https:\/\/miradordeatarfe.es\/index.php?rest_route=\/wp\/v2\/posts\/63606\/revisions"}],"predecessor-version":[{"id":63619,"href":"https:\/\/miradordeatarfe.es\/index.php?rest_route=\/wp\/v2\/posts\/63606\/revisions\/63619"}],"wp:featuredmedia":[{"embeddable":true,"href":"https:\/\/miradordeatarfe.es\/index.php?rest_route=\/wp\/v2\/media\/63611"}],"wp:attachment":[{"href":"https:\/\/miradordeatarfe.es\/index.php?rest_route=%2Fwp%2Fv2%2Fmedia&parent=63606"}],"wp:term":[{"taxonomy":"category","embeddable":true,"href":"https:\/\/miradordeatarfe.es\/index.php?rest_route=%2Fwp%2Fv2%2Fcategories&post=63606"},{"taxonomy":"post_tag","embeddable":true,"href":"https:\/\/miradordeatarfe.es\/index.php?rest_route=%2Fwp%2Fv2%2Ftags&post=63606"}],"curies":[{"name":"wp","href":"https:\/\/api.w.org\/{rel}","templated":true}]}}