{"id":63620,"date":"2023-10-02T10:00:10","date_gmt":"2023-10-02T08:00:10","guid":{"rendered":"https:\/\/miradordeatarfe.es\/?p=63620"},"modified":"2023-10-01T20:04:44","modified_gmt":"2023-10-01T18:04:44","slug":"atarfe-recibira-cerca-de-12-millones-de-los-fondos-edusi-para-nuevas-infraestructuras","status":"publish","type":"post","link":"https:\/\/miradordeatarfe.es\/?p=63620","title":{"rendered":"Atarfe recibir\u00e1 cerca de 1,2 millones de los Fondos Edusi para nuevas infraestructuras"},"content":{"rendered":"<h3 class=\"single-subtitle\" style=\"text-align: justify;\">Uno de los proyectos m\u00e1s ambiciosos que afrontar\u00e1 el municipio es la construcci\u00f3n del nuevo Centro Polivalente de Atarfe<\/h3>\n<p style=\"text-align: justify;\">El municipio de Atarfe recibir\u00e1 casi 1,2 millones de euros de inversi\u00f3n para nuevas infraestructuras gracias a los fondos de la Estrategia de Desarrollo Urbano Sostenible e Integrado (Edusi) y dar\u00e1 trabajo a 24 personas.<\/p>\n<p style=\"text-align: justify;\">En una nota de prensa, la Diputaci\u00f3n de Granada ha explicado que uno de los proyectos m\u00e1s ambiciosos de los que se va a beneficiar la poblaci\u00f3n de Atarfe es la construcci\u00f3n del<strong> nuevo Centro Polivalente de Atarfe,<\/strong> situado en el barrio de La Ca\u00f1ada, cuya inversi\u00f3n asciende a<strong> 1.078.126,23 euros<\/strong>.<\/p>\n<p style=\"text-align: justify;\">Esta nueva instalaci\u00f3n ofrecer\u00e1 alternativas formativas y de ocio a las familias y poblaci\u00f3n joven de este barrio atarfe\u00f1o. El edificio consta de 920 metros cuadrados en una sola planta y contempla dos usos diferenciados: un espacio de atenci\u00f3n infantil y un centro social para la ciudadan\u00eda, con salas, talleres y oficinas.<\/p>\n<p style=\"text-align: justify;\">Tambi\u00e9n <strong>se ha abordado el aislamiento t\u00e9rmico del Centro Sociocultural de Atarfe (antiguo cine)<\/strong> interviniendo en su fachada y en su carpinter\u00eda met\u00e1lica y se han instalado placas fotovoltaicas para optimizar el autoconsumo energ\u00e9tico. Para lograr estas mejoras se han invertido<strong> 117.800,72 euros<\/strong>.<\/p>\n<h3 style=\"text-align: justify;\">Empleo para 24 personas<\/h3>\n<p style=\"text-align: justify;\">Un total de 24 personas han logrado un empleo tras haber formado parte de los itinerarios formativos desarrollados en el marco EDUSI.<br \/>\nEn el caso de municipio atarfe\u00f1o y fruto de las cuales se ha alcanzado un \u00edndice de inserci\u00f3n casi del 24% al haber logrado empleo 24 de las 101 personas que han participado en dichas acciones formativas. Los participantes mayoritariamente han sido de Atarfe, pero tambi\u00e9n han asistido personas de L\u00e1char, Pinos Puente y Santa Fe.<\/p>\n<p style=\"text-align: justify;\">Las formaciones que se han realizado han abordado tem\u00e1ticas como las competencias digitales, personales y laborales, talleres de simulaci\u00f3n de entrevistas y sesiones de Networking consistentes en entrevistas entre demandantes de empleo y empresas que necesitan emplear. Actualmente se est\u00e1 desarrollando un curso sobre dependientes de comercio con una duraci\u00f3n de 80 horas y once participantes.<\/p>\n<p style=\"text-align: justify;\">Atarfe, por formar parte del proyecto Edusi, tambi\u00e9n se beneficia de acciones trasversales a todos los municipios como las acciones de fomento del autoempleo y el emprendimiento &#8211;con plataformas y recursos digitales&#8211;, y el apoyo a los comercios de los barrios &#8211;con ferias de comercio local&#8211;, o la creaci\u00f3n de un Market place para los negocios locales.<\/p>\n<p style=\"text-align: justify;\">Por otro lado, el municipio tambi\u00e9n se favorece del resto de operaciones metropolitanas de la Edusi, como son la de &#8216;Mejora calidad aire y confort ac\u00fastico&#8217;, que incluye la implantaci\u00f3n de una red de estaciones de medida de la contaminaci\u00f3n atmosf\u00e9rica y ac\u00fastica; o las &#8216;Soluciones Smart City&#8217; con la creaci\u00f3n de una plataforma de gesti\u00f3n de activos municipales y una red &#8216;IoT&#8217; para optimizar la gesti\u00f3n municipal mediante el llamado &#8216;Internet de las cosas&#8217;.<\/p>\n<p style=\"text-align: justify;\">Atarfe forma parte de la Estrategia de Desarrollo Urbano Sostenible e Integrado (Edusi) &#8216;Aglomeraci\u00f3n Urbana de Granada&#8217;, cofinanciada por la Diputaci\u00f3n de Granada y el Feder dentro del Programa Operativo Plurirregional de Espa\u00f1a (POPE) 2014-2020.<\/p>\n<p style=\"text-align: justify;\">Esta Edusi cuenta con una inversi\u00f3n total de 18,7 millones, de los que el Feder aporta el 80% y la Diputaci\u00f3n el 20% restante. Adem\u00e1s de en Atarfe, esta estrategia invierte en Albolote, Jun, Peligros, Pulianas, C\u00e1jar, Cenes de la Vega, G\u00f3jar, Hu\u00e9tor Vega, La Zubia, Monachil, Og\u00edjares y Granada.<\/p>\n<div class=\"single-new-img\">\n<figure><figcaption class=\"caption wp-caption-text\">FOTO: Un total de 24 personas ser\u00e1s empleadas con la inversi\u00f3n de estos fondos | Foto: Gabinete<\/figcaption><\/figure>\n<\/div>\n<div class=\"row single-new-content\">\n<div class=\"col-md-8 content-left\">\n<div class=\"single-new-header-meta text-muted\">\n<div class=\"single-new-date-author\"><span class=\"single-new-date\">\u00a0<time class=\"updated\" datetime=\"2023-10-01T12:32:41+02:00\"><\/time><\/span><span class=\"single-new-author\"><span class=\"single-new-avatar\"><img data-recalc-dims=\"1\" loading=\"lazy\" decoding=\"async\" class=\"avatar pp-user-avatar avatar-96 photo \" src=\"https:\/\/i0.wp.com\/www.granadadigital.es\/wp-content\/uploads\/2021\/02\/Mesa-de-trabajo-1-150x150.png?resize=96%2C96&#038;ssl=1\" width=\"96\" height=\"96\" data-del=\"avatar\" \/><\/span>Europa Press<\/span><\/div>\n<\/div>\n<\/div>\n<\/div>\n","protected":false},"excerpt":{"rendered":"<p>Uno de los proyectos m\u00e1s ambiciosos que afrontar\u00e1 el municipio es la construcci\u00f3n del nuevo&#8230;<\/p>\n","protected":false},"author":1,"featured_media":63621,"comment_status":"closed","ping_status":"closed","sticky":false,"template":"","format":"standard","meta":{"_coblocks_attr":"","_coblocks_dimensions":"","_coblocks_responsive_height":"","_coblocks_accordion_ie_support":"","jetpack_post_was_ever_published":false,"_jetpack_newsletter_access":"","_jetpack_dont_email_post_to_subs":false,"_jetpack_newsletter_tier_id":0,"_jetpack_memberships_contains_paywalled_content":false,"_jetpack_memberships_contains_paid_content":false,"footnotes":"","jetpack_publicize_message":"","jetpack_publicize_feature_enabled":true,"jetpack_social_post_already_shared":false,"jetpack_social_options":{"image_generator_settings":{"template":"highway","default_image_id":0,"enabled":false},"version":2}},"categories":[2,6916,1161,44,7671,15],"tags":[10691],"class_list":["post-63620","post","type-post","status-publish","format-standard","has-post-thumbnail","hentry","category-atarfe","category-ayuntamiento-de-atarfe","category-ciudadania","category-noticias-de-hoy","category-politica","category-ultimas-noticias","tag-fondos-edusi"],"jetpack_publicize_connections":[],"jetpack_featured_media_url":"https:\/\/i0.wp.com\/miradordeatarfe.es\/wp-content\/uploads\/2023\/10\/foto-EDUSI-Atarfe-1010x758-1.jpeg?fit=1010%2C758&ssl=1","jetpack_likes_enabled":true,"jetpack_sharing_enabled":true,"_links":{"self":[{"href":"https:\/\/miradordeatarfe.es\/index.php?rest_route=\/wp\/v2\/posts\/63620","targetHints":{"allow":["GET"]}}],"collection":[{"href":"https:\/\/miradordeatarfe.es\/index.php?rest_route=\/wp\/v2\/posts"}],"about":[{"href":"https:\/\/miradordeatarfe.es\/index.php?rest_route=\/wp\/v2\/types\/post"}],"author":[{"embeddable":true,"href":"https:\/\/miradordeatarfe.es\/index.php?rest_route=\/wp\/v2\/users\/1"}],"replies":[{"embeddable":true,"href":"https:\/\/miradordeatarfe.es\/index.php?rest_route=%2Fwp%2Fv2%2Fcomments&post=63620"}],"version-history":[{"count":3,"href":"https:\/\/miradordeatarfe.es\/index.php?rest_route=\/wp\/v2\/posts\/63620\/revisions"}],"predecessor-version":[{"id":63624,"href":"https:\/\/miradordeatarfe.es\/index.php?rest_route=\/wp\/v2\/posts\/63620\/revisions\/63624"}],"wp:featuredmedia":[{"embeddable":true,"href":"https:\/\/miradordeatarfe.es\/index.php?rest_route=\/wp\/v2\/media\/63621"}],"wp:attachment":[{"href":"https:\/\/miradordeatarfe.es\/index.php?rest_route=%2Fwp%2Fv2%2Fmedia&parent=63620"}],"wp:term":[{"taxonomy":"category","embeddable":true,"href":"https:\/\/miradordeatarfe.es\/index.php?rest_route=%2Fwp%2Fv2%2Fcategories&post=63620"},{"taxonomy":"post_tag","embeddable":true,"href":"https:\/\/miradordeatarfe.es\/index.php?rest_route=%2Fwp%2Fv2%2Ftags&post=63620"}],"curies":[{"name":"wp","href":"https:\/\/api.w.org\/{rel}","templated":true}]}}