{"id":63625,"date":"2023-10-02T09:12:40","date_gmt":"2023-10-02T07:12:40","guid":{"rendered":"https:\/\/miradordeatarfe.es\/?p=63625"},"modified":"2023-10-01T20:18:22","modified_gmt":"2023-10-01T18:18:22","slug":"lola-herrera-la-actriz-y-el-otono","status":"publish","type":"post","link":"https:\/\/miradordeatarfe.es\/?p=63625","title":{"rendered":"Lola Herrera: la actriz y el oto\u00f1o"},"content":{"rendered":"<h3 class=\"v-p\" style=\"text-align: justify;\">El oto\u00f1o se nutre de los recuerdos del verano anterior. El oto\u00f1o desconf\u00eda del invierno que le va a suceder. Con recuerdos y desconfianzas est\u00e1 elaborada la comedia &#8216;Adictos&#8217;, que el viernes pasado, reci\u00e9n estrenado el oto\u00f1o, se represent\u00f3 en el Centro Medina Elvira de Atarfe, totalmente abarrotado de p\u00fablico.<\/h3>\n<p class=\"v-p\" style=\"text-align: justify;\">Al frente del reparto una actriz en su mejor oto\u00f1o: la incomparable<strong> Lola Herrera.<\/strong> Arropada, en sus recuerdos y desconfianzas, por otras tres mujeres que la enaltecen sin ella sombrearlas: <strong>Ana Labordeta y Lola Baldrich,<\/strong> actrices que le dan acertada r\u00e9plica sobre el escenario, y Mag\u00fci Mira, esta vez directora, la que aplaudimos el a\u00f1o pasado en este mismo Centro encarnando a <strong>Molly Bloom.<\/strong><\/p>\n<p class=\"v-p\" style=\"text-align: justify;\">Una vez m\u00e1s la actriz supera la comedia. Texto y argumento son bastante pobres, manoseando una vez m\u00e1s temas futuristas coagulados a base de terrorismo, organizaciones secretas y reg\u00edmenes genocidas. Cuando el tremendismo suena m\u00e1s que la translucidez de los personajes uno ha de apararse en la interpretaci\u00f3n de esa mujer de pelo plata, dirigida por otra de similar joyel.<\/p>\n<p class=\"v-p\" style=\"text-align: justify;\">La directora est\u00e1 a punto de naufragar en el tedio de lo visto a diario en televisi\u00f3n, con ese bombardeo de diapositivas, que no por tremendamente veraces tambi\u00e9n cansan, debiendo aquilatar que el teatro, arte, debe alquitarar la noticia y no reciclarla como desperdicio. Pero Lola, con su comedida y breve interpretaci\u00f3n, subyuga nuestras miradas y concita nuestros afectos. Principio y final vestida de oto\u00f1o, a\u00f1adiendo a sus n\u00edveas guedejas un atuendo del color que pronto tomar\u00e1n, a golpes de foliolos, los pavimentos del bosque. Muy acertados los micr\u00f3fonos personales, para que no se pierda un \u00e1tomo de lo dicho. Muy l\u00facido el decorado que propone un crucigrama de blanca opacidad, con escaques perfectamente ordenados, para un argumento que pretende gustar atrincherado en el desorden de datos, al menos inicial. Y la cama como cuarta protagonista. La cama sobre que se pare y se muere. La cama sobre la que se place y se sufre. Sobre su leonado colch\u00f3n, Lola revide al Hans Castorp de &#8216;La Monta\u00f1a M\u00e1gica&#8217; logrando escapar de aquella prisi\u00f3n hospitalaria gracias al recuerdo, al seso cuerdo, que sigue cosechando para Lola tantos aplausos como los o\u00eddos el viernes en el teatro atarfe\u00f1o.<\/p>\n<p style=\"text-align: justify;\"><strong>Andr\u00e9s Molinari<\/strong><\/p>\n<p style=\"text-align: justify;\">https:\/\/www.ideal.es\/culturas\/andres-molinari-lola-herrera-actriz-otono-20231001000111-nt.html<\/p>\n","protected":false},"excerpt":{"rendered":"<p>El oto\u00f1o se nutre de los recuerdos del verano anterior. El oto\u00f1o desconf\u00eda del invierno&#8230;<\/p>\n","protected":false},"author":1,"featured_media":63626,"comment_status":"closed","ping_status":"closed","sticky":false,"template":"","format":"standard","meta":{"_coblocks_attr":"","_coblocks_dimensions":"","_coblocks_responsive_height":"","_coblocks_accordion_ie_support":"","jetpack_post_was_ever_published":false,"_jetpack_newsletter_access":"","_jetpack_dont_email_post_to_subs":false,"_jetpack_newsletter_tier_id":0,"_jetpack_memberships_contains_paywalled_content":false,"_jetpack_memberships_contains_paid_content":false,"footnotes":"","jetpack_publicize_message":"","jetpack_publicize_feature_enabled":true,"jetpack_social_post_already_shared":false,"jetpack_social_options":{"image_generator_settings":{"template":"highway","default_image_id":0,"enabled":false},"version":2}},"categories":[2,12,6916,44,15],"tags":[9622,9621],"class_list":["post-63625","post","type-post","status-publish","format-standard","has-post-thumbnail","hentry","category-atarfe","category-cultura","category-ayuntamiento-de-atarfe","category-noticias-de-hoy","category-ultimas-noticias","tag-adictos","tag-lola-herrera"],"jetpack_publicize_connections":[],"jetpack_featured_media_url":"https:\/\/i0.wp.com\/miradordeatarfe.es\/wp-content\/uploads\/2023\/10\/culturas-lola-herrera-kXcC-U210296597614AuC-758x531%40Ideal.jpg?fit=758%2C531&ssl=1","jetpack_likes_enabled":true,"jetpack_sharing_enabled":true,"_links":{"self":[{"href":"https:\/\/miradordeatarfe.es\/index.php?rest_route=\/wp\/v2\/posts\/63625","targetHints":{"allow":["GET"]}}],"collection":[{"href":"https:\/\/miradordeatarfe.es\/index.php?rest_route=\/wp\/v2\/posts"}],"about":[{"href":"https:\/\/miradordeatarfe.es\/index.php?rest_route=\/wp\/v2\/types\/post"}],"author":[{"embeddable":true,"href":"https:\/\/miradordeatarfe.es\/index.php?rest_route=\/wp\/v2\/users\/1"}],"replies":[{"embeddable":true,"href":"https:\/\/miradordeatarfe.es\/index.php?rest_route=%2Fwp%2Fv2%2Fcomments&post=63625"}],"version-history":[{"count":2,"href":"https:\/\/miradordeatarfe.es\/index.php?rest_route=\/wp\/v2\/posts\/63625\/revisions"}],"predecessor-version":[{"id":63628,"href":"https:\/\/miradordeatarfe.es\/index.php?rest_route=\/wp\/v2\/posts\/63625\/revisions\/63628"}],"wp:featuredmedia":[{"embeddable":true,"href":"https:\/\/miradordeatarfe.es\/index.php?rest_route=\/wp\/v2\/media\/63626"}],"wp:attachment":[{"href":"https:\/\/miradordeatarfe.es\/index.php?rest_route=%2Fwp%2Fv2%2Fmedia&parent=63625"}],"wp:term":[{"taxonomy":"category","embeddable":true,"href":"https:\/\/miradordeatarfe.es\/index.php?rest_route=%2Fwp%2Fv2%2Fcategories&post=63625"},{"taxonomy":"post_tag","embeddable":true,"href":"https:\/\/miradordeatarfe.es\/index.php?rest_route=%2Fwp%2Fv2%2Ftags&post=63625"}],"curies":[{"name":"wp","href":"https:\/\/api.w.org\/{rel}","templated":true}]}}