{"id":63641,"date":"2023-10-03T09:08:46","date_gmt":"2023-10-03T07:08:46","guid":{"rendered":"https:\/\/miradordeatarfe.es\/?p=63641"},"modified":"2023-10-02T20:12:31","modified_gmt":"2023-10-02T18:12:31","slug":"el-gobierno-de-ayuso-crea-un-cuerpo-de-voluntarios-ilegal-segun-asociaciones-sociales-que-critican-el-empleo-de-mano-de-obra-gratis","status":"publish","type":"post","link":"https:\/\/miradordeatarfe.es\/?p=63641","title":{"rendered":"El Gobierno de Ayuso crea un cuerpo de voluntarios \u201cilegal\u201d, seg\u00fan asociaciones sociales que critican el empleo de mano de obra gratis"},"content":{"rendered":"<article class=\"a _g _g-lg _g-o\">\n<header class=\"a_e _g _g-xs\">\n<div class=\"a_e_txt _df\">\n<h2 class=\"a_st\" style=\"text-align: justify;\">Las entidades advierten de que una ley estatal y otra auton\u00f3mica impiden que cumplan funciones de la Administraci\u00f3n<\/h2>\n<\/div>\n<\/header>\n<div class=\"a_c clearfix\" data-dtm-region=\"articulo_cuerpo\">\n<p class=\"\" style=\"text-align: justify;\">El Gobierno de Isabel D\u00edaz Ayuso ha anunciado la creaci\u00f3n del primer Cuerpo del Voluntariado Joven de la regi\u00f3n, integrado por adolescentes y j\u00f3venes que trabajar\u00e1n en comedores sociales y acompa\u00f1ando a personas con discapacidad y a mayores, en sus hogares particulares o en residencias. La idea suena bien, pero las apariencias enga\u00f1an, seg\u00fan varias asociaciones con fines sociales consultadas por este peri\u00f3dico que han puesto el grito en el cielo, apuntando a la \u201cilegalidad\u201d de la medida.<\/p>\n<p class=\"\" style=\"text-align: justify;\">Estas entidades reprochan que las administraciones no pueden recurrir al trabajo gratis para cumplir sus obligaciones y se\u00f1alan que una ley estatal y otra auton\u00f3mica lo proh\u00edben. Recuerdan que en 2012 el equipo de la alcaldesa de Madrid, Ana Botella (PP), tuvo que <a href=\"https:\/\/elpais.com\/ccaa\/2012\/01\/24\/madrid\/1327425158_230497.html\" target=\"_blank\" rel=\"noopener\" data-link-track-dtm=\"\" data-mrf-link=\"https:\/\/elpais.com\/ccaa\/2012\/01\/24\/madrid\/1327425158_230497.html\">dar marcha atr\u00e1s a su idea de buscar voluntarios para las bibliotecas p\u00fablicas<\/a> en medio de la gran recesi\u00f3n econ\u00f3mica.<\/p>\n<p class=\"\" style=\"text-align: justify;\">La Plataforma del Voluntariado Espa\u00f1ol, que impuls\u00f3 la Ley del Voluntariado estatal de 2015, es tajante: \u201cEs ilegal y esto no es una opini\u00f3n\u201d, dice su presidente, Luciano Poyato. \u201cLas administraciones pueden fomentar que las personas se unan a asociaciones de voluntarios, pero no crear cuerpos propios de voluntarios\u201d.<\/p>\n<p class=\"\" style=\"text-align: justify;\">La Coordinadora del Tercer Sector en la Comunidad de Madrid, que agrupa a 214 peque\u00f1as y medianas entidades sociales, tambi\u00e9n se opone con rotundidad a este nuevo \u00f3rgano. \u201cLos mayores necesitan la asistencia de profesionales y no puede ser que busquen ahorrar dinero reclutando voluntarios\u201d, dice su secretario t\u00e9cnico, Rafael Escudero. \u201cSe acab\u00f3 el concepto de la caridad en los servicios sociales. Esto es lo mismo que quer\u00eda Botella, pero ahora quieren ahorrarse pasta en trabajadores sociales o terapeutas ocupacionales en las residencias\u201d.<\/p>\n<p class=\"\" style=\"text-align: justify;\">La consejera de Asuntos Sociales, Ana D\u00e1vila, hizo el anuncio del nuevo cuerpo de voluntarios el viernes durante un encuentro con periodistas, adelantando una informaci\u00f3n embargada hasta este lunes. D\u00e1vila explic\u00f3 que los voluntarios, de entre 14 y 30 a\u00f1os, podr\u00edan \u201ccontagiar alegr\u00eda\u201d a las personas mayores o con discapacidad y que el nuevo \u00f3rgano estaba guiado por la \u201cfilosof\u00eda del intercambio generacional\u201d.<\/p>\n<p class=\"\" style=\"text-align: justify;\">D\u00e1vila dijo que estos adolescentes y j\u00f3venes cooperar\u00edan en proyectos del tipo <i>Mil llamadas al d\u00eda<\/i>, que se ir\u00edan poniendo en marcha de manera progresiva. Los voluntarios ser\u00edan coordinados por los trabajadores de la Comunidad que se dedican a gestionar el Carn\u00e9 Joven, una tarjeta que ofrece descuentos en el transporte, el ocio y la cultura. Los participantes acceder\u00edan a actividades deportivas y culturales junto con las personas mayores o con discapacidad.<\/p>\n<p class=\"\" style=\"text-align: justify;\">Esta labor de acompa\u00f1amiento a mayores lleva a\u00f1os siendo realizada por asociaciones. La propia Comunidad de Madrid puso en marcha el a\u00f1o pasado una<a href=\"https:\/\/www.comunidad.madrid\/noticias\/2022\/10\/04\/comunidad-madrid-crea-red-regional-soledad-no-deseada-colaboracion-ayuntamientos-entidades-sociales\" target=\"_blank\" rel=\"noopener\" data-link-track-dtm=\"\" data-mrf-link=\"https:\/\/www.comunidad.madrid\/noticias\/2022\/10\/04\/comunidad-madrid-crea-red-regional-soledad-no-deseada-colaboracion-ayuntamientos-entidades-sociales\"> Red Regional contra la Soledad No Deseada<\/a> que coordina a esas entidades con 24 ayuntamientos y mancomunidades. Esa es una labor oportuna para los cr\u00edticos del proyecto madrile\u00f1o. Argumentan que los voluntarios deben participar en cuerpos externos a las administraciones y trabajar de manera puntual como complemento del sector p\u00fablico.<\/p>\n<p class=\"\" style=\"text-align: justify;\">La <a href=\"https:\/\/www.boe.es\/buscar\/act.php?id=BOE-A-2015-11072\" target=\"_blank\" rel=\"noopener\" data-link-track-dtm=\"\" data-mrf-link=\"https:\/\/www.boe.es\/buscar\/act.php?id=BOE-A-2015-11072\">Ley estatal del Voluntariado<\/a> dice expresamente que las administraciones pueden fomentar, sensibilizar, promover, acompa\u00f1ar o impulsar el trabajo voluntario, pero no pueden crear este tipo de organizaciones. \u201cLa realizaci\u00f3n de actividades de voluntariado tampoco podr\u00e1 sustituir a las administraciones p\u00fablicas en el desarrollo de funciones o en la prestaci\u00f3n de servicios p\u00fablicos a los que est\u00e1n obligadas por ley\u201d, se\u00f1ala esta norma.<\/p>\n<p class=\"\" style=\"text-align: justify;\">Y la<a href=\"https:\/\/www.boe.es\/buscar\/pdf\/2015\/BOE-A-2015-6128-consolidado.pdf\" target=\"_blank\" rel=\"noopener\" data-link-track-dtm=\"\" data-mrf-link=\"https:\/\/www.boe.es\/buscar\/pdf\/2015\/BOE-A-2015-6128-consolidado.pdf\"> Ley auton\u00f3mica del Voluntariado<\/a>, tambi\u00e9n del a\u00f1o 2015, contiene una prohibici\u00f3n semejante: \u201cEl voluntario y las organizaciones de voluntariado no llevar\u00e1n a cabo actividades que sean realizadas por el personal al servicio de las administraciones p\u00fablicas, no tendr\u00e1n la consideraci\u00f3n de personal al servicio de las administraciones p\u00fablicas, ni asumir\u00e1n el ejercicio de funciones p\u00fablicas ni obligaciones propias de la Administraci\u00f3n\u201d.<\/p>\n<p class=\"\" style=\"text-align: justify;\">Escudero, de la Coordinadora del Tercer Sector, recuerda que ya durante la elaboraci\u00f3n de la norma auton\u00f3mica hubo pol\u00e9mica por la inclusi\u00f3n de esa cl\u00e1usula porque el PP se opon\u00eda. \u201cQuer\u00edan dejar abierta esa posibilidad de crear cuerpos de voluntariado\u201d, recuerda.<\/p>\n<p class=\"\" style=\"text-align: justify;\">La Plataforma del Voluntariado Espa\u00f1ol precisa que una excepci\u00f3n conocida a estas leyes es el trabajo de los voluntarios de protecci\u00f3n civil en el \u00e1mbito de las emergencias. Esa funci\u00f3n <a href=\"https:\/\/www.boe.es\/buscar\/act.php?id=BOE-A-2015-7730\" target=\"_blank\" rel=\"noopener\" data-link-track-dtm=\"\" data-mrf-link=\"https:\/\/www.boe.es\/buscar\/act.php?id=BOE-A-2015-7730\">est\u00e1 regulada por su propia ley estatal.<\/a><\/p>\n<h3 class=\"\" style=\"text-align: justify;\">Una regi\u00f3n en la cola del gasto social<\/h3>\n<p class=\"\" style=\"text-align: justify;\">Los cr\u00edticos del cuerpo del voluntariado desconf\u00edan de las intenciones de la Comunidad de Madrid porque es una autonom\u00eda famosa por su escasa inversi\u00f3n en el sector de los m\u00e1s vulnerables. A\u00f1o tras a\u00f1o, la regi\u00f3n ha aparecido en el grupo de cola del <i>ranking<\/i> de inversi\u00f3n per c\u00e1pita en servicios sociales, elaborado por la Asociaci\u00f3n de Directoras y Gerentes de Servicios Sociales de Espa\u00f1a. En 2022,<a href=\"https:\/\/directoressociales.com\/wp-content\/uploads\/2023\/09\/IDEC-2022.pdf\" target=\"_blank\" rel=\"noopener\" data-link-track-dtm=\"\" data-mrf-link=\"https:\/\/directoressociales.com\/wp-content\/uploads\/2023\/09\/IDEC-2022.pdf\"> fue la pen\u00faltima con 348 euros por habitante,<\/a> solo por encima de Murcia y muy por debajo de la primera, Pa\u00eds Vasco, con 1.007 euros.<\/p>\n<p class=\"\" style=\"text-align: justify;\">El presidente de esta asociaci\u00f3n, Jos\u00e9 Manuel Ram\u00edrez, advierte de que Madrid debe aspirar a mejorar sus servicios con m\u00e1s dinero p\u00fablico. \u201cNadie puede estar en contra de la buena voluntad de las personas que quieran ayudar, pero ser\u00eda una canallada que la Comunidad sustituya de esta forma el derecho a una atenci\u00f3n de calidad en las residencias\u201d.<\/p>\n<p class=\"\" style=\"text-align: justify;\">La pol\u00e9mica por el empleo de voluntarios en la Administraci\u00f3n tuvo su punto \u00e1lgido en 2012, cuando la entonces alcaldesa de la capital, Botella, plante\u00f3 <a href=\"https:\/\/elpais.com\/ccaa\/2012\/01\/26\/madrid\/1327597279_481562.html\" target=\"_blank\" rel=\"noopener\" data-link-track-dtm=\"\" data-mrf-link=\"https:\/\/elpais.com\/ccaa\/2012\/01\/26\/madrid\/1327597279_481562.html\">cubrir con voluntarios las necesidades de instalaciones municipales<\/a> ante las estrecheces presupuestarias que padec\u00eda el Ayuntamiento. Tras recibir un aluvi\u00f3n de cr\u00edticas, <a href=\"https:\/\/elpais.com\/ccaa\/2012\/01\/27\/madrid\/1327669265_250856.html\" target=\"_blank\" rel=\"noopener\" data-link-track-dtm=\"\" data-mrf-link=\"https:\/\/elpais.com\/ccaa\/2012\/01\/27\/madrid\/1327669265_250856.html\">la regidora recul\u00f3<\/a>.<\/p>\n<p class=\"\" style=\"text-align: justify;\">A pesar de aquel paso atr\u00e1s, el Ayuntamiento mantiene desde hace a\u00f1os <a href=\"https:\/\/voluntariospormadrid.madrid.es\/volun\" target=\"_blank\" rel=\"noopener\" data-link-track-dtm=\"\" data-mrf-link=\"https:\/\/voluntariospormadrid.madrid.es\/volun\">el cuerpo de Voluntari@s por Madrid,<\/a> que tambi\u00e9n es cuestionado por las asociaciones. La Plataforma del Voluntariado Espa\u00f1ol agradece que el equipo del actual alcalde, Jos\u00e9 Luis Mart\u00ednez-Almeida, ponga a estas personas al servicio de las asociaciones, pero critica que los emplee de modo directo para organizar eventos propios como la cabalgata de Reyes Magos o para el recuento anual de personas sin hogar.<\/p>\n<p class=\"\" style=\"text-align: justify;\">En 2020, el Ayuntamiento les dio una nueva funci\u00f3n: acompa\u00f1ar a los mayores a la hora de ir al m\u00e9dico, hacer la compra, dar un paseo o ir al cine. Es un programa conocido como <a href=\"https:\/\/www.madrid.es\/portales\/munimadrid\/es\/Inicio\/Madrid-te-Acompana\/?vgnextoid=40d1b1996f8bd710VgnVCM2000001f4a900aRCRD&amp;vgnextchannel=1ccd566813946010VgnVCM100000dc0ca8c0RCRD\" target=\"_blank\" rel=\"noopener\" data-link-track-dtm=\"\" data-mrf-link=\"https:\/\/www.madrid.es\/portales\/munimadrid\/es\/Inicio\/Madrid-te-Acompana\/?vgnextoid=40d1b1996f8bd710VgnVCM2000001f4a900aRCRD&amp;vgnextchannel=1ccd566813946010VgnVCM100000dc0ca8c0RCRD\">Madrid te acompa\u00f1a<\/a> que parece haber inspirado a la Comunidad de Madrid para crear el nuevo Cuerpo del Voluntariado Joven.<\/p>\n<p class=\"\" style=\"text-align: justify;\">La directora de la Plataforma del Voluntariado Espa\u00f1ol, Mar Amate, a\u00f1ade que un buen ejemplo que deber\u00edan seguir las administraciones madrile\u00f1as es el del <a href=\"https:\/\/youth.europa.eu\/go-abroad\/volunteering\/volunteer-around-world_es\" target=\"_blank\" rel=\"noopener\" data-link-track-dtm=\"\" data-mrf-link=\"https:\/\/youth.europa.eu\/go-abroad\/volunteering\/volunteer-around-world_es\">voluntariado juvenil europeo,<\/a> un programa de la Comisi\u00f3n Europea que promueve que los j\u00f3venes participen en asociaciones, lo que ha permitido a muchos irse de cooperantes al extranjero.<\/p>\n<p class=\"\" style=\"text-align: justify;\">\u201cLo que hacen es conectarlos con otras entidades sociales, pero no los reclutan para que hagan tareas propias [de la Administraci\u00f3n]\u201d, dice Amate. \u201cPero me parece que este Cuerpo del Voluntariado Joven retuerce el concepto de voluntariado y ningunea a las entidades que trabajan en estos \u00e1mbitos con su propio personal voluntario\u201d.<\/p>\n<header class=\"a_e _g _g-xs\">\n<div class=\"a_e_m\">\n<figure class=\"a_m a_m-h \"><figcaption class=\"a_m_p\"><a class=\"a_md_a_n\" title=\"Ver todas las noticias de Fernando Peinado\" href=\"https:\/\/elpais.com\/autor\/fernando-peinado\/#?rel=author_top\" data-mrf-link=\"https:\/\/elpais.com\/autor\/fernando-peinado\/\">Fernando Peinado<\/a><br \/>\nFOTO: Una cuidadora muestra la vista por la ventana a una mujer en silla de ruedas.<span class=\"a_m_m\">doble-d (Getty Images)<\/span><\/figcaption><\/figure>\n<\/div>\n<\/header>\n<div class=\"a_md _g _g-xs \">\n<figure class=\"a_md_i a_m-h c_m--nf\"><span class=\"a_m_w _db\">https:\/\/elpais.com\/espana\/madrid\/2023-10-02\/el-gobierno-de-ayuso-crea-un-cuerpo-del-voluntariado-ilegal-segun-asociaciones-sociales-que-critican-el-empleo-de-mano-de-obra-gratis.html<\/span><\/figure>\n<div class=\"a_md_txt\">\n<div class=\"a_md_a\" data-dtm-region=\"articulo_firma\">\u00a0<\/div>\n<\/div>\n<\/div>\n<\/div>\n<\/article>\n","protected":false},"excerpt":{"rendered":"<p>Las entidades advierten de que una ley estatal y otra auton\u00f3mica impiden que cumplan funciones&#8230;<\/p>\n","protected":false},"author":1,"featured_media":63642,"comment_status":"closed","ping_status":"closed","sticky":false,"template":"","format":"standard","meta":{"_coblocks_attr":"","_coblocks_dimensions":"","_coblocks_responsive_height":"","_coblocks_accordion_ie_support":"","jetpack_post_was_ever_published":false,"_jetpack_newsletter_access":"","_jetpack_dont_email_post_to_subs":false,"_jetpack_newsletter_tier_id":0,"_jetpack_memberships_contains_paywalled_content":false,"_jetpack_memberships_contains_paid_content":false,"footnotes":"","jetpack_publicize_message":"","jetpack_publicize_feature_enabled":true,"jetpack_social_post_already_shared":false,"jetpack_social_options":{"image_generator_settings":{"template":"highway","default_image_id":0,"enabled":false},"version":2}},"categories":[1161,44,7671,6937,15],"tags":[10693,1751],"class_list":["post-63641","post","type-post","status-publish","format-standard","has-post-thumbnail","hentry","category-ciudadania","category-noticias-de-hoy","category-politica","category-sociedad","category-ultimas-noticias","tag-comunidad-de-madrid","tag-voluntariado"],"jetpack_publicize_connections":[],"jetpack_featured_media_url":"https:\/\/i0.wp.com\/miradordeatarfe.es\/wp-content\/uploads\/2023\/10\/Screenshot-2023-10-02-at-20-10-10-El-Gobierno-de-Ayuso-crea-un-cuerpo-de-voluntarios-ilegal-segun-asociaciones-sociales-que-critican-el-empleo-de-mano-de-obra-gratis.png?fit=619%2C592&ssl=1","jetpack_likes_enabled":true,"jetpack_sharing_enabled":true,"_links":{"self":[{"href":"https:\/\/miradordeatarfe.es\/index.php?rest_route=\/wp\/v2\/posts\/63641","targetHints":{"allow":["GET"]}}],"collection":[{"href":"https:\/\/miradordeatarfe.es\/index.php?rest_route=\/wp\/v2\/posts"}],"about":[{"href":"https:\/\/miradordeatarfe.es\/index.php?rest_route=\/wp\/v2\/types\/post"}],"author":[{"embeddable":true,"href":"https:\/\/miradordeatarfe.es\/index.php?rest_route=\/wp\/v2\/users\/1"}],"replies":[{"embeddable":true,"href":"https:\/\/miradordeatarfe.es\/index.php?rest_route=%2Fwp%2Fv2%2Fcomments&post=63641"}],"version-history":[{"count":2,"href":"https:\/\/miradordeatarfe.es\/index.php?rest_route=\/wp\/v2\/posts\/63641\/revisions"}],"predecessor-version":[{"id":63644,"href":"https:\/\/miradordeatarfe.es\/index.php?rest_route=\/wp\/v2\/posts\/63641\/revisions\/63644"}],"wp:featuredmedia":[{"embeddable":true,"href":"https:\/\/miradordeatarfe.es\/index.php?rest_route=\/wp\/v2\/media\/63642"}],"wp:attachment":[{"href":"https:\/\/miradordeatarfe.es\/index.php?rest_route=%2Fwp%2Fv2%2Fmedia&parent=63641"}],"wp:term":[{"taxonomy":"category","embeddable":true,"href":"https:\/\/miradordeatarfe.es\/index.php?rest_route=%2Fwp%2Fv2%2Fcategories&post=63641"},{"taxonomy":"post_tag","embeddable":true,"href":"https:\/\/miradordeatarfe.es\/index.php?rest_route=%2Fwp%2Fv2%2Ftags&post=63641"}],"curies":[{"name":"wp","href":"https:\/\/api.w.org\/{rel}","templated":true}]}}