{"id":63645,"date":"2023-10-03T11:13:59","date_gmt":"2023-10-03T09:13:59","guid":{"rendered":"https:\/\/miradordeatarfe.es\/?p=63645"},"modified":"2023-10-19T20:40:47","modified_gmt":"2023-10-19T18:40:47","slug":"el-atarfeno-carlos-castellano-se-proclama-campeon-de-europa-en-tiro-tradicional","status":"publish","type":"post","link":"https:\/\/miradordeatarfe.es\/?p=63645","title":{"rendered":"El Atarfe\u00f1o Carlos Castellano se proclama campe\u00f3n de Europa en tiro tradicional"},"content":{"rendered":"<h3 class=\"v-a-sub-t\">En semifinales super\u00f3 al mejor tirador durante la fase clasificatoria, el checo Tomas Roznovsky (36-32), y en la final igual\u00f3 con el austriaco, Klaus Gr\u00fcnsteidl (31-31)<\/h3>\n<p class=\"mce\" align=\"justify\">La localidad de<strong class=\"mce\"> Atarfe<\/strong> est\u00e1 de enhorabuena. <span class=\"x193iq5w xeuugli x13faqbe x1vvkbs x1xmvt09 x1lliihq x1s928wv xhkezso x1gmr53x x1cpjm7i x1fgarty x1943h6x xudqn12 x3x7a5m x6prxxf xvq8zen xo1l8bm xzsf02u x1yc453h\" dir=\"auto\">Este fin de semana, el Atarfe\u00f1o Carlos Castellano Fern\u00e1ndez ha hecho historia en el deporte de nuestro pueblo proclam\u00e1ndose Campe\u00f3n de Europa en la disciplina de tiro con arco. <\/span>Y es que no todos los d\u00edas, un vecino de la localidad logra un t\u00edtulo continental en una disciplina deportiva. Pero siempre hay excepciones y el atarfe\u00f1o <strong class=\"mce\">Carlos Castellano Fern\u00e1ndez<\/strong> hizo historia el pasado fin de semana y, por tanto, del municipio metropolitano al proclamarse <strong class=\"mce\">campe\u00f3n de Europa<\/strong> en la disciplina de tiro con arco 3D en la modalidad tradicional.<\/p>\n<p align=\"justify\"><span class=\"paywall\">En semifinales super\u00f3 al mejor tirador durante la fase clasificatoria, el checo Tomas Roznovsky (36-32), y en la final igual\u00f3 con el austriaco, Klaus Gr\u00fcnsteidl (31-31), que se clasific\u00f3 con el segundo mejor registro, pero consigui\u00f3 no desequilibrar el empate, en el que el espa\u00f1ol result\u00f3 vencedor por tener el tiro de ocho puntos m\u00e1s cercano al centro despu\u00e9s de que ambos calcaran la puntuaci\u00f3n en los cuatro lanzamientos. <\/span><\/p>\n<p class=\"mce\" align=\"justify\">El granadino, poseedor del <strong class=\"mce\">t\u00edtulo nacional<\/strong> en la misma categor\u00eda, fue el primero en subir al podio de la expedici\u00f3n espa\u00f1ola en la localidad alpina italiana de San Sicario Alto que acogi\u00f3 el Campeonato de Europa de 3D. El tirador venci\u00f3 en una<strong class=\"mce\"> final de infarto<\/strong> tras tener que recurrir a la flecha de desempate m\u00e1s cercana al centro.<\/p>\n<p align=\"justify\">El logro se celebr\u00f3 como lo merece a la <strong class=\"mce\">llegada al Aeropuerto<\/strong> de la capital donde Ayuntamiento, familiares y amigos lo recibieron por todo lo alto ante la sorpresa del deportista que se vio desbordado ante tantas muestras de cari\u00f1o. Y es que era un motivo para sentirse orgulloso y acoger a un paisano que se ha encumbrado a lo m\u00e1s alto a nivel europeo del tiro con arco.<\/p>\n<p align=\"justify\"><a href=\"https:\/\/i0.wp.com\/miradordeatarfe.es\/wp-content\/uploads\/2023\/10\/384795099_692722956238556_3199631224077357339_n.jpg?ssl=1\"><img data-recalc-dims=\"1\" loading=\"lazy\" decoding=\"async\" class=\"alignnone wp-image-63647 size-full\" src=\"https:\/\/i0.wp.com\/miradordeatarfe.es\/wp-content\/uploads\/2023\/10\/384795099_692722956238556_3199631224077357339_n.jpg?resize=640%2C853&#038;ssl=1\" alt=\"\" width=\"640\" height=\"853\" srcset=\"https:\/\/i0.wp.com\/miradordeatarfe.es\/wp-content\/uploads\/2023\/10\/384795099_692722956238556_3199631224077357339_n.jpg?w=1536&amp;ssl=1 1536w, https:\/\/i0.wp.com\/miradordeatarfe.es\/wp-content\/uploads\/2023\/10\/384795099_692722956238556_3199631224077357339_n.jpg?resize=225%2C300&amp;ssl=1 225w, https:\/\/i0.wp.com\/miradordeatarfe.es\/wp-content\/uploads\/2023\/10\/384795099_692722956238556_3199631224077357339_n.jpg?resize=768%2C1024&amp;ssl=1 768w, https:\/\/i0.wp.com\/miradordeatarfe.es\/wp-content\/uploads\/2023\/10\/384795099_692722956238556_3199631224077357339_n.jpg?resize=1152%2C1536&amp;ssl=1 1152w, https:\/\/i0.wp.com\/miradordeatarfe.es\/wp-content\/uploads\/2023\/10\/384795099_692722956238556_3199631224077357339_n.jpg?resize=1320%2C1760&amp;ssl=1 1320w\" sizes=\"auto, (max-width: 640px) 100vw, 640px\" \/><\/a><\/p>\n<p align=\"justify\">\u00a0<\/p>\n<p align=\"justify\"><a href=\"https:\/\/i0.wp.com\/miradordeatarfe.es\/wp-content\/uploads\/2023\/10\/FB_IMG_1696321680461.jpg?ssl=1\"><img data-recalc-dims=\"1\" loading=\"lazy\" decoding=\"async\" class=\"alignnone size-medium wp-image-63653\" src=\"https:\/\/i0.wp.com\/miradordeatarfe.es\/wp-content\/uploads\/2023\/10\/FB_IMG_1696321680461.jpg?resize=300%2C231&#038;ssl=1\" alt=\"\" width=\"300\" height=\"231\" srcset=\"https:\/\/i0.wp.com\/miradordeatarfe.es\/wp-content\/uploads\/2023\/10\/FB_IMG_1696321680461.jpg?resize=300%2C231&amp;ssl=1 300w, https:\/\/i0.wp.com\/miradordeatarfe.es\/wp-content\/uploads\/2023\/10\/FB_IMG_1696321680461.jpg?w=720&amp;ssl=1 720w\" sizes=\"auto, (max-width: 300px) 100vw, 300px\" \/><\/a> <a href=\"https:\/\/i0.wp.com\/miradordeatarfe.es\/wp-content\/uploads\/2023\/10\/FB_IMG_1696321688641.jpg?ssl=1\"><img data-recalc-dims=\"1\" loading=\"lazy\" decoding=\"async\" class=\"alignnone size-medium wp-image-63654\" src=\"https:\/\/i0.wp.com\/miradordeatarfe.es\/wp-content\/uploads\/2023\/10\/FB_IMG_1696321688641.jpg?resize=268%2C300&#038;ssl=1\" alt=\"\" width=\"268\" height=\"300\" srcset=\"https:\/\/i0.wp.com\/miradordeatarfe.es\/wp-content\/uploads\/2023\/10\/FB_IMG_1696321688641.jpg?resize=268%2C300&amp;ssl=1 268w, https:\/\/i0.wp.com\/miradordeatarfe.es\/wp-content\/uploads\/2023\/10\/FB_IMG_1696321688641.jpg?w=720&amp;ssl=1 720w\" sizes=\"auto, (max-width: 268px) 100vw, 268px\" \/><\/a> <a href=\"https:\/\/i0.wp.com\/miradordeatarfe.es\/wp-content\/uploads\/2023\/10\/FB_IMG_1696321676092.jpg?ssl=1\"><img data-recalc-dims=\"1\" loading=\"lazy\" decoding=\"async\" class=\"alignnone size-medium wp-image-63652\" src=\"https:\/\/i0.wp.com\/miradordeatarfe.es\/wp-content\/uploads\/2023\/10\/FB_IMG_1696321676092.jpg?resize=300%2C258&#038;ssl=1\" alt=\"\" width=\"300\" height=\"258\" srcset=\"https:\/\/i0.wp.com\/miradordeatarfe.es\/wp-content\/uploads\/2023\/10\/FB_IMG_1696321676092.jpg?resize=300%2C258&amp;ssl=1 300w, https:\/\/i0.wp.com\/miradordeatarfe.es\/wp-content\/uploads\/2023\/10\/FB_IMG_1696321676092.jpg?w=720&amp;ssl=1 720w\" sizes=\"auto, (max-width: 300px) 100vw, 300px\" \/><\/a> <a href=\"https:\/\/i0.wp.com\/miradordeatarfe.es\/wp-content\/uploads\/2023\/10\/FB_IMG_1696321670733.jpg?ssl=1\"><img data-recalc-dims=\"1\" loading=\"lazy\" decoding=\"async\" class=\"alignnone size-medium wp-image-63651\" src=\"https:\/\/i0.wp.com\/miradordeatarfe.es\/wp-content\/uploads\/2023\/10\/FB_IMG_1696321670733.jpg?resize=169%2C300&#038;ssl=1\" alt=\"\" width=\"169\" height=\"300\" srcset=\"https:\/\/i0.wp.com\/miradordeatarfe.es\/wp-content\/uploads\/2023\/10\/FB_IMG_1696321670733.jpg?resize=169%2C300&amp;ssl=1 169w, https:\/\/i0.wp.com\/miradordeatarfe.es\/wp-content\/uploads\/2023\/10\/FB_IMG_1696321670733.jpg?resize=576%2C1024&amp;ssl=1 576w, https:\/\/i0.wp.com\/miradordeatarfe.es\/wp-content\/uploads\/2023\/10\/FB_IMG_1696321670733.jpg?w=720&amp;ssl=1 720w\" sizes=\"auto, (max-width: 169px) 100vw, 169px\" \/><\/a> <a href=\"https:\/\/i0.wp.com\/miradordeatarfe.es\/wp-content\/uploads\/2023\/10\/FB_IMG_1696321667999.jpg?ssl=1\"><img data-recalc-dims=\"1\" loading=\"lazy\" decoding=\"async\" class=\"alignnone size-medium wp-image-63650\" src=\"https:\/\/i0.wp.com\/miradordeatarfe.es\/wp-content\/uploads\/2023\/10\/FB_IMG_1696321667999.jpg?resize=265%2C300&#038;ssl=1\" alt=\"\" width=\"265\" height=\"300\" srcset=\"https:\/\/i0.wp.com\/miradordeatarfe.es\/wp-content\/uploads\/2023\/10\/FB_IMG_1696321667999.jpg?resize=265%2C300&amp;ssl=1 265w, https:\/\/i0.wp.com\/miradordeatarfe.es\/wp-content\/uploads\/2023\/10\/FB_IMG_1696321667999.jpg?w=720&amp;ssl=1 720w\" sizes=\"auto, (max-width: 265px) 100vw, 265px\" \/><\/a> <a href=\"https:\/\/i0.wp.com\/miradordeatarfe.es\/wp-content\/uploads\/2023\/10\/385907762_18234443575208662_2269712581357131685_n.jpg?ssl=1\"><img data-recalc-dims=\"1\" loading=\"lazy\" decoding=\"async\" class=\"alignnone size-medium wp-image-63649\" src=\"https:\/\/i0.wp.com\/miradordeatarfe.es\/wp-content\/uploads\/2023\/10\/385907762_18234443575208662_2269712581357131685_n.jpg?resize=240%2C300&#038;ssl=1\" alt=\"\" width=\"240\" height=\"300\" srcset=\"https:\/\/i0.wp.com\/miradordeatarfe.es\/wp-content\/uploads\/2023\/10\/385907762_18234443575208662_2269712581357131685_n.jpg?resize=240%2C300&amp;ssl=1 240w, https:\/\/i0.wp.com\/miradordeatarfe.es\/wp-content\/uploads\/2023\/10\/385907762_18234443575208662_2269712581357131685_n.jpg?resize=819%2C1024&amp;ssl=1 819w, https:\/\/i0.wp.com\/miradordeatarfe.es\/wp-content\/uploads\/2023\/10\/385907762_18234443575208662_2269712581357131685_n.jpg?resize=768%2C960&amp;ssl=1 768w, https:\/\/i0.wp.com\/miradordeatarfe.es\/wp-content\/uploads\/2023\/10\/385907762_18234443575208662_2269712581357131685_n.jpg?resize=1229%2C1536&amp;ssl=1 1229w, https:\/\/i0.wp.com\/miradordeatarfe.es\/wp-content\/uploads\/2023\/10\/385907762_18234443575208662_2269712581357131685_n.jpg?resize=1320%2C1650&amp;ssl=1 1320w, https:\/\/i0.wp.com\/miradordeatarfe.es\/wp-content\/uploads\/2023\/10\/385907762_18234443575208662_2269712581357131685_n.jpg?w=1440&amp;ssl=1 1440w\" sizes=\"auto, (max-width: 240px) 100vw, 240px\" \/><\/a><\/p>\n<p align=\"justify\">\u00a0<\/p>\n<p>https:\/\/youtube.com\/shorts\/-IyHLU_5J3c?feature=shared<\/p>\n","protected":false},"excerpt":{"rendered":"<p>En semifinales super\u00f3 al mejor tirador durante la fase clasificatoria, el checo Tomas Roznovsky (36-32),&#8230;<\/p>\n","protected":false},"author":1,"featured_media":63661,"comment_status":"closed","ping_status":"closed","sticky":false,"template":"","format":"standard","meta":{"_coblocks_attr":"","_coblocks_dimensions":"","_coblocks_responsive_height":"","_coblocks_accordion_ie_support":"","jetpack_post_was_ever_published":false,"_jetpack_newsletter_access":"","_jetpack_dont_email_post_to_subs":false,"_jetpack_newsletter_tier_id":0,"_jetpack_memberships_contains_paywalled_content":false,"_jetpack_memberships_contains_paid_content":false,"footnotes":"","jetpack_publicize_message":"","jetpack_publicize_feature_enabled":true,"jetpack_social_post_already_shared":false,"jetpack_social_options":{"image_generator_settings":{"template":"highway","default_image_id":0,"enabled":false},"version":2}},"categories":[182,6539],"tags":[10694],"class_list":["post-63645","post","type-post","status-publish","format-standard","has-post-thumbnail","hentry","category-deportes","category-personajes-de-ataref","tag-carlos-castellanos-fernandez"],"jetpack_publicize_connections":[],"jetpack_featured_media_url":"https:\/\/i0.wp.com\/miradordeatarfe.es\/wp-content\/uploads\/2023\/10\/FB_IMG_1696328036046.jpg?fit=638%2C372&ssl=1","jetpack_likes_enabled":true,"jetpack_sharing_enabled":true,"_links":{"self":[{"href":"https:\/\/miradordeatarfe.es\/index.php?rest_route=\/wp\/v2\/posts\/63645","targetHints":{"allow":["GET"]}}],"collection":[{"href":"https:\/\/miradordeatarfe.es\/index.php?rest_route=\/wp\/v2\/posts"}],"about":[{"href":"https:\/\/miradordeatarfe.es\/index.php?rest_route=\/wp\/v2\/types\/post"}],"author":[{"embeddable":true,"href":"https:\/\/miradordeatarfe.es\/index.php?rest_route=\/wp\/v2\/users\/1"}],"replies":[{"embeddable":true,"href":"https:\/\/miradordeatarfe.es\/index.php?rest_route=%2Fwp%2Fv2%2Fcomments&post=63645"}],"version-history":[{"count":2,"href":"https:\/\/miradordeatarfe.es\/index.php?rest_route=\/wp\/v2\/posts\/63645\/revisions"}],"predecessor-version":[{"id":63660,"href":"https:\/\/miradordeatarfe.es\/index.php?rest_route=\/wp\/v2\/posts\/63645\/revisions\/63660"}],"wp:featuredmedia":[{"embeddable":true,"href":"https:\/\/miradordeatarfe.es\/index.php?rest_route=\/wp\/v2\/media\/63661"}],"wp:attachment":[{"href":"https:\/\/miradordeatarfe.es\/index.php?rest_route=%2Fwp%2Fv2%2Fmedia&parent=63645"}],"wp:term":[{"taxonomy":"category","embeddable":true,"href":"https:\/\/miradordeatarfe.es\/index.php?rest_route=%2Fwp%2Fv2%2Fcategories&post=63645"},{"taxonomy":"post_tag","embeddable":true,"href":"https:\/\/miradordeatarfe.es\/index.php?rest_route=%2Fwp%2Fv2%2Ftags&post=63645"}],"curies":[{"name":"wp","href":"https:\/\/api.w.org\/{rel}","templated":true}]}}