{"id":63656,"date":"2023-10-04T11:00:33","date_gmt":"2023-10-04T09:00:33","guid":{"rendered":"https:\/\/miradordeatarfe.es\/?p=63656"},"modified":"2023-10-03T11:42:18","modified_gmt":"2023-10-03T09:42:18","slug":"basta-de-contaminacion-acustica","status":"publish","type":"post","link":"https:\/\/miradordeatarfe.es\/?p=63656","title":{"rendered":"\u00a1\u00a1\u00a1BASTA DE CONTAMINACI\u00d3N AC\u00daSTICA !!!"},"content":{"rendered":"<div class=\"xdj266r x11i5rnm xat24cr x1mh8g0r x1vvkbs x126k92a\">\n<h3 dir=\"auto\" style=\"text-align: justify;\">Ya lleg\u00f3. La \u00e9poca del a\u00f1o en la que los d\u00edas son largos, el sol brilla, los p\u00e1jaros cantan, las flores florecen y la m\u00fasica sube el volumen.<\/h3>\n<div dir=\"auto\" style=\"text-align: justify;\">Poco a poco, los d\u00edas se hacen m\u00e1s calurosos. S\u00ed \u00a1el verano es propicio para estos eventos. Pero, este a\u00f1o llega con el cambio clim\u00e1tico como tema candente, en primera l\u00ednea. Por eso, los organizadores de los festivales se han convertido en pioneros de la innovaci\u00f3n sostenible. Desde el uso de energ\u00edas verdes hasta el lanzamiento de aplicaciones donde las personas pueden rastrear su huella de carbono personal, pasando por medidas m\u00e1s comunes, como reducir el uso de folletos impresos y respaldar la recolecci\u00f3n de residuos, los festivales est\u00e1n cantando utop\u00edas futuristas y forjando comunidades temporales que pueden reimaginar radicalmente un ma\u00f1ana.<\/div>\n<div dir=\"auto\" style=\"text-align: justify;\">\u00a0<\/div>\n<div dir=\"auto\" style=\"text-align: justify;\"><strong> Pero, \u00bfqu\u00e9 pasa con el impacto de la m\u00fasica a todo volumen ?<\/strong><\/div>\n<\/div>\n<div dir=\"auto\" style=\"text-align: justify;\">\u00a0<\/div>\n<div dir=\"auto\" style=\"text-align: justify;\">Nuestro vecino Jos\u00e9 Luis Alcauce D\u00edaz nos describe en su facebook lo que muchos vecinos o\u00edmos, sufrimos y nos sentimos impotentes ante lo que estaba pasando por un concierto en el cortijo del Conde\u00a0 situado en las inmediaciones de Atarfe junto al Mercagranada.<\/div>\n<div class=\"xdj266r x11i5rnm xat24cr x1mh8g0r x1vvkbs x126k92a\" style=\"text-align: justify;\">\n<div dir=\"auto\">\u00a0<\/div>\n<div dir=\"auto\"><em>\u00bfSabes lo que es una plataforma de micropilotaje? Por si no lo sabes, te lo dir\u00e9.<\/em><\/div>\n<div dir=\"auto\">\u00a0<\/div>\n<div dir=\"auto\"><em>Son esas m\u00e1quinas que, cuando el terreno donde hay que cimentar para construir un edificio no es estable o tiene hoquedades, se dedica a martillear un pilote de acero y hormig\u00f3n hasta que lo introduce un buen pu\u00f1ado de metros en la tierra.<\/em><\/div>\n<\/div>\n<div class=\"x11i5rnm xat24cr x1mh8g0r x1vvkbs xtlvy1s x126k92a\" style=\"text-align: justify;\">\n<div dir=\"auto\"><em>El s\u00e1bado, desde media tarde, hemos disfrutado en Atarfe y alrededores, de una<strong> micropilotadora musical<\/strong> y a las tres de la madrugada del domingo, por fin ha parado en su tarea.<\/em><\/div>\n<\/div>\n<div class=\"x11i5rnm xat24cr x1mh8g0r x1vvkbs xtlvy1s x126k92a\" style=\"text-align: justify;\">\n<div dir=\"auto\"><em>Como bien habr\u00e9is advertido, he utilizado un s\u00edmil para describir la taladrante \u00abm\u00fasica\u00bb que proced\u00eda del Cortijo del Conde.<\/em><\/div>\n<\/div>\n<div class=\"x11i5rnm xat24cr x1mh8g0r x1vvkbs xtlvy1s x126k92a\" style=\"text-align: justify;\">\n<div dir=\"auto\"><em>He medido la distancia desde mi casa hasta ese lugar y son, en l\u00ednea recta, unos 4,5 kms.<\/em><\/div>\n<div dir=\"auto\"><em>No se pod\u00eda conciliar el sue\u00f1o ni con las ventanas cerradas, el pum pum era continuo y enloquecedor.<\/em><\/div>\n<\/div>\n<div class=\"x11i5rnm xat24cr x1mh8g0r x1vvkbs xtlvy1s x126k92a\" style=\"text-align: justify;\">\n<div dir=\"auto\"><em>No es de recibo, que mientras las terrazas de los bares, hace mucho tiempo que no pueden tener reproductores de sonido ni siquiera pantallas de televisi\u00f3n donde proyectar v\u00eddeos musicales o informativos, tengamos que soportar, adem\u00e1s con bastante asiduidad, vol\u00famenes que no son ni sanos para quienes los hayan sufrido un situ.<\/em><\/div>\n<div dir=\"auto\">\u00a0<\/div>\n<\/div>\n<div class=\"x11i5rnm xat24cr x1mh8g0r x1vvkbs xtlvy1s x126k92a\" style=\"text-align: justify;\">\n<div dir=\"auto\"><em>Creo que el susodicho Cortijo es ya termin\u00f3 municipal de Granada, con lo cual, poco que decir al <span class=\"xt0psk2\">Ayuntamiento de Atarfe<\/span> ni al de Albolote o Maracena, pues no les incumbe; bueno s\u00ed, que sus vecinos tienen el derecho al descanso y no s\u00e9 lo est\u00e1n garantizando.<\/em><\/div>\n<div dir=\"auto\">\u00a0<\/div>\n<\/div>\n<div class=\"x11i5rnm xat24cr x1mh8g0r x1vvkbs xtlvy1s x126k92a\" style=\"text-align: justify;\">\n<div dir=\"auto\"><em>Ingentes dispositivos para albergar los cientos de veh\u00edculos que se apilan en las v\u00edas de servicio contiguas, dej\u00e1ndolas pr\u00e1cticamente inservibles al resto de usuarios, corte de una de las avenidas del pol\u00edgono y no siendo bastante con eso, tienen que meter no s\u00e9 cu\u00e1ntos miles (muchos) watios de potencia de sonido que son desorbitados a todas luces.<\/em><\/div>\n<div dir=\"auto\">\u00a0<\/div>\n<\/div>\n<div class=\"x11i5rnm xat24cr x1mh8g0r x1vvkbs xtlvy1s x126k92a\" style=\"text-align: justify;\">\n<div dir=\"auto\"><em>Yo fui joven y me gustaba mucho la m\u00fasica, de hecho me sigue gustando como el primer d\u00eda pero ten\u00edamos m\u00e1s conciencia y tambi\u00e9n los organizadores de eventos.<\/em><\/div>\n<\/div>\n<div class=\"x11i5rnm xat24cr x1mh8g0r x1vvkbs xtlvy1s x126k92a\">\n<div dir=\"auto\" style=\"text-align: justify;\"><em>Lamentable, de nuevo<\/em><\/div>\n<div dir=\"auto\" style=\"text-align: justify;\">\u00a0<\/div>\n<div dir=\"auto\" style=\"text-align: justify;\">Hoy en d\u00eda, los festivales son muy populares. Han convertido programas de m\u00fasica individuales en conciertos producidos en masa que dan la bienvenida a miles de visitantes de todas las edades.\u00a0<a href=\"https:\/\/www.nielsen.com\/us\/en\/insights\/article\/2015\/for-music-fans-the-summer-is-all-a-stage\/\" target=\"_blank\" rel=\"noopener\">Nielsen<\/a> inform\u00f3, en 2015, que alrededor de 32 millones de personas asistieron al menos a un festival al a\u00f1o, y que un tercio de estas persons visitaron m\u00faltiples festivales. A medida que nos exponemos a altos niveles de m\u00fasica con mayor frecuencia y por per\u00edodos m\u00e1s largos, existe un aumento sustancial en el n\u00famero de personas que informan lesiones auditivas. No es una sorpresa que los m\u00fasicos hayan estado entre los m\u00e1s afectados, desde Moby, que present\u00f3 p\u00e9rdida auditiva desde principios de us carrera hasta, Grimes, que tuvo que cancelar su gira debido al tinnitus en 2012<\/div>\n<\/div>\n<div dir=\"auto\">\n<p style=\"text-align: justify;\">Ya hay algunas campa\u00f1as que crean conciencia sobre el cuidado de nuestros o\u00eddos, y el p\u00fablico est\u00e1 respaldando notablemente el uso de tapones para los o\u00eddos y el rechazo a estar cerca de los colosales oradores. Hoy en d\u00eda, los tapones para los o\u00eddos est\u00e1n ampliamente disponibles, algunos incluso est\u00e1n hechos a medida. Sin embargo, en este punto tambi\u00e9n debemos plantearnos la cuesti\u00f3n de c\u00f3mo estos encuentros al aire libre, por cortos que sean, pueden afectar a otras especies adem\u00e1s de los humanos.<\/p>\n<p style=\"text-align: justify;\">No estamos diciendo que debamos matar la diversi\u00f3n e irnos a la cama temprano. Seamos honestos, a todos nos complace que nuestros seres queridos nos golpeen los o\u00eddos y el cerebro en el escenario, pero debemos considerar<strong> la contaminaci\u00f3n ac\u00fastica como una forma grave de contaminaci\u00f3n antropog\u00e9nica y un motor de cambio ambiental.<\/strong> Por otro lado, esperamos que <strong>surjan formas innovadoras y sostenibles para alcanzar la m\u00e1xima optimizaci\u00f3n entre preservar el bienestar de los habitantes de la tierra y la experiencia musical.<\/strong><\/p>\n<p>FOTO: https:\/\/granadasound.com\/<\/p>\n<\/div>\n","protected":false},"excerpt":{"rendered":"<p>Ya lleg\u00f3. La \u00e9poca del a\u00f1o en la que los d\u00edas son largos, el sol&#8230;<\/p>\n","protected":false},"author":1,"featured_media":63657,"comment_status":"closed","ping_status":"closed","sticky":false,"template":"","format":"standard","meta":{"_coblocks_attr":"","_coblocks_dimensions":"","_coblocks_responsive_height":"","_coblocks_accordion_ie_support":"","jetpack_post_was_ever_published":false,"_jetpack_newsletter_access":"","_jetpack_dont_email_post_to_subs":false,"_jetpack_newsletter_tier_id":0,"_jetpack_memberships_contains_paywalled_content":false,"_jetpack_memberships_contains_paid_content":false,"footnotes":"","jetpack_publicize_message":"","jetpack_publicize_feature_enabled":true,"jetpack_social_post_already_shared":false,"jetpack_social_options":{"image_generator_settings":{"template":"highway","default_image_id":0,"enabled":false},"version":2}},"categories":[2,7725,1161,44,6920,15],"tags":[81,10695],"class_list":["post-63656","post","type-post","status-publish","format-standard","has-post-thumbnail","hentry","category-atarfe","category-atarfe-sostenible","category-ciudadania","category-noticias-de-hoy","category-tecnologia","category-ultimas-noticias","tag-atarfe","tag-contaminacion-acustica"],"jetpack_publicize_connections":[],"jetpack_featured_media_url":"https:\/\/i0.wp.com\/miradordeatarfe.es\/wp-content\/uploads\/2023\/10\/FOTO-CIERRE.jpg?fit=1081%2C614&ssl=1","jetpack_likes_enabled":true,"jetpack_sharing_enabled":true,"_links":{"self":[{"href":"https:\/\/miradordeatarfe.es\/index.php?rest_route=\/wp\/v2\/posts\/63656","targetHints":{"allow":["GET"]}}],"collection":[{"href":"https:\/\/miradordeatarfe.es\/index.php?rest_route=\/wp\/v2\/posts"}],"about":[{"href":"https:\/\/miradordeatarfe.es\/index.php?rest_route=\/wp\/v2\/types\/post"}],"author":[{"embeddable":true,"href":"https:\/\/miradordeatarfe.es\/index.php?rest_route=\/wp\/v2\/users\/1"}],"replies":[{"embeddable":true,"href":"https:\/\/miradordeatarfe.es\/index.php?rest_route=%2Fwp%2Fv2%2Fcomments&post=63656"}],"version-history":[{"count":1,"href":"https:\/\/miradordeatarfe.es\/index.php?rest_route=\/wp\/v2\/posts\/63656\/revisions"}],"predecessor-version":[{"id":63658,"href":"https:\/\/miradordeatarfe.es\/index.php?rest_route=\/wp\/v2\/posts\/63656\/revisions\/63658"}],"wp:featuredmedia":[{"embeddable":true,"href":"https:\/\/miradordeatarfe.es\/index.php?rest_route=\/wp\/v2\/media\/63657"}],"wp:attachment":[{"href":"https:\/\/miradordeatarfe.es\/index.php?rest_route=%2Fwp%2Fv2%2Fmedia&parent=63656"}],"wp:term":[{"taxonomy":"category","embeddable":true,"href":"https:\/\/miradordeatarfe.es\/index.php?rest_route=%2Fwp%2Fv2%2Fcategories&post=63656"},{"taxonomy":"post_tag","embeddable":true,"href":"https:\/\/miradordeatarfe.es\/index.php?rest_route=%2Fwp%2Fv2%2Ftags&post=63656"}],"curies":[{"name":"wp","href":"https:\/\/api.w.org\/{rel}","templated":true}]}}