{"id":63662,"date":"2023-10-04T10:42:10","date_gmt":"2023-10-04T08:42:10","guid":{"rendered":"https:\/\/miradordeatarfe.es\/?p=63662"},"modified":"2023-10-04T10:42:10","modified_gmt":"2023-10-04T08:42:10","slug":"i-jornadas-de-salud-mental-en-atarfe","status":"publish","type":"post","link":"https:\/\/miradordeatarfe.es\/?p=63662","title":{"rendered":"I JORNADAS DE SALUD MENTAL EN ATARFE"},"content":{"rendered":"<h3>Con motivo del D\u00eda Mundial de la Salud Mental, desde las Concejal\u00edas de Bienestar Social y Participaci\u00f3n Ciudadana, hemos organizado las \u00abI Jornadas de Salud Mental\u00bb en nuestro municipio.<\/h3>\n<ul>\n<li>Existen estrategias asequibles, eficaces y viables para promover, proteger y recuperar la salud mental.<\/li>\n<li>La necesidad de actuar en relaci\u00f3n con la salud mental es indiscutible y urgente.<\/li>\n<li>La salud mental tiene un valor intr\u00ednseco y fundamental y es parte integral de nuestro bienestar general.<\/li>\n<li>La salud mental est\u00e1 determinada por una compleja interacci\u00f3n de factores de estr\u00e9s y vulnerabilidad individuales, sociales y estructurales<\/li>\n<\/ul>\n<p>La prevenci\u00f3n del suicidio es una prioridad mundial y forma parte de los Objetivos de Desarrollo Sostenible. Algunas medidas permitir\u00edan avanzar considerablemente al respecto, como limitar el acceso a los medios de suicidio, fomentar una cobertura medi\u00e1tica responsable, promover el aprendizaje socioemocional en los adolescentes y favorecer la intervenci\u00f3n temprana. Prohibir los plaguicidas muy peligrosos es una intervenci\u00f3n particularmente econ\u00f3mica y rentable para reducir las tasas de suicidio.<\/p>\n<p>La promoci\u00f3n de la salud mental de los ni\u00f1os y adolescentes es otra prioridad, que puede lograrse mediante pol\u00edticas y leyes que promuevan y protejan la salud mental, apoyando a los cuidadores para que ofrezcan un cuidado cari\u00f1oso, poniendo en marcha programas escolares y mejorando la calidad de los entornos comunitarios y en l\u00ednea. Los programas de aprendizaje socioemocional en las escuelas son de las estrategias de promoci\u00f3n m\u00e1s eficaces para cualquier pa\u00eds, independientemente de su nivel de ingresos.<\/p>\n<p>El Ayuntamiento de Atarfe\u00a0 hace especial hincapi\u00e9 en la protecci\u00f3n y la promoci\u00f3n de los derechos humanos, el empoderamiento de las personas que experimenten afecciones de salud mental y la elaboraci\u00f3n de un enfoque multisectorial en que intervengan diversas partes interesadas y es por ello que entre las actividades programadas, <strong>el pr\u00f3ximo lunes, 9 de Octubre, a las 18:00 horas, en el Centro C\u00edvico,<\/strong> se celebrar\u00e1 una interesante charla, para adultos, a cargo de la psic\u00f3loga<strong> Emma Jim\u00e9nez<\/strong> y bajo el t\u00edtulo <strong>\u00abEn qu\u00e9 momento me perd\u00ed\u00bb<\/strong>.<\/p>\n<p>Est\u00e1is todos\/as invitados\/as, no es necesario registrarse, \u00a1solo ven y participa!<\/p>\n<p>Desde el Ayuntamiento de Atarfe te trasladamos nuestro compromiso con la salud mental y la importancia de la formaci\u00f3n sobre este importante tema.\u00a0\u00a1Te\u00a0esperamos!<\/p>\n","protected":false},"excerpt":{"rendered":"<p>Con motivo del D\u00eda Mundial de la Salud Mental, desde las Concejal\u00edas de Bienestar Social&#8230;<\/p>\n","protected":false},"author":1,"featured_media":63663,"comment_status":"closed","ping_status":"closed","sticky":false,"template":"","format":"standard","meta":{"_coblocks_attr":"","_coblocks_dimensions":"","_coblocks_responsive_height":"","_coblocks_accordion_ie_support":"","jetpack_post_was_ever_published":false,"_jetpack_newsletter_access":"","_jetpack_dont_email_post_to_subs":false,"_jetpack_newsletter_tier_id":0,"_jetpack_memberships_contains_paywalled_content":false,"_jetpack_memberships_contains_paid_content":false,"footnotes":"","jetpack_publicize_message":"","jetpack_publicize_feature_enabled":true,"jetpack_social_post_already_shared":false,"jetpack_social_options":{"image_generator_settings":{"template":"highway","default_image_id":0,"enabled":false},"version":2}},"categories":[2,6916,1161,44,6937,15,10],"tags":[4293,55,5378],"class_list":["post-63662","post","type-post","status-publish","format-standard","has-post-thumbnail","hentry","category-atarfe","category-ayuntamiento-de-atarfe","category-ciudadania","category-noticias-de-hoy","category-sociedad","category-ultimas-noticias","category-salud","tag-ayuntamiento-de-atarfe","tag-salud","tag-salud-mental"],"jetpack_publicize_connections":[],"jetpack_featured_media_url":"https:\/\/i0.wp.com\/miradordeatarfe.es\/wp-content\/uploads\/2023\/10\/Imagen-de-WhatsApp-2023-10-04-a-las-10.08.46.jpg?fit=1600%2C692&ssl=1","jetpack_likes_enabled":true,"jetpack_sharing_enabled":true,"_links":{"self":[{"href":"https:\/\/miradordeatarfe.es\/index.php?rest_route=\/wp\/v2\/posts\/63662","targetHints":{"allow":["GET"]}}],"collection":[{"href":"https:\/\/miradordeatarfe.es\/index.php?rest_route=\/wp\/v2\/posts"}],"about":[{"href":"https:\/\/miradordeatarfe.es\/index.php?rest_route=\/wp\/v2\/types\/post"}],"author":[{"embeddable":true,"href":"https:\/\/miradordeatarfe.es\/index.php?rest_route=\/wp\/v2\/users\/1"}],"replies":[{"embeddable":true,"href":"https:\/\/miradordeatarfe.es\/index.php?rest_route=%2Fwp%2Fv2%2Fcomments&post=63662"}],"version-history":[{"count":1,"href":"https:\/\/miradordeatarfe.es\/index.php?rest_route=\/wp\/v2\/posts\/63662\/revisions"}],"predecessor-version":[{"id":63664,"href":"https:\/\/miradordeatarfe.es\/index.php?rest_route=\/wp\/v2\/posts\/63662\/revisions\/63664"}],"wp:featuredmedia":[{"embeddable":true,"href":"https:\/\/miradordeatarfe.es\/index.php?rest_route=\/wp\/v2\/media\/63663"}],"wp:attachment":[{"href":"https:\/\/miradordeatarfe.es\/index.php?rest_route=%2Fwp%2Fv2%2Fmedia&parent=63662"}],"wp:term":[{"taxonomy":"category","embeddable":true,"href":"https:\/\/miradordeatarfe.es\/index.php?rest_route=%2Fwp%2Fv2%2Fcategories&post=63662"},{"taxonomy":"post_tag","embeddable":true,"href":"https:\/\/miradordeatarfe.es\/index.php?rest_route=%2Fwp%2Fv2%2Ftags&post=63662"}],"curies":[{"name":"wp","href":"https:\/\/api.w.org\/{rel}","templated":true}]}}