{"id":63665,"date":"2023-10-05T10:36:50","date_gmt":"2023-10-05T08:36:50","guid":{"rendered":"https:\/\/miradordeatarfe.es\/?p=63665"},"modified":"2023-10-05T09:42:16","modified_gmt":"2023-10-05T07:42:16","slug":"la-fifa-concede-a-espana-portugal-y-marruecos-el-mundial-2030-pero-el-partido-inaugural-sera-en-montevideo","status":"publish","type":"post","link":"https:\/\/miradordeatarfe.es\/?p=63665","title":{"rendered":"La FIFA concede a Espa\u00f1a, Portugal y Marruecos el Mundial 2030, pero el partido inaugural ser\u00e1 en Montevideo"},"content":{"rendered":"<h3>Con el apoyo en bloque de Europa, Espa\u00f1a y Portugal se encontraron con China, Sudam\u00e9rica, y Arabia Saud\u00ed como posibles rivales.<\/h3>\n<p class=\"\" style=\"text-align: justify;\">La Federaci\u00f3n Internacional de F\u00fatbol (FIFA) ha anunciado este mi\u00e9rcoles que concede a la candidatura de Espa\u00f1a, Portugal y Marruecos el Mundial de 2030, aunque el partido inaugural ser\u00e1 en Montevideo (Uruguay), el primer encuentro de la selecci\u00f3n argentina se jugar\u00e1 en Argentina y el inicial de la paraguaya, en Paraguay. La concesi\u00f3n de estos tres encuentros a la candidatura suramericana es un gui\u00f1o al centenario de la primera Copa del Mundo celebrada en Uruguay en 1930. Ser\u00e1 una Copa del Mundo en seis pa\u00edses, que ya est\u00e1n clasificados para la cita por su condici\u00f3n de anfitriones, y en tres continentes. Espa\u00f1a ya acogi\u00f3 el Mundial de 1982.<\/p>\n<p class=\"\" style=\"text-align: justify;\">\u201cEn un mundo dividido, la FIFA y el f\u00fatbol se est\u00e1n uniendo\u201d, ha afirmado el presidente de la FIFA, Gianni Infantino, en un comunicado. \u201cSe acord\u00f3 por unanimidad celebrar el centenario de la Copa Mundial de la FIFA, cuya primera edici\u00f3n se jug\u00f3 en Uruguay en 1930, de la manera m\u00e1s adecuada. Como resultado, habr\u00e1 una celebraci\u00f3n en Sudam\u00e9rica y tres pa\u00edses sudamericanos (Uruguay, Argentina y Paraguay) organizar\u00e1n cada uno un partido de la Copa Mundial de la FIFA 2030. El primero de estos tres partidos, por supuesto, se jugar\u00e1 en el estadio donde empez\u00f3 todo, en el m\u00edtico Estadio Centenario de Montevideo, precisamente para celebrar la edici\u00f3n centenaria de la Copa Mundial de la FIFA\u201d, ha abundado Infantino.<\/p>\n<p class=\"\" style=\"text-align: justify;\">El acuerdo al que han llegado la candidatura liderada por Espa\u00f1a y la sudamericana ha sido votado y aprobado por el consejo de la FIFA en la tarde de este mi\u00e9rcoles. Este movimiento inesperado, seg\u00fan fuentes conocedoras de las negociaciones, comenz\u00f3 a cobrar forma a ra\u00edz del <a href=\"https:\/\/elpais.com\/noticias\/caso-rubiales\/\" target=\"_blank\" rel=\"noopener\" data-link-track-dtm=\"\" data-mrf-link=\"https:\/\/elpais.com\/noticias\/caso-rubiales\/\"><i>caso Rubiales<\/i><\/a>. La opci\u00f3n espa\u00f1ola, portuguesa y marroqu\u00ed era la gran favorita para organizar el evento al completo, pero la situaci\u00f3n dio un giro con el esc\u00e1ndalo que se desat\u00f3 despu\u00e9s de que el ya expresidente de la federaci\u00f3n diera un beso no consentido a la futbolista Jennifer Hermoso en las celebraciones por el t\u00edtulo logrado por Espa\u00f1a en el Mundial de Australia y Nueva Zelanda.<\/p>\n<p class=\"\" style=\"text-align: justify;\">El propio presidente del Consejo Superior de Deportes, V\u00edctor Francos, admiti\u00f3 hace un mes que la situaci\u00f3n de Espa\u00f1a para organizar el Mundial ya no era la misma. La candidatura ha tenido que ceder esos tres encuentros, aunque ha conseguido que el grueso de la Copa del Mundo se dispute en Espa\u00f1a, Portugal y Marruecos. \u201cEs una gran noticia y un gran orgullo la designaci\u00f3n de Espa\u00f1a, Portugal y Marruecos para organizar el Mundial 2030. Demostraremos la fuerza del f\u00fatbol de nuestro pa\u00eds como campeones y campeonas mundiales y defenderemos los valores de la igualdad, solidaridad y competencia sana que deben acompa\u00f1ar al deporte\u201d, escribi\u00f3 el presidente del Gobierno espa\u00f1ol, Pedro S\u00e1nchez, en su cuenta de X (antes Twitter). Todav\u00eda no est\u00e1 decidido cu\u00e1ntas sedes habr\u00e1 en cada uno de los tres pa\u00edses. Ser\u00e1 la FIFA la que lo decida, pero la cifra a\u00fan est\u00e1 por determinar. Las sedes para el Mundial 2026, que se disputar\u00e1 en Estados Unidos, M\u00e9xico y Canad\u00e1, se conocieron recientemente.<\/p>\n<p class=\"\" style=\"text-align: justify;\">La primera propuesta para optar a organizar un gran campeonato de f\u00fatbol sali\u00f3 de la FIFA y la Real Federaci\u00f3n Espa\u00f1ola (RFEF) en 2018, cuando todav\u00eda estaba presidida por Luis Rubiales. Este<a href=\"https:\/\/elpais.com\/deportes\/2018\/09\/12\/actualidad\/1536747592_324758.html?rel=mas#&amp;rel=listaapoyo\" target=\"_blank\" rel=\"noopener\" data-link-track-dtm=\"\" data-mrf-link=\"https:\/\/elpais.com\/deportes\/2018\/09\/12\/actualidad\/1536747592_324758.html\"> solicit\u00f3 al presidente S\u00e1nchez, su apoyo<\/a> para organizar en 2030 en Espa\u00f1a un Mundial. En un principio, Marruecos entr\u00f3 en la candidatura, pero luego se cay\u00f3 y dio paso a Portugal. La denominada candidatura ib\u00e9rica logr\u00f3 el apoyo un\u00e1nime de la UEFA a cambio de que la Eurocopa de 2028 fuera a parar al Reino Unido.<\/p>\n<p class=\"\" style=\"text-align: justify;\">La Federaci\u00f3n Internacional de F\u00fatbol (FIFA) ha anunciado este mi\u00e9rcoles que concede a la candidatura de Espa\u00f1a, Portugal y Marruecos el Mundial de 2030, aunque el partido inaugural ser\u00e1 en Montevideo (Uruguay), el primer encuentro de la selecci\u00f3n argentina se jugar\u00e1 en Argentina y el inicial de la paraguaya, en Paraguay. La concesi\u00f3n de estos tres encuentros a la candidatura suramericana es un gui\u00f1o al centenario de la primera Copa del Mundo celebrada en Uruguay en 1930. Ser\u00e1 una Copa del Mundo en seis pa\u00edses, que ya est\u00e1n clasificados para la cita por su condici\u00f3n de anfitriones, y en tres continentes. Espa\u00f1a ya acogi\u00f3 el Mundial de 1982.<\/p>\n<p class=\"\" style=\"text-align: justify;\">\u201cEn un mundo dividido, la FIFA y el f\u00fatbol se est\u00e1n uniendo\u201d, ha afirmado el presidente de la FIFA, Gianni Infantino, en un comunicado. \u201cSe acord\u00f3 por unanimidad celebrar el centenario de la Copa Mundial de la FIFA, cuya primera edici\u00f3n se jug\u00f3 en Uruguay en 1930, de la manera m\u00e1s adecuada. Como resultado, habr\u00e1 una celebraci\u00f3n en Sudam\u00e9rica y tres pa\u00edses sudamericanos (Uruguay, Argentina y Paraguay) organizar\u00e1n cada uno un partido de la Copa Mundial de la FIFA 2030. El primero de estos tres partidos, por supuesto, se jugar\u00e1 en el estadio donde empez\u00f3 todo, en el m\u00edtico Estadio Centenario de Montevideo, precisamente para celebrar la edici\u00f3n centenaria de la Copa Mundial de la FIFA\u201d, ha abundado Infantino.<\/p>\n<div id=\"elpais_gpt-INTEXT\" style=\"text-align: justify;\">\u00a0<\/div>\n<p class=\"\" style=\"text-align: justify;\">El acuerdo al que han llegado la candidatura liderada por Espa\u00f1a y la sudamericana ha sido votado y aprobado por el consejo de la FIFA en la tarde de este mi\u00e9rcoles. Este movimiento inesperado, seg\u00fan fuentes conocedoras de las negociaciones, comenz\u00f3 a cobrar forma a ra\u00edz del <a href=\"https:\/\/elpais.com\/noticias\/caso-rubiales\/\" target=\"_blank\" rel=\"noopener\" data-link-track-dtm=\"\" data-mrf-link=\"https:\/\/elpais.com\/noticias\/caso-rubiales\/\"><i>caso Rubiales<\/i><\/a>. La opci\u00f3n espa\u00f1ola, portuguesa y marroqu\u00ed era la gran favorita para organizar el evento al completo, pero la situaci\u00f3n dio un giro con el esc\u00e1ndalo que se desat\u00f3 despu\u00e9s de que el ya expresidente de la federaci\u00f3n diera un beso no consentido a la futbolista Jennifer Hermoso en las celebraciones por el t\u00edtulo logrado por Espa\u00f1a en el Mundial de Australia y Nueva Zelanda.<\/p>\n<p class=\"\" style=\"text-align: justify;\">El propio presidente del Consejo Superior de Deportes, V\u00edctor Francos, admiti\u00f3 hace un mes que la situaci\u00f3n de Espa\u00f1a para organizar el Mundial ya no era la misma. La candidatura ha tenido que ceder esos tres encuentros, aunque ha conseguido que el grueso de la Copa del Mundo se dispute en Espa\u00f1a, Portugal y Marruecos. \u201cEs una gran noticia y un gran orgullo la designaci\u00f3n de Espa\u00f1a, Portugal y Marruecos para organizar el Mundial 2030. Demostraremos la fuerza del f\u00fatbol de nuestro pa\u00eds como campeones y campeonas mundiales y defenderemos los valores de la igualdad, solidaridad y competencia sana que deben acompa\u00f1ar al deporte\u201d, escribi\u00f3 el presidente del Gobierno espa\u00f1ol, Pedro S\u00e1nchez, en su cuenta de X (antes Twitter). Todav\u00eda no est\u00e1 decidido cu\u00e1ntas sedes habr\u00e1 en cada uno de los tres pa\u00edses. Ser\u00e1 la FIFA la que lo decida, pero la cifra a\u00fan est\u00e1 por determinar. Las sedes para el Mundial 2026, que se disputar\u00e1 en Estados Unidos, M\u00e9xico y Canad\u00e1, se conocieron recientemente.<\/p>\n<p class=\"\" style=\"text-align: justify;\">La primera propuesta para optar a organizar un gran campeonato de f\u00fatbol sali\u00f3 de la FIFA y la Real Federaci\u00f3n Espa\u00f1ola (RFEF) en 2018, cuando todav\u00eda estaba presidida por Luis Rubiales. Este<a href=\"https:\/\/elpais.com\/deportes\/2018\/09\/12\/actualidad\/1536747592_324758.html?rel=mas#&amp;rel=listaapoyo\" target=\"_blank\" rel=\"noopener\" data-link-track-dtm=\"\" data-mrf-link=\"https:\/\/elpais.com\/deportes\/2018\/09\/12\/actualidad\/1536747592_324758.html\"> solicit\u00f3 al presidente S\u00e1nchez, su apoyo<\/a> para organizar en 2030 en Espa\u00f1a un Mundial. En un principio, Marruecos entr\u00f3 en la candidatura, pero luego se cay\u00f3 y dio paso a Portugal. La denominada candidatura ib\u00e9rica logr\u00f3 el apoyo un\u00e1nime de la UEFA a cambio de que la Eurocopa de 2028 fuera a parar al Reino Unido. Con el apoyo en bloque de Europa, Espa\u00f1a y Portugal se encontraron con China, Sudam\u00e9rica, y Arabia Saud\u00ed como posibles rivales.<\/p>\n<p class=\"\" style=\"text-align: justify;\">La FIFA no ve\u00eda con buenos ojos que se postulara el gigante asi\u00e1tico, que no lleg\u00f3 a oficializar su candidatura. La gran amenaza para Espa\u00f1a siempre fue Arabia Saud\u00ed, por lo que Rubiales urdi\u00f3 la idea de sumar a Ucrania en octubre de 2022. Apenas cuatro meses despu\u00e9s, ante la amenaza creciente de los saud\u00edes y el hecho de que la inclusi\u00f3n de los ucranios no diera los r\u00e9ditos esperados, se volvi\u00f3 a incluir a Marruecos para dividir el voto africano. Ucrania, en un principio, qued\u00f3 en el aire. Desde la federaci\u00f3n argumentaron que el hecho de que el presidente del f\u00fatbol ucranio, Andriy Pavelko, estuviera siendo investigado por la justicia de su pa\u00eds era un inconveniente. Este peri\u00f3dico hizo una consulta a la FIFA al respecto y el organismo neg\u00f3 que esto influyera en que Ucrania pudiera ser sede. La prueba m\u00e1s evidente es que Espa\u00f1a formar\u00e1 parte de la organizaci\u00f3n del Mundial 2030 pese al <i>caso Rubiales<\/i> (que est\u00e1 hoy suspendido por la FIFA y con un expediente abierto por resolver), aunque s\u00ed es cierto que ha tenido que ceder junto a sus socios portugueses y marroqu\u00edes esos tres partidos en Sudam\u00e9rica. Ucrania, definitivamente, se ha quedado fuera.<\/p>\n<p class=\"\" style=\"text-align: justify;\">El camino de Espa\u00f1a, Portugal y Marruecos se despej\u00f3 tras la decisi\u00f3n de <a href=\"https:\/\/elpais.com\/deportes\/2023-06-22\/arabia-saudi-retira-su-candidatura-para-el-mundial-de-2030.html#?rel=mas\" target=\"_blank\" rel=\"noopener\" data-link-track-dtm=\"\" data-mrf-link=\"https:\/\/elpais.com\/deportes\/2023-06-22\/arabia-saudi-retira-su-candidatura-para-el-mundial-de-2030.html\">Arabia Saud\u00ed de retirar su candidatura.<\/a> La propuesta de los saud\u00edes, que era conjunta con Grecia y Egipto para convertirse en la primera Copa del Mundo que se disputar\u00e1 en tres continentes a la vez (Asia-Europa-\u00c1frica), se vino abajo. Los saud\u00edes estaban dispuestos a sufragar las infraestructuras de griegos y egipcios, pero se vieron sin posibilidades y optaron por intentar organizar la Copa del Mundo de 2034.<\/p>\n<h3 class=\"\" style=\"text-align: justify;\"><b>La alegr\u00eda de Portugal, Marruecos y Sudam\u00e9rica<\/b><\/h3>\n<p class=\"\" style=\"text-align: justify;\">Tras el anuncio de la FIFA, el primer ministro portugu\u00e9s, Ant\u00f3nio Costa, mostr\u00f3 su satisfacci\u00f3n a trav\u00e9s de un tuit: \u201cCon gran alegr\u00eda recibimos la noticia de que el Mundial de F\u00fatbol 2030 ser\u00e1 organizado en conjunto por Portugal, Espa\u00f1a y Marruecos. Felicitamos a la Federaci\u00f3n Portuguesa de F\u00fatbol por el empe\u00f1o y el trabajo desarrollado\u201d,<b> informa Tereixa Constenla<\/b>. Costa festej\u00f3 la asociaci\u00f3n entre los tres pa\u00edses para organizar un Mundial y mostr\u00f3 su convicci\u00f3n de que \u201cser\u00e1 una demostraci\u00f3n m\u00e1s\u201d de la capacidad para la organizaci\u00f3n de grandes eventos. Est\u00e1 ser\u00e1 la primera ocasi\u00f3n en que Portugal albergar\u00e1 un campeonato mundial de f\u00fatbol, aunque ha organizado otros torneos importantes como el Campeonato de Europa de 2004 o las finales de la Liga de Campeones en 2020 y 2021. Unas horas m\u00e1s tarde, el presidente de la Rep\u00fablica portuguesa, Marcelo Rebelo de Sousa, se\u00f1al\u00f3 en una declaraci\u00f3n institucional que el anuncio supera las expectativas iniciales porque \u201cha pasado de una candidatura solo europea a una candidatura europea, africana y sudamericana, ligando pa\u00edses que tienen una historia en com\u00fan\u201d.<\/p>\n<p class=\"\" style=\"text-align: justify;\">El anuncio se recibe, adem\u00e1s, en un momento de orgullo nacional, tras el \u00e9xito de la celebraci\u00f3n en agosto de la Jornada Mundial de la Juventud, que se prolong\u00f3 durante una semana y cont\u00f3 con la presencia de m\u00e1s de un mill\u00f3n y medio de peregrinos en Lisboa.<\/p>\n<p class=\"\" style=\"text-align: justify;\">En Marruecos, el rey Mohamed VI se adelant\u00f3 a dar la buena nueva de la designaci\u00f3n como sede compartida del Mundial 2030. En un comunicado del Palacio Real difundido minutos antes de que las agencias internacionales confirmaran en la tarde de este mi\u00e9rcoles la elecci\u00f3n por la FIFA de la candidatura tripartita, el monarca transmiti\u00f3 la noticia a los marroqu\u00edes, <b>informa Juan Carlos Sanz<\/b>. \u201cEsta decisi\u00f3n reconoce el lugar de Marruecos en el concierto de las grandes naciones\u201d, se ufan\u00f3 el soberano de la dinast\u00eda alau\u00ed, quien el pasado diciembre fue visto en las calles de Rabat tocando la bocina de un coche en la celebraci\u00f3n de una de las victorias en Qatar de Los Leones del Atlas, como se conoce popularmente a la selecci\u00f3n nacional marroqu\u00ed.<\/p>\n<p class=\"\" style=\"text-align: justify;\">El pa\u00eds magreb\u00ed viene a recibir de esta forma un reconocimiento internacional a su creciente progreso deportivo, tras haber alcanzado por primera vez unas semifinales, y de sentar un precedente para el mundo \u00e1rabe y para \u00c1frica, en la pasada edici\u00f3n del Mundial de f\u00fatbol. Marruecos ya hab\u00eda mostrado la semana pasada su satisfacci\u00f3n tras ser designado como sede de la Copa Africana de Naciones en 2025, una competici\u00f3n que acoge por segunda vez tras haberla organizado en 1988. Sin mencionar los encuentros previstos por la FIFA en Uruguay, Argentina y Paraguay durante el Mundial de 2030, el rey de Marruecos ha aprovechado tambi\u00e9n la ocasi\u00f3n para felicitar a Portugal y Espa\u00f1a, y garantizar el compromiso de su pa\u00eds \u201cpara trabajar en perfecta sinergia con todas las instancias a cargo de acontecimiento en cada uno de los pa\u00edses anfitriones\u201d.<\/p>\n<p class=\"\" style=\"text-align: justify;\">El pasado invierno, Marruecos se sirvi\u00f3 de la celebraci\u00f3n del Mundial del Clubes o Mundialito para comenzar a modernizar los estadios de T\u00e1nger y Rabat, que junto con uno de nueva planta en Casablanca ser\u00e1n los escenarios m\u00e1s previsibles para la competici\u00f3n en Marruecos en 2030. Adem\u00e1s, Rabat ha ofrecido formalmente las canchas de f\u00fatbol de Marraquech, Fez y Agadir, a falta de conocer el n\u00famero de sedes con las que finalmente contar\u00e1. Tambi\u00e9n ha dejado entrever su disposici\u00f3n a construir un gran estadio en Dajla (antigua Villa Cisneros), en el S\u00e1hara Occidental para el Mundial, una opci\u00f3n que plantear\u00eda inconvenientes geopol\u00edticos al no formar parte del territorio marroqu\u00ed reconocido mayoritariamente por la comunidad internacional.<\/p>\n<p class=\"\" style=\"text-align: justify;\">Al otro lado del Atl\u00e1ntico, lejos de interpretar la decisi\u00f3n de la FIFA como un consuelo, el titular de la Conmebol, Alejandro Dom\u00ednguez, festej\u00f3 que Uruguay, Argentina y Paraguay tambi\u00e9n formen parte de un Mundial con seis pa\u00edses y tres continentes,<b> informa Andr\u00e9s Burgo<\/b>. \u201cEn Sudam\u00e9rica tendremos tres partidos inaugurales y tres fiestas inaugurales. Va a comenzar en Uruguay. No hay estadio m\u00e1s ic\u00f3nico en el mundo que el Centenario\u201d, dijo Dom\u00ednguez, en relaci\u00f3n al escenario que recibi\u00f3 el primer Mundial, el de 1930. \u201cArgentina tambi\u00e9n recibir\u00e1 un Mundial despu\u00e9s de 1978, y Paraguay ser\u00e1 sede por primera vez en su historia\u201d, agreg\u00f3 el dirigente, que luego confirm\u00f3: \u201cY de ac\u00e1 vamos a Europa, donde se va a jugar (el resto del torneo) y el Mundial\u201d.<\/p>\n<p class=\"\" style=\"text-align: justify;\">Consultado sobre si Sudam\u00e9rica puede recibir m\u00e1s de tres partidos, adem\u00e1s de los inaugurales, respondi\u00f3 que por ahora \u201cesto es lo acordado\u201d, al tiempo que lament\u00f3 que Chile, que tambi\u00e9n se sumaba a la candidatura 2030, se haya quedado fuera del reparto de sedes \u201cpor decisi\u00f3n de la FIFA\u201d, aunque adelant\u00f3: \u201cNo vamos a dejar de trabajar para que tambi\u00e9n est\u00e9\u201d. \u201cTengo ganas de seguir bailando\u201d, dijo Dom\u00ednguez, en relaci\u00f3n a un video que mostr\u00f3 en sus redes sociales esta ma\u00f1ana en el que festejaba con una danza la decisi\u00f3n de la FIFA de permitir el comienzo del Mundial del centenario en el continente en el que se jug\u00f3 por vez<\/p>\n<p class=\"\" style=\"text-align: justify;\">La FIFA no ve\u00eda con buenos ojos que se postulara el gigante asi\u00e1tico, que no lleg\u00f3 a oficializar su candidatura. La gran amenaza para Espa\u00f1a siempre fue Arabia Saud\u00ed, por lo que Rubiales urdi\u00f3 la idea de sumar a Ucrania en octubre de 2022. Apenas cuatro meses despu\u00e9s, ante la amenaza creciente de los saud\u00edes y el hecho de que la inclusi\u00f3n de los ucranios no diera los r\u00e9ditos esperados, se volvi\u00f3 a incluir a Marruecos para dividir el voto africano. Ucrania, en un principio, qued\u00f3 en el aire. Desde la federaci\u00f3n argumentaron que el hecho de que el presidente del f\u00fatbol ucranio, Andriy Pavelko, estuviera siendo investigado por la justicia de su pa\u00eds era un inconveniente. Este peri\u00f3dico hizo una consulta a la FIFA al respecto y el organismo neg\u00f3 que esto influyera en que Ucrania pudiera ser sede. La prueba m\u00e1s evidente es que Espa\u00f1a formar\u00e1 parte de la organizaci\u00f3n del Mundial 2030 pese al <i>caso Rubiales<\/i> (que est\u00e1 hoy suspendido por la FIFA y con un expediente abierto por resolver), aunque s\u00ed es cierto que ha tenido que ceder junto a sus socios portugueses y marroqu\u00edes esos tres partidos en Sudam\u00e9rica. Ucrania, definitivamente, se ha quedado fuera.<\/p>\n<p class=\"\" style=\"text-align: justify;\">El camino de Espa\u00f1a, Portugal y Marruecos se despej\u00f3 tras la decisi\u00f3n de <a href=\"https:\/\/elpais.com\/deportes\/2023-06-22\/arabia-saudi-retira-su-candidatura-para-el-mundial-de-2030.html#?rel=mas\" target=\"_blank\" rel=\"noopener\" data-link-track-dtm=\"\" data-mrf-link=\"https:\/\/elpais.com\/deportes\/2023-06-22\/arabia-saudi-retira-su-candidatura-para-el-mundial-de-2030.html\">Arabia Saud\u00ed de retirar su candidatura.<\/a> La propuesta de los saud\u00edes, que era conjunta con Grecia y Egipto para convertirse en la primera Copa del Mundo que se disputar\u00e1 en tres continentes a la vez (Asia-Europa-\u00c1frica), se vino abajo. Los saud\u00edes estaban dispuestos a sufragar las infraestructuras de griegos y egipcios, pero se vieron sin posibilidades y optaron por intentar organizar la Copa del Mundo de 2034.<\/p>\n<h3 class=\"\" style=\"text-align: justify;\"><b>La alegr\u00eda de Portugal, Marruecos y Sudam\u00e9rica<\/b><\/h3>\n<p class=\"\" style=\"text-align: justify;\">Tras el anuncio de la FIFA, el primer ministro portugu\u00e9s, Ant\u00f3nio Costa, mostr\u00f3 su satisfacci\u00f3n a trav\u00e9s de un tuit: \u201cCon gran alegr\u00eda recibimos la noticia de que el Mundial de F\u00fatbol 2030 ser\u00e1 organizado en conjunto por Portugal, Espa\u00f1a y Marruecos. Felicitamos a la Federaci\u00f3n Portuguesa de F\u00fatbol por el empe\u00f1o y el trabajo desarrollado\u201d,<b> informa Tereixa Constenla<\/b>. Costa festej\u00f3 la asociaci\u00f3n entre los tres pa\u00edses para organizar un Mundial y mostr\u00f3 su convicci\u00f3n de que \u201cser\u00e1 una demostraci\u00f3n m\u00e1s\u201d de la capacidad para la organizaci\u00f3n de grandes eventos. Est\u00e1 ser\u00e1 la primera ocasi\u00f3n en que Portugal albergar\u00e1 un campeonato mundial de f\u00fatbol, aunque ha organizado otros torneos importantes como el Campeonato de Europa de 2004 o las finales de la Liga de Campeones en 2020 y 2021. Unas horas m\u00e1s tarde, el presidente de la Rep\u00fablica portuguesa, Marcelo Rebelo de Sousa, se\u00f1al\u00f3 en una declaraci\u00f3n institucional que el anuncio supera las expectativas iniciales porque \u201cha pasado de una candidatura solo europea a una candidatura europea, africana y sudamericana, ligando pa\u00edses que tienen una historia en com\u00fan\u201d.<\/p>\n<p class=\"\" style=\"text-align: justify;\">El anuncio se recibe, adem\u00e1s, en un momento de orgullo nacional, tras el \u00e9xito de la celebraci\u00f3n en agosto de la Jornada Mundial de la Juventud, que se prolong\u00f3 durante una semana y cont\u00f3 con la presencia de m\u00e1s de un mill\u00f3n y medio de peregrinos en Lisboa.<\/p>\n<p class=\"\" style=\"text-align: justify;\">En Marruecos, el rey Mohamed VI se adelant\u00f3 a dar la buena nueva de la designaci\u00f3n como sede compartida del Mundial 2030. En un comunicado del Palacio Real difundido minutos antes de que las agencias internacionales confirmaran en la tarde de este mi\u00e9rcoles la elecci\u00f3n por la FIFA de la candidatura tripartita, el monarca transmiti\u00f3 la noticia a los marroqu\u00edes, <b>informa Juan Carlos Sanz<\/b>. \u201cEsta decisi\u00f3n reconoce el lugar de Marruecos en el concierto de las grandes naciones\u201d, se ufan\u00f3 el soberano de la dinast\u00eda alau\u00ed, quien el pasado diciembre fue visto en las calles de Rabat tocando la bocina de un coche en la celebraci\u00f3n de una de las victorias en Qatar de Los Leones del Atlas, como se conoce popularmente a la selecci\u00f3n nacional marroqu\u00ed.<\/p>\n<p class=\"\" style=\"text-align: justify;\">El pa\u00eds magreb\u00ed viene a recibir de esta forma un reconocimiento internacional a su creciente progreso deportivo, tras haber alcanzado por primera vez unas semifinales, y de sentar un precedente para el mundo \u00e1rabe y para \u00c1frica, en la pasada edici\u00f3n del Mundial de f\u00fatbol. Marruecos ya hab\u00eda mostrado la semana pasada su satisfacci\u00f3n tras ser designado como sede de la Copa Africana de Naciones en 2025, una competici\u00f3n que acoge por segunda vez tras haberla organizado en 1988. Sin mencionar los encuentros previstos por la FIFA en Uruguay, Argentina y Paraguay durante el Mundial de 2030, el rey de Marruecos ha aprovechado tambi\u00e9n la ocasi\u00f3n para felicitar a Portugal y Espa\u00f1a, y garantizar el compromiso de su pa\u00eds \u201cpara trabajar en perfecta sinergia con todas las instancias a cargo de acontecimiento en cada uno de los pa\u00edses anfitriones\u201d.<\/p>\n<p class=\"\" style=\"text-align: justify;\">El pasado invierno, Marruecos se sirvi\u00f3 de la celebraci\u00f3n del Mundial del Clubes o Mundialito para comenzar a modernizar los estadios de T\u00e1nger y Rabat, que junto con uno de nueva planta en Casablanca ser\u00e1n los escenarios m\u00e1s previsibles para la competici\u00f3n en Marruecos en 2030. Adem\u00e1s, Rabat ha ofrecido formalmente las canchas de f\u00fatbol de Marraquech, Fez y Agadir, a falta de conocer el n\u00famero de sedes con las que finalmente contar\u00e1. Tambi\u00e9n ha dejado entrever su disposici\u00f3n a construir un gran estadio en Dajla (antigua Villa Cisneros), en el S\u00e1hara Occidental para el Mundial, una opci\u00f3n que plantear\u00eda inconvenientes geopol\u00edticos al no formar parte del territorio marroqu\u00ed reconocido mayoritariamente por la comunidad internacional.<\/p>\n<p class=\"\" style=\"text-align: justify;\">Al otro lado del Atl\u00e1ntico, lejos de interpretar la decisi\u00f3n de la FIFA como un consuelo, el titular de la Conmebol, Alejandro Dom\u00ednguez, festej\u00f3 que Uruguay, Argentina y Paraguay tambi\u00e9n formen parte de un Mundial con seis pa\u00edses y tres continentes,<b> informa Andr\u00e9s Burgo<\/b>. \u201cEn Sudam\u00e9rica tendremos tres partidos inaugurales y tres fiestas inaugurales. Va a comenzar en Uruguay. No hay estadio m\u00e1s ic\u00f3nico en el mundo que el Centenario\u201d, dijo Dom\u00ednguez, en relaci\u00f3n al escenario que recibi\u00f3 el primer Mundial, el de 1930. \u201cArgentina tambi\u00e9n recibir\u00e1 un Mundial despu\u00e9s de 1978, y Paraguay ser\u00e1 sede por primera vez en su historia\u201d, agreg\u00f3 el dirigente, que luego confirm\u00f3: \u201cY de ac\u00e1 vamos a Europa, donde se va a jugar (el resto del torneo) y el Mundial\u201d.<\/p>\n<p class=\"\" style=\"text-align: justify;\">Consultado sobre si Sudam\u00e9rica puede recibir m\u00e1s de tres partidos, adem\u00e1s de los inaugurales, respondi\u00f3 que por ahora \u201cesto es lo acordado\u201d, al tiempo que lament\u00f3 que Chile, que tambi\u00e9n se sumaba a la candidatura 2030, se haya quedado fuera del reparto de sedes \u201cpor decisi\u00f3n de la FIFA\u201d, aunque adelant\u00f3: \u201cNo vamos a dejar de trabajar para que tambi\u00e9n est\u00e9\u201d. \u201cTengo ganas de seguir bailando\u201d, dijo Dom\u00ednguez, en relaci\u00f3n a un video que mostr\u00f3 en sus redes sociales esta ma\u00f1ana en el que festejaba con una danza la decisi\u00f3n de la FIFA de permitir el comienzo del Mundial del centenario en el continente en el que se jug\u00f3 por vez primera.<\/p>\n","protected":false},"excerpt":{"rendered":"<p>Con el apoyo en bloque de Europa, Espa\u00f1a y Portugal se encontraron con China, Sudam\u00e9rica,&#8230;<\/p>\n","protected":false},"author":1,"featured_media":63666,"comment_status":"closed","ping_status":"closed","sticky":false,"template":"","format":"standard","meta":{"_coblocks_attr":"","_coblocks_dimensions":"","_coblocks_responsive_height":"","_coblocks_accordion_ie_support":"","jetpack_post_was_ever_published":false,"_jetpack_newsletter_access":"","_jetpack_dont_email_post_to_subs":false,"_jetpack_newsletter_tier_id":0,"_jetpack_memberships_contains_paywalled_content":false,"_jetpack_memberships_contains_paid_content":false,"footnotes":"","jetpack_publicize_message":"","jetpack_publicize_feature_enabled":true,"jetpack_social_post_already_shared":false,"jetpack_social_options":{"image_generator_settings":{"template":"highway","default_image_id":0,"enabled":false},"version":2}},"categories":[1161,44,7671,6937,15],"tags":[65,777,666],"class_list":["post-63665","post","type-post","status-publish","format-standard","has-post-thumbnail","hentry","category-ciudadania","category-noticias-de-hoy","category-politica","category-sociedad","category-ultimas-noticias","tag-economia","tag-fifa","tag-futbol"],"jetpack_publicize_connections":[],"jetpack_featured_media_url":"https:\/\/i0.wp.com\/miradordeatarfe.es\/wp-content\/uploads\/2023\/10\/Screenshot-2023-10-05-at-09-40-44-Cadena-SER-Noticias-y-Radio-Online.png?fit=598%2C295&ssl=1","jetpack_likes_enabled":true,"jetpack_sharing_enabled":true,"_links":{"self":[{"href":"https:\/\/miradordeatarfe.es\/index.php?rest_route=\/wp\/v2\/posts\/63665","targetHints":{"allow":["GET"]}}],"collection":[{"href":"https:\/\/miradordeatarfe.es\/index.php?rest_route=\/wp\/v2\/posts"}],"about":[{"href":"https:\/\/miradordeatarfe.es\/index.php?rest_route=\/wp\/v2\/types\/post"}],"author":[{"embeddable":true,"href":"https:\/\/miradordeatarfe.es\/index.php?rest_route=\/wp\/v2\/users\/1"}],"replies":[{"embeddable":true,"href":"https:\/\/miradordeatarfe.es\/index.php?rest_route=%2Fwp%2Fv2%2Fcomments&post=63665"}],"version-history":[{"count":1,"href":"https:\/\/miradordeatarfe.es\/index.php?rest_route=\/wp\/v2\/posts\/63665\/revisions"}],"predecessor-version":[{"id":63667,"href":"https:\/\/miradordeatarfe.es\/index.php?rest_route=\/wp\/v2\/posts\/63665\/revisions\/63667"}],"wp:featuredmedia":[{"embeddable":true,"href":"https:\/\/miradordeatarfe.es\/index.php?rest_route=\/wp\/v2\/media\/63666"}],"wp:attachment":[{"href":"https:\/\/miradordeatarfe.es\/index.php?rest_route=%2Fwp%2Fv2%2Fmedia&parent=63665"}],"wp:term":[{"taxonomy":"category","embeddable":true,"href":"https:\/\/miradordeatarfe.es\/index.php?rest_route=%2Fwp%2Fv2%2Fcategories&post=63665"},{"taxonomy":"post_tag","embeddable":true,"href":"https:\/\/miradordeatarfe.es\/index.php?rest_route=%2Fwp%2Fv2%2Ftags&post=63665"}],"curies":[{"name":"wp","href":"https:\/\/api.w.org\/{rel}","templated":true}]}}