{"id":63700,"date":"2023-10-09T08:26:06","date_gmt":"2023-10-09T06:26:06","guid":{"rendered":"https:\/\/miradordeatarfe.es\/?p=63700"},"modified":"2023-10-05T19:29:45","modified_gmt":"2023-10-05T17:29:45","slug":"cambio-de-hora-el-horario-de-invierno-llega-para-quedarse","status":"publish","type":"post","link":"https:\/\/miradordeatarfe.es\/?p=63700","title":{"rendered":"Cambio de hora: el horario de invierno llega para quedarse"},"content":{"rendered":"<article class=\"v-a v-a--d v-a--d-bs v-a--p-b\">\n<div class=\"v-a-info-c \">\n<h3 class=\"v-fc__text\" style=\"text-align: justify;\">El \u00faltimo anuncio del BOE sobre este tema ha dejado claras las fechas para los cambios de horario, tanto en invierno como en verano, hasta 2026<\/h3>\n<\/div>\n<\/article>\n<p class=\"v-p\" style=\"text-align: justify;\">Tras el final del verano, como es normal, los d\u00edas se van haciendo m\u00e1s cortos. Esta situaci\u00f3n natural, debida a la rotaci\u00f3n descentrada de la tierra, ha llevado durante a\u00f1os a que los horarios se modifiquen una vez ha entrado el oto\u00f1o. Lo mismo sucede al entrar la primavera y de cara al verano. Los famosos horarios de invierno y verano no hacen otra cosa m\u00e1s que sumar o restar una hora a los d\u00edas seg\u00fan las estaciones del a\u00f1o. La idea de implementar estos horarios surgi\u00f3 desde el siglo XVIII, pero no fue sino hasta la primera Guerra Mundial que Alemania lo llev\u00f3 a la pr\u00e1ctica.<\/p>\n<p class=\"v-p\" style=\"text-align: justify;\">El principal argumento al usar estos horarios es aprovechar al m\u00e1ximo las horas de luz del d\u00eda dependiendo de la temporada del a\u00f1o. Sin embargo, esta medida es cada vez m\u00e1s pol\u00e9mica, hasta el punto de llegarse a plantear eliminarla por completo y volver al horario de Greenwich. Entre los detractores, hay quienes consideran que los cambios de horario interfieren en la salud de las personas ya que alteran sus ritmos circadianos. Adem\u00e1s, que el mencionado ahorro energ\u00e9tico que genera al aprovecharse m\u00e1s la luz del d\u00eda, es en realidad m\u00ednimo.<\/p>\n<p class=\"v-p\" style=\"text-align: justify;\">De acuerdo con el \u00faltimo bolet\u00edn del BOE al respecto, el pr\u00f3ximo horario de invierno empezar\u00e1 el \u00faltimo domingo de octubre.<strong> Es decir, el d\u00eda 29, a las 03:00 horas, cuando los relojes se retrasar\u00e1n una hora. El documento oficial, anticipa desde ya, los cambios para los pr\u00f3ximos a\u00f1os hasta el 2026<\/strong>. En todos los casos, el horario de invierno iniciar\u00e1 el \u00faltimo domingo de octubre. Para el caso de <strong>la primavera, ocurrir\u00e1 lo mismo, y se han definido los \u00faltimos domingos de marzo como fecha de inicio del horario de verano.<\/strong><\/p>\n<div class=\"v-c-cmp v-c-cmp--t1 v-c-cmp--ab-xs\" style=\"text-align: justify;\">\n<div class=\"v-cmp-smy\">\n<article class=\"v-a v-a--cmp-smy \">\n<div class=\"v-a-info-c\">\n<h3 class=\"v-a-t\">El debate se ha enfriado en los \u00faltimos a\u00f1os, y todo hace indicar que el horario de invierno vuelve para quedarse<\/h3>\n<\/div>\n<\/article>\n<\/div>\n<\/div>\n<p class=\"v-p\" style=\"text-align: justify;\">La medida ha generado suspicacia al comunicarse los cambios de horario hasta puntualmente el 2026. Las \u00faltimas recomendaciones de la Comisi\u00f3n Europea en 2018 pusieron en cuesti\u00f3n la operatividad de este horario. Sbre todo, porque la mayor\u00eda de los europeos est\u00e1 de acuerdo en dejar de operar bajo este sistema horario. Quienes est\u00e1n a favor de ello en Espa\u00f1a son alrededor del 64% de los ciudadanos. Tras el debate suscitado, el mism\u00edsimo Pedro S\u00e1nchez consider\u00f3 barajar la idea de no realizar m\u00e1s los cambios y volver al horario del meridiano de Greenwich que fue cambiado en 1940 durante la dictadura de Franco.<\/p>\n<p class=\"v-p\" style=\"text-align: justify;\">No obstante, el debate se ha enfriado en los \u00faltimos a\u00f1os, y todo hace indicar que el horario de invierno vuelve para quedarse. Volver\u00e1 a anochecer temprano en invierno, al menos, hasta marzo de 2026.<\/p>\n<p style=\"text-align: justify;\">FOTO:<span class=\"v-fc__text\">El cambio al horario de invierno llega para quedarse.<\/span> <span class=\"v-fc__ath\">Ideal<\/span><\/p>\n<div class=\"v-a-info-c \">\n<p class=\"v-a-t\">https:\/\/www.ideal.es\/sociedad\/cambio-hora-horario-invierno-llega-quedarse-20231004113107-nt.html#vtm_modulosEngag=lomas:sociedad:noticia:5<\/p>\n<h2 class=\"v-a-sub-t\">\u00a0<\/h2>\n<\/div>\n","protected":false},"excerpt":{"rendered":"<p>El \u00faltimo anuncio del BOE sobre este tema ha dejado claras las fechas para los&#8230;<\/p>\n","protected":false},"author":1,"featured_media":63701,"comment_status":"closed","ping_status":"closed","sticky":false,"template":"","format":"standard","meta":{"_coblocks_attr":"","_coblocks_dimensions":"","_coblocks_responsive_height":"","_coblocks_accordion_ie_support":"","jetpack_post_was_ever_published":false,"_jetpack_newsletter_access":"","_jetpack_dont_email_post_to_subs":false,"_jetpack_newsletter_tier_id":0,"_jetpack_memberships_contains_paywalled_content":false,"_jetpack_memberships_contains_paid_content":false,"footnotes":"","jetpack_publicize_message":"","jetpack_publicize_feature_enabled":true,"jetpack_social_post_already_shared":false,"jetpack_social_options":{"image_generator_settings":{"template":"highway","default_image_id":0,"enabled":false},"version":2}},"categories":[2,1161,44,7671,6937,15],"tags":[6825,10700],"class_list":["post-63700","post","type-post","status-publish","format-standard","has-post-thumbnail","hentry","category-atarfe","category-ciudadania","category-noticias-de-hoy","category-politica","category-sociedad","category-ultimas-noticias","tag-6825","tag-horario-de-invierno"],"jetpack_publicize_connections":[],"jetpack_featured_media_url":"https:\/\/i0.wp.com\/miradordeatarfe.es\/wp-content\/uploads\/2023\/10\/cambio-de-hora-aviso-kJo-U210330773845TpG-758x531%40Ideal.jpg?fit=758%2C529&ssl=1","jetpack_likes_enabled":true,"jetpack_sharing_enabled":true,"_links":{"self":[{"href":"https:\/\/miradordeatarfe.es\/index.php?rest_route=\/wp\/v2\/posts\/63700","targetHints":{"allow":["GET"]}}],"collection":[{"href":"https:\/\/miradordeatarfe.es\/index.php?rest_route=\/wp\/v2\/posts"}],"about":[{"href":"https:\/\/miradordeatarfe.es\/index.php?rest_route=\/wp\/v2\/types\/post"}],"author":[{"embeddable":true,"href":"https:\/\/miradordeatarfe.es\/index.php?rest_route=\/wp\/v2\/users\/1"}],"replies":[{"embeddable":true,"href":"https:\/\/miradordeatarfe.es\/index.php?rest_route=%2Fwp%2Fv2%2Fcomments&post=63700"}],"version-history":[{"count":1,"href":"https:\/\/miradordeatarfe.es\/index.php?rest_route=\/wp\/v2\/posts\/63700\/revisions"}],"predecessor-version":[{"id":63702,"href":"https:\/\/miradordeatarfe.es\/index.php?rest_route=\/wp\/v2\/posts\/63700\/revisions\/63702"}],"wp:featuredmedia":[{"embeddable":true,"href":"https:\/\/miradordeatarfe.es\/index.php?rest_route=\/wp\/v2\/media\/63701"}],"wp:attachment":[{"href":"https:\/\/miradordeatarfe.es\/index.php?rest_route=%2Fwp%2Fv2%2Fmedia&parent=63700"}],"wp:term":[{"taxonomy":"category","embeddable":true,"href":"https:\/\/miradordeatarfe.es\/index.php?rest_route=%2Fwp%2Fv2%2Fcategories&post=63700"},{"taxonomy":"post_tag","embeddable":true,"href":"https:\/\/miradordeatarfe.es\/index.php?rest_route=%2Fwp%2Fv2%2Ftags&post=63700"}],"curies":[{"name":"wp","href":"https:\/\/api.w.org\/{rel}","templated":true}]}}