{"id":63703,"date":"2023-10-08T11:29:58","date_gmt":"2023-10-08T09:29:58","guid":{"rendered":"https:\/\/miradordeatarfe.es\/?p=63703"},"modified":"2023-10-19T20:15:49","modified_gmt":"2023-10-19T18:15:49","slug":"secaderos-en-atarfe-por-jose-enrique-granados","status":"publish","type":"post","link":"https:\/\/miradordeatarfe.es\/?p=63703","title":{"rendered":"\u00abSECADEROS EN ATARFE\u00bb por Jos\u00e9 Enrique Granados"},"content":{"rendered":"<div class=\"\" dir=\"auto\">\n<div id=\":rii:\" class=\"x1iorvi4 x1pi30zi x1l90r2v x1swvt13\" data-ad-comet-preview=\"message\" data-ad-preview=\"message\">\n<div class=\"x78zum5 xdt5ytf xz62fqu x16ldp7u\">\n<div class=\"xu06os2 x1ok221b\">\n<div class=\"xdj266r x11i5rnm xat24cr x1mh8g0r x1vvkbs x126k92a\">\n<h3 dir=\"auto\" style=\"text-align: left;\">Milagr<strong>os Soler Cervantes n<\/strong>os aproxima a los secaderos de tabaco a trav\u00e9s de su p\u00e1gina (SECADEROS DE TABACO EN LA VEGA DE GRANADA <span style=\"color: #ff0000;\">(<a class=\"x1i10hfl xjbqb8w x6umtig x1b1mbwd xaqea5y xav7gou x9f619 x1ypdohk xt0psk2 xe8uvvx xdj266r x11i5rnm xat24cr x1mh8g0r xexx8yu x4uap5 x18d9i69 xkhd6sd x16tdsg8 x1hl2dhg xggy1nq x1a2a7pz xt0b8zv x1fey0fg\" style=\"color: #ff0000;\" tabindex=\"0\" role=\"link\" href=\"https:\/\/l.facebook.com\/l.php?u=http%3A%2F%2Fculturandalucia.com%2F%3Ffbclid%3DIwAR1kEBXKvcY35GXebwe9JNLrRURuV8kgVvrAAOQcYYdZBBOq15NWM8i_6jA&amp;h=AT0VjuxIq1aGVFgOOEy4f60EZjyknU79kQGBNSV8Oknolucchpu8zKHnRx-Ss01XzmG7mILPowj0Dw4iq2yU2YLVDvcfv8i7gIUCbhqgnk2eUvajFgInVXrC2o9rdmg0pw&amp;__tn__=-UK-R&amp;c[0]=AT1h9NyscfdlAvtvc1e6LtiQZCYVncst48AqRIJDkz-sW0YkgNezIh_rI_0qgt8afi_IaSICtMlDF-TSqJr069tp_58glW5ppT6XJ1vaXB40v8QI-wXhMjulxwqb5KbSZxe4NlZRFDfMZ3N9NXw4rYNhb-E8SXYtbeoy8Ostyve1BzHQtJ-bjLj2H22j6rT5FaWyRYuVN82H\" target=\"_blank\" rel=\"nofollow noopener noreferrer\">culturandalucia.com)<\/a><\/span><\/h3>\n<h3 dir=\"auto\" style=\"text-align: justify;\">\u00a0En esta p\u00e1gina podemos leer:<\/h3>\n<\/div>\n<div class=\"x11i5rnm xat24cr x1mh8g0r x1vvkbs xtlvy1s x126k92a\" style=\"text-align: justify;\">\n<div dir=\"auto\"><em>\u00abEn la Vega de Granada el curado y secado se hacen en distintas dependencias, que se recogen bajo distintas tipolog\u00edas. Autores como Luis Manuel Puente Mart\u00ednez y \u00c1ngel Patricio Garc\u00eda Serrano de la EUAT de la Universidad de Granada han intentado una aproximaci\u00f3n al tema en su art\u00edculo \u00abLos secaderos de tabaco en la provincia de Granada\u00bb.<\/em><\/div>\n<\/div>\n<div class=\"x11i5rnm xat24cr x1mh8g0r x1vvkbs xtlvy1s x126k92a\" style=\"text-align: justify;\">\n<div dir=\"auto\"><em>Seg\u00fan estos autores, los primeros secaderos que se construyen en la Vega son los llamados \u00absecaderos de paja\u00bb o \u00abgaribolos\u00bb. No eran de grandes dimensiones, pod\u00edan tener dos pisos de altura y apenas quedan dos ejemplos de ellos, muy deteriorados en el t\u00e9rmino municipal de Chauchina. Se constru\u00edan con rollizos de chopo, paja, tomizas o cuerdas de esparto y piedras para consolidar la cimentaci\u00f3n. As\u00ed es como los describen:<\/em><\/div>\n<div dir=\"auto\">\u00a0<\/div>\n<\/div>\n<div class=\"x11i5rnm xat24cr x1mh8g0r x1vvkbs xtlvy1s x126k92a\" style=\"text-align: justify;\">\n<div dir=\"auto\"><em>\u00abLos rollizos se dispon\u00edan formando una cruz de San Andr\u00e9s atravesando el ancho del secadero, ayud\u00e1ndose de un puntal en el centro del vano. Para la estructura de la cubierta se colocaba un entramado de pares y parecillos con una separaci\u00f3n entre s\u00ed de 20 a 30 cm., con el fin de que sirvieran de sustento al rastrojo\u00bb.<\/em><\/div>\n<\/div>\n<div class=\"x11i5rnm xat24cr x1mh8g0r x1vvkbs xtlvy1s x126k92a\" style=\"text-align: justify;\">\n<div dir=\"auto\"><em>Otro tipo de secaderos ser\u00edan los denominados:<\/em><\/div>\n<div dir=\"auto\">\u00a0<\/div>\n<div dir=\"auto\"><em>&#8211; Secaderos de palos<\/em><\/div>\n<\/div>\n<div class=\"x11i5rnm xat24cr x1mh8g0r x1vvkbs xtlvy1s x126k92a\" style=\"text-align: justify;\">\n<div dir=\"auto\"><em>&#8211; Secaderos de ladrillos<\/em><\/div>\n<div dir=\"auto\"><em>&#8211; Secadero de tabaco amarillo. T\u00edpico de Valderrubio.<\/em><\/div>\n<div dir=\"auto\"><em>&#8211; Secadero de Mirador<\/em><\/div>\n<div dir=\"auto\"><em>&#8211; Secadero de hormig\u00f3n armado.<\/em><\/div>\n<div dir=\"auto\"><em>&#8211; Secadero de estructuras met\u00e1licas.<\/em><\/div>\n<\/div>\n<div class=\"x11i5rnm xat24cr x1mh8g0r x1vvkbs xtlvy1s x126k92a\" style=\"text-align: justify;\">\n<div dir=\"auto\">\u00a0<\/div>\n<div dir=\"auto\"><em>Por nuestra parte hemos considerado oportuno establecer una tipolog\u00eda de los aspectos formales de los secaderos encontrados en la vega atendiendo a otras variables que reflejan, adem\u00e1s del material de su construcci\u00f3n, su ubicaci\u00f3n espacial en el entorno y las distribuciones interiores de sus estancias. Establecemos tres grandes grupos:<\/em><\/div>\n<\/div>\n<div class=\"x11i5rnm xat24cr x1mh8g0r x1vvkbs xtlvy1s x126k92a\" style=\"text-align: justify;\">\n<div dir=\"auto\">\u00a0<\/div>\n<div dir=\"auto\"><em>\u00b7 Por sus materiales de construcci\u00f3n:<\/em><\/div>\n<div dir=\"auto\"><em>&#8211; Estructuras vegetales<\/em><\/div>\n<div dir=\"auto\"><em>&#8211; Estructuras mixtas<\/em><\/div>\n<div dir=\"auto\"><em>&#8211; Estructuras artificiales<\/em><\/div>\n<div dir=\"auto\"><em>\u00b7 Por la distribuci\u00f3n interior de su planta:<\/em><\/div>\n<\/div>\n<div class=\"x11i5rnm xat24cr x1mh8g0r x1vvkbs xtlvy1s x126k92a\" style=\"text-align: justify;\">\n<div dir=\"auto\"><em>&#8211; Simples<\/em><\/div>\n<div dir=\"auto\"><em>&#8211; Complejos<\/em><\/div>\n<\/div>\n<div class=\"x11i5rnm xat24cr x1mh8g0r x1vvkbs xtlvy1s x126k92a\" style=\"text-align: justify;\">\n<div dir=\"auto\"><em>\u00b7 Por su ubicaci\u00f3n espacial con respecto a otras estructuras:<\/em><\/div>\n<\/div>\n<div class=\"x11i5rnm xat24cr x1mh8g0r x1vvkbs xtlvy1s x126k92a\" style=\"text-align: justify;\">\n<div dir=\"auto\"><em>&#8211; Aislado \u00fanico<\/em><\/div>\n<div dir=\"auto\"><em>&#8211; Aislado m\u00faltiple<\/em><\/div>\n<div dir=\"auto\"><em>&#8211; Adosado \u00fanico<\/em><\/div>\n<div dir=\"auto\"><em>&#8211; Adosado m\u00faltiple<\/em><\/div>\n<\/div>\n<div class=\"x11i5rnm xat24cr x1mh8g0r x1vvkbs xtlvy1s x126k92a\" style=\"text-align: justify;\">\n<div dir=\"auto\">\u00a0<\/div>\n<div dir=\"auto\"><em>Hablaremos de secaderos de estructura vegetal cuando est\u00e9n construidos totalmente por paja, troncos, ca\u00f1as o cualquier tipo de material de origen bot\u00e1nico. Fueron los primeros en levantarse en la vega por los propios agricultores. Eran de peque\u00f1as dimensiones y planta poligonal. La cubierta se hac\u00eda de troncos o ca\u00f1as, bien trabados para obtener la m\u00e1xima impermeabilidad. Los soportes verticales eran hincados en el suelo directamente, sol\u00edan tener un piso de altura y en la zona pr\u00f3xima al suelo se reforzaba el per\u00edmetro con un z\u00f3calo, tambi\u00e9n de entramado vegetal. Los secaderos de estructuras mixtas combinan materiales de origen vegetal con otros como piedras, uralitas, l\u00e1minas de metal o ladrillos. Los secaderos de estructuras artificiales son aquellos que se han edificado con los modernos materiales de construcci\u00f3n (metal, cristal, ladrillo, etc.).<\/em><\/div>\n<\/div>\n<div class=\"x11i5rnm xat24cr x1mh8g0r x1vvkbs xtlvy1s x126k92a\" style=\"text-align: justify;\">\n<div dir=\"auto\"><em>Si nos referimos a secaderos simples estaremos describiendo a aquellos que su interior se ordena en una sola nave. Por el contrario, si se trata de un secadero complejo entenderemos que su planta interior se distribuye en distintas c\u00e1maras.<\/em><\/div>\n<div dir=\"auto\">\u00a0<\/div>\n<\/div>\n<div class=\"x11i5rnm xat24cr x1mh8g0r x1vvkbs xtlvy1s x126k92a\" style=\"text-align: justify;\">\n<div dir=\"auto\"><em>En lo concerniente a su ubicaci\u00f3n espacial, ser\u00e1 un secadero aislado \u00fanico cuando est\u00e9 edificado como estructura independiente y contando con planta de una sola nave. Cuando est\u00e9 aislado, pero su planta contiene varias estancias dedicadas tambi\u00e9n al laboreo del tabaco lo llamaremos secadero aislado m\u00faltiple. Si el secadero se levanta lindando con otros edificios conteniendo una sola nave entrar\u00eda en la clasificaci\u00f3n de secadero adosado \u00fanico. Finalmente, si se construye lindando con otros edificios, pero su planta contiene varias naves, lo denominar\u00edamos secadero adosado m\u00faltiple.\u00bb<\/em><\/div>\n<div dir=\"auto\">\u00a0<\/div>\n<\/div>\n<div class=\"x11i5rnm xat24cr x1mh8g0r x1vvkbs xtlvy1s x126k92a\" style=\"text-align: justify;\">\n<div dir=\"auto\">Al leer el texto he hecho un recorrido mental por nuestro casco urbano y he ido recordando antiguos secaderos, ocupados actualmente por viviendas. \u00bfCu\u00e1ntos secaderos quedan en pie? \u00bfCu\u00e1les record\u00e1is?<\/div>\n<div dir=\"auto\">\u00a0<\/div>\n<\/div>\n<div class=\"x11i5rnm xat24cr x1mh8g0r x1vvkbs xtlvy1s x126k92a\" style=\"text-align: justify;\">\n<div dir=\"auto\">Sirva esta gacetilla para invitaros a visionar la pel\u00edcula <strong>\u201cSECADEROS\u201d de la gabirra Roc\u00edo Mesa<\/strong>. Merece la pena.<\/div>\n<div dir=\"auto\">\u00a0<\/div>\n<\/div>\n<div class=\"x11i5rnm xat24cr x1mh8g0r x1vvkbs xtlvy1s x126k92a\">\n<div dir=\"auto\" style=\"text-align: justify;\"><a href=\"https:\/\/www.facebook.com\/profile.php?id=100063704734064\">Gacetilla y curiosidades elvirenses.<\/a><\/div>\n<\/div>\n<\/div>\n<\/div>\n<\/div>\n<\/div>\n","protected":false},"excerpt":{"rendered":"<p>Milagros Soler Cervantes nos aproxima a los secaderos de tabaco a trav\u00e9s de su p\u00e1gina&#8230;<\/p>\n","protected":false},"author":1,"featured_media":63704,"comment_status":"closed","ping_status":"closed","sticky":false,"template":"","format":"standard","meta":{"_coblocks_attr":"","_coblocks_dimensions":"","_coblocks_responsive_height":"","_coblocks_accordion_ie_support":"","jetpack_post_was_ever_published":false,"_jetpack_newsletter_access":"","_jetpack_dont_email_post_to_subs":false,"_jetpack_newsletter_tier_id":0,"_jetpack_memberships_contains_paywalled_content":false,"_jetpack_memberships_contains_paid_content":false,"footnotes":"","jetpack_publicize_message":"","jetpack_publicize_feature_enabled":true,"jetpack_social_post_already_shared":false,"jetpack_social_options":{"image_generator_settings":{"template":"highway","default_image_id":0,"enabled":false},"version":2}},"categories":[1225,38],"tags":[81,8091,597],"class_list":["post-63703","post","type-post","status-publish","format-standard","has-post-thumbnail","hentry","category-ha-de-atarfe","category-opinion-de-jose-enrique-granados","tag-atarfe","tag-secaderos","tag-vega-de-granada"],"jetpack_publicize_connections":[],"jetpack_featured_media_url":"https:\/\/i0.wp.com\/miradordeatarfe.es\/wp-content\/uploads\/2023\/10\/367421778_753142003485951_8103673649759119291_n.jpg?fit=813%2C540&ssl=1","jetpack_likes_enabled":true,"jetpack_sharing_enabled":true,"_links":{"self":[{"href":"https:\/\/miradordeatarfe.es\/index.php?rest_route=\/wp\/v2\/posts\/63703","targetHints":{"allow":["GET"]}}],"collection":[{"href":"https:\/\/miradordeatarfe.es\/index.php?rest_route=\/wp\/v2\/posts"}],"about":[{"href":"https:\/\/miradordeatarfe.es\/index.php?rest_route=\/wp\/v2\/types\/post"}],"author":[{"embeddable":true,"href":"https:\/\/miradordeatarfe.es\/index.php?rest_route=\/wp\/v2\/users\/1"}],"replies":[{"embeddable":true,"href":"https:\/\/miradordeatarfe.es\/index.php?rest_route=%2Fwp%2Fv2%2Fcomments&post=63703"}],"version-history":[{"count":4,"href":"https:\/\/miradordeatarfe.es\/index.php?rest_route=\/wp\/v2\/posts\/63703\/revisions"}],"predecessor-version":[{"id":63707,"href":"https:\/\/miradordeatarfe.es\/index.php?rest_route=\/wp\/v2\/posts\/63703\/revisions\/63707"}],"wp:featuredmedia":[{"embeddable":true,"href":"https:\/\/miradordeatarfe.es\/index.php?rest_route=\/wp\/v2\/media\/63704"}],"wp:attachment":[{"href":"https:\/\/miradordeatarfe.es\/index.php?rest_route=%2Fwp%2Fv2%2Fmedia&parent=63703"}],"wp:term":[{"taxonomy":"category","embeddable":true,"href":"https:\/\/miradordeatarfe.es\/index.php?rest_route=%2Fwp%2Fv2%2Fcategories&post=63703"},{"taxonomy":"post_tag","embeddable":true,"href":"https:\/\/miradordeatarfe.es\/index.php?rest_route=%2Fwp%2Fv2%2Ftags&post=63703"}],"curies":[{"name":"wp","href":"https:\/\/api.w.org\/{rel}","templated":true}]}}