{"id":63716,"date":"2023-10-10T11:29:18","date_gmt":"2023-10-10T09:29:18","guid":{"rendered":"https:\/\/miradordeatarfe.es\/?p=63716"},"modified":"2023-10-09T12:37:06","modified_gmt":"2023-10-09T10:37:06","slug":"esas-pequenas-cosas-por-carmen-morente","status":"publish","type":"post","link":"https:\/\/miradordeatarfe.es\/?p=63716","title":{"rendered":"\u00abESAS PEQUE\u00d1AS COSAS\u2026\u00bb por Carmen Morente"},"content":{"rendered":"<h3 style=\"text-align: justify;\">Aprovecho \u00e9sta, mi segunda colaboraci\u00f3n con <em>El Mirador de Atarfe<\/em>, para felicitar a la nueva corporaci\u00f3n municipal, y a su alcaldesa, se\u00f1ora do\u00f1a Yolanda Fern\u00e1ndez, con la esperanza de que todas las concejalas elegidas y todos los concejales elegidos trabajen por el progreso de nuestro pueblo y por el bien com\u00fan.<\/h3>\n<p style=\"text-align: justify;\"><strong>La primera imagen<\/strong><\/p>\n<p style=\"text-align: justify;\">Seguro que estaremos de acuerdo en que la primera imagen que impacta nuestra vista, ya sea de una persona, una circunstancia o un libro, condiciona, aunque sea de un modo subjetivo, nuestro posterior juicio. Planteo esta reflexi\u00f3n porque la imagen primera que cualquier persona puede hacerse del pueblo de Atarfe, aproxim\u00e1ndonos por la A-92, en la salida Atarfe-Las Canteras, no puede ser m\u00e1s desoladora. Personas desaprensivas han convertido el camino r\u00fastico situado a la derecha en un estercolero de basuras org\u00e1nicas, desechos de materiales de construcci\u00f3n, electrodom\u00e9sticos, etc., que invaden, incluso, las primeras l\u00edneas del olivar adyacente. Los Tres Juanes al frente con la figura discreta pero desafiante de la Ermita, que podr\u00eda ser una primera imagen positiva, amable, o evocadora del pueblo que les da cobijo, pasan a un segundo t\u00e9rmino frente al desasosiego y el rechazo que provoca tropezarse con la escombrera.<\/p>\n<p style=\"text-align: justify;\">Es posible que no sea responsabilidad del Ayuntamiento limpiar y adecentar este lugar para mejorar la primera imagen de nuestro pueblo y, de camino, mejorar la autoestima de su poblaci\u00f3n, ya lastimada por otros problemas de superior calado; pero tambi\u00e9n es posible, me aventuro a escribir, que el Ayuntamiento de Atarfe, al ser la expresi\u00f3n de la soberan\u00eda popular de la ciudadan\u00eda que lo sustenta, tiene la legitimidad y la responsabilidad moral suficiente para establecer un di\u00e1logo fruct\u00edfero con otras instituciones o particulares para solucionar el problema.<\/p>\n<p style=\"text-align: justify;\">Una vez que entramos en Atarfe, por la salida Atarfe-Las Canteras, la situaci\u00f3n no mejora, la segunda imagen del municipio puede describirnos como gentes primitivas que no respetan ni a los aleda\u00f1os del cementerio municipal, donde reposan los restos de muchas generaciones que, en otros tiempos, hicieron de nuestro pueblo, a pesar de fuertes carencias y privaciones esenciales, como la propia libertad, un lugar emblem\u00e1tico por su af\u00e1n de superaci\u00f3n y nobleza. Y esta segunda mala imagen, se\u00f1oras concejalas y se\u00f1ores concejales, s\u00ed que es responsabilidad directa de ustedes.<\/p>\n<p style=\"text-align: justify;\">Esas peque\u00f1as cosas<\/p>\n<p><a href=\"https:\/\/i0.wp.com\/miradordeatarfe.es\/wp-content\/uploads\/2023\/10\/IMG20231008194929-scaled.jpg?ssl=1\"><img data-recalc-dims=\"1\" loading=\"lazy\" decoding=\"async\" class=\"alignnone size-medium wp-image-63795\" src=\"https:\/\/i0.wp.com\/miradordeatarfe.es\/wp-content\/uploads\/2023\/10\/IMG20231008194929.jpg?resize=300%2C226&#038;ssl=1\" alt=\"\" width=\"300\" height=\"226\" srcset=\"https:\/\/i0.wp.com\/miradordeatarfe.es\/wp-content\/uploads\/2023\/10\/IMG20231008194929-scaled.jpg?resize=300%2C226&amp;ssl=1 300w, https:\/\/i0.wp.com\/miradordeatarfe.es\/wp-content\/uploads\/2023\/10\/IMG20231008194929-scaled.jpg?resize=1024%2C771&amp;ssl=1 1024w, https:\/\/i0.wp.com\/miradordeatarfe.es\/wp-content\/uploads\/2023\/10\/IMG20231008194929-scaled.jpg?resize=768%2C578&amp;ssl=1 768w, https:\/\/i0.wp.com\/miradordeatarfe.es\/wp-content\/uploads\/2023\/10\/IMG20231008194929-scaled.jpg?resize=1536%2C1157&amp;ssl=1 1536w, https:\/\/i0.wp.com\/miradordeatarfe.es\/wp-content\/uploads\/2023\/10\/IMG20231008194929-scaled.jpg?resize=2048%2C1542&amp;ssl=1 2048w, https:\/\/i0.wp.com\/miradordeatarfe.es\/wp-content\/uploads\/2023\/10\/IMG20231008194929-scaled.jpg?resize=1320%2C994&amp;ssl=1 1320w, https:\/\/i0.wp.com\/miradordeatarfe.es\/wp-content\/uploads\/2023\/10\/IMG20231008194929-scaled.jpg?w=1920&amp;ssl=1 1920w\" sizes=\"auto, (max-width: 300px) 100vw, 300px\" \/><\/a><\/p>\n<ol>\n<li>CARMEN Morente \u00a0<\/li>\n<\/ol>\n","protected":false},"excerpt":{"rendered":"<p>Aprovecho \u00e9sta, mi segunda colaboraci\u00f3n con El Mirador de Atarfe, para felicitar a la nueva&#8230;<\/p>\n","protected":false},"author":1,"featured_media":63793,"comment_status":"closed","ping_status":"closed","sticky":false,"template":"","format":"standard","meta":{"_coblocks_attr":"","_coblocks_dimensions":"","_coblocks_responsive_height":"","_coblocks_accordion_ie_support":"","jetpack_post_was_ever_published":false,"_jetpack_newsletter_access":"","_jetpack_dont_email_post_to_subs":false,"_jetpack_newsletter_tier_id":0,"_jetpack_memberships_contains_paywalled_content":false,"_jetpack_memberships_contains_paid_content":false,"footnotes":"","jetpack_publicize_message":"","jetpack_publicize_feature_enabled":true,"jetpack_social_post_already_shared":false,"jetpack_social_options":{"image_generator_settings":{"template":"highway","default_image_id":0,"enabled":false},"version":2}},"categories":[2,6916,10707,44,7671,15,10],"tags":[81,8662],"class_list":["post-63716","post","type-post","status-publish","format-standard","has-post-thumbnail","hentry","category-atarfe","category-ayuntamiento-de-atarfe","category-la-opinion-de-carmen-morente","category-noticias-de-hoy","category-politica","category-ultimas-noticias","category-salud","tag-atarfe","tag-carmen-morente"],"jetpack_publicize_connections":[],"jetpack_featured_media_url":"https:\/\/i0.wp.com\/miradordeatarfe.es\/wp-content\/uploads\/2023\/10\/IMG20231008194924-scaled.jpg?fit=2560%2C1928&ssl=1","jetpack_likes_enabled":true,"jetpack_sharing_enabled":true,"_links":{"self":[{"href":"https:\/\/miradordeatarfe.es\/index.php?rest_route=\/wp\/v2\/posts\/63716","targetHints":{"allow":["GET"]}}],"collection":[{"href":"https:\/\/miradordeatarfe.es\/index.php?rest_route=\/wp\/v2\/posts"}],"about":[{"href":"https:\/\/miradordeatarfe.es\/index.php?rest_route=\/wp\/v2\/types\/post"}],"author":[{"embeddable":true,"href":"https:\/\/miradordeatarfe.es\/index.php?rest_route=\/wp\/v2\/users\/1"}],"replies":[{"embeddable":true,"href":"https:\/\/miradordeatarfe.es\/index.php?rest_route=%2Fwp%2Fv2%2Fcomments&post=63716"}],"version-history":[{"count":4,"href":"https:\/\/miradordeatarfe.es\/index.php?rest_route=\/wp\/v2\/posts\/63716\/revisions"}],"predecessor-version":[{"id":63794,"href":"https:\/\/miradordeatarfe.es\/index.php?rest_route=\/wp\/v2\/posts\/63716\/revisions\/63794"}],"wp:featuredmedia":[{"embeddable":true,"href":"https:\/\/miradordeatarfe.es\/index.php?rest_route=\/wp\/v2\/media\/63793"}],"wp:attachment":[{"href":"https:\/\/miradordeatarfe.es\/index.php?rest_route=%2Fwp%2Fv2%2Fmedia&parent=63716"}],"wp:term":[{"taxonomy":"category","embeddable":true,"href":"https:\/\/miradordeatarfe.es\/index.php?rest_route=%2Fwp%2Fv2%2Fcategories&post=63716"},{"taxonomy":"post_tag","embeddable":true,"href":"https:\/\/miradordeatarfe.es\/index.php?rest_route=%2Fwp%2Fv2%2Ftags&post=63716"}],"curies":[{"name":"wp","href":"https:\/\/api.w.org\/{rel}","templated":true}]}}