{"id":63717,"date":"2023-10-09T09:00:11","date_gmt":"2023-10-09T07:00:11","guid":{"rendered":"https:\/\/miradordeatarfe.es\/?p=63717"},"modified":"2023-10-06T17:29:22","modified_gmt":"2023-10-06T15:29:22","slug":"seis-jovenes-presentan-una-historica-demanda-por-el-clima-ante-el-tribunal-europeo","status":"publish","type":"post","link":"https:\/\/miradordeatarfe.es\/?p=63717","title":{"rendered":"Seis j\u00f3venes presentan una hist\u00f3rica demanda por el clima ante el Tribunal Europeo"},"content":{"rendered":"<div class=\"td-post-header td-image-gradient-style8\">\n<div class=\"td-post-header-holder\">\u00a0<\/div>\n<\/div>\n<div class=\"td-post-template-8-box\">\n<div class=\"td-container\">\n<div class=\"td-pb-row\">\n<div class=\"td-pb-span8 td-main-content\" role=\"main\">\n<div class=\"td-ss-main-content\">\n<div class=\"td-post-content\">\n<h3 style=\"text-align: justify;\">En el panorama europeo, se materializa un hito jur\u00eddico protagonizado por seis j\u00f3venes activistas portugueses, quienes, apoyados por organizaciones como Amnist\u00eda Internacional, han elevado sus voces y preocupaciones ante el Tribunal Europeo de Derechos Humanos.<\/h3>\n<p style=\"text-align: justify;\">En su hist\u00f3rico planteamiento, afirman que el desaf\u00edo clim\u00e1tico contempor\u00e1neo representa una violaci\u00f3n flagrante de los derechos humanos y acusan a los Estados de su irresponsabilidad y desd\u00e9n al no generar estrategias adecuadas para combatir este fen\u00f3meno.<\/p>\n<h3 class=\"wp-block-heading\" style=\"text-align: justify;\"><strong>LOS ROSTROS DEL CAMBIO<\/strong><\/h3>\n<p style=\"text-align: justify;\">Este grupo, compuesto por Andr\u00e9, Sofia, Catarina, Cl\u00e1udia, Martim y Mariana, se ha sentido impulsado a emprender acciones tras vivir en carne propia los efectos devastadores de los incendios de 2017 en Portugal. <strong>\u201cEsta generaci\u00f3n, y sus hijos e hijas, sufrir\u00e1n las peores consecuencias de la cat\u00e1strofe clim\u00e1tica en ciernes\u201d<\/strong>, resalta el colectivo, haciendo hincapi\u00e9 en la urgencia de implementar medidas para mantener el aumento de la temperatura global por debajo de 1.5\u00b0C respecto a los niveles preindustriales y en la necesidad de abandonar progresivamente los combustibles f\u00f3siles.<\/p>\n<h3 class=\"wp-block-heading\" style=\"text-align: justify;\"><strong>EL DERECHO A UN FUTURO<\/strong><\/h3>\n<p style=\"text-align: justify;\">Las y los j\u00f3venes presentan s\u00edntomas preocupantes, manifestaciones directas del cambio clim\u00e1tico, que limitan su calidad de vida y bienestar: desde el asma agravada por la contaminaci\u00f3n del aire hasta las restricciones en actividades al aire libre debido al calor extremo y la falta de sue\u00f1o. Este colectivo de j\u00f3venes, arrastrados por una creciente inquietud y la crudeza de sus experiencias, busca que las y los gobernantes act\u00faen de manera inmediata para evitar una crisis clim\u00e1tica irreversible, protegiendo as\u00ed sus derechos y futuros. Martim, por ejemplo, tras vivenciar los incendios cercanos a su hogar en 2017, declara que su generaci\u00f3n debe hacer todo lo posible para asegurarse de que <strong>\u201clos gobiernos protegen sus derechos y su futuro.\u201d<\/strong><\/p>\n<h3 class=\"wp-block-heading\" style=\"text-align: justify;\"><strong>UNA CAUSA LEGAL INTERNACIONAL<\/strong><\/h3>\n<p style=\"text-align: justify;\">Si esta demanda trasciende, habr\u00eda repercusiones sustanciales, pudiendo imponer responsabilidades legales a 27 Estados miembros de la UE, adem\u00e1s de Reino Unido, Suiza, Noruega, Rusia y Turqu\u00eda para reducir significativamente sus emisiones. En palabras de Mandi Mudarikwa, directora de Litigio Estrat\u00e9gico de Amnist\u00eda Internacional, <strong>\u201cla gente joven est\u00e1 marcando el camino y demostrando que hay v\u00edas legales para conseguir justicia clim\u00e1tica.\u201d<\/strong><\/p>\n<h3 class=\"wp-block-heading\" style=\"text-align: justify;\"><strong>UN LLAMADO A LA ACCI\u00d3N URGENTE<\/strong><\/h3>\n<p style=\"text-align: justify;\">La narrativa de estos j\u00f3venes, impregnada de un anhelo de justicia clim\u00e1tica, no solo es un grito desesperado por acci\u00f3n sino tambi\u00e9n una cr\u00edtica mordaz a la apat\u00eda gubernamental ante la crisis clim\u00e1tica y sus efectos tangibles. La urgencia se agudiza si consideramos la posibilidad de un aumento de 3\u00b0C para el 2100 si las medidas pertinentes no se implementan. <strong>\u201cEs imprescindible que los Estados act\u00faen ya para detener esta cat\u00e1strofe creciente,\u201d<\/strong> afirma el colectivo.<\/p>\n<h3 class=\"wp-block-heading\" style=\"text-align: justify;\"><strong>REPERCUSIONES A ESCALA EUROPEA<\/strong><\/h3>\n<p style=\"text-align: justify;\">La sentencia del Tribunal podr\u00eda marcar un precedente de car\u00e1cter vinculante en Europa, influyendo en la direcci\u00f3n de futuras demandas clim\u00e1ticas a nivel nacional y generando un imperativo para que los Estados reeval\u00faen y reestructuren sus pol\u00edticas clim\u00e1ticas en aras de salvaguardar los derechos humanos internacionales. Asimismo, dos causas similares se encuentran pendientes de resoluci\u00f3n, ilustrando que la batalla legal por el clima en el continente europeo est\u00e1 cobrando impulso.<\/p>\n<h3 class=\"wp-block-heading\" style=\"text-align: justify;\"><strong>EL ROL DE LAS ORGANIZACIONES<\/strong><\/h3>\n<p style=\"text-align: justify;\">La Red Global de Acci\u00f3n Legal (GLAN) y otros colectivos se suman a esta cruzada, poniendo en marcha iniciativas de financiaci\u00f3n colectiva internacional para apoyar esta causa. La creciente conciencia y la convergencia de m\u00faltiples entidades en torno a la justicia clim\u00e1tica podr\u00edan, eventualmente, transformar el panorama legal y ambiental en Europa y, potencialmente, a nivel global.<\/p>\n<p style=\"text-align: justify;\">En resumen, la demanda de estos j\u00f3venes activistas portugueses, m\u00e1s all\u00e1 de su importancia intr\u00ednseca, refleja un cambio paradigm\u00e1tico en la lucha clim\u00e1tica. Su apuesta legal, imbuida de urgencia y relevancia, dibuja un horizonte en el que la acci\u00f3n clim\u00e1tica se entrelaza con la protecci\u00f3n de los derechos humanos, instando a las y los l\u00edderes a abandonar la inercia y a forjar un futuro sustentable para las presentes y futuras generaciones.<\/p>\n<p style=\"text-align: justify;\">Fuente: <a href=\"https:\/\/www.es.amnesty.org\/en-que-estamos\/noticias\/noticia\/articulo\/jovenes-portugueses-demandan-tribunal-derechos-humanos-cambio-climatico\/\" target=\"_blank\" rel=\"noopener external noreferrer\" data-wpel-link=\"external\">https:\/\/www.es.amnesty.org\/en-que-estamos\/noticias\/noticia\/articulo\/jovenes-portugueses-demandan-tribunal-derechos-humanos-cambio-climatico\/<\/a><\/p>\n<div class=\"td-post-header td-image-gradient-style8\">\n<div class=\"td-post-header-holder\">\n<header class=\"td-post-title\">\n<div class=\"td-module-meta-info\">\n<div class=\"td-post-author-name\">\n<div class=\"td-author-by\">Por<\/div>\n<p><a href=\"https:\/\/contrainformacion.es\/author\/javierfferrero\/\" data-wpel-link=\"internal\">Javier F. Ferrero<\/a><\/p>\n<div class=\"td-author-line\">&#8211;<\/div>\n<\/div>\n<\/div>\n<\/header>\n<\/div>\n<\/div>\n<div class=\"td-post-template-8-box\">\n<div class=\"td-container\">\n<div class=\"td-pb-row\">\n<div class=\"td-pb-span8 td-main-content\" role=\"main\">\n<div class=\"td-ss-main-content\">\n<div class=\"clearfix\">\u00a0<\/div>\n<\/div>\n<\/div>\n<\/div>\n<\/div>\n<\/div>\n<\/div>\n<\/div>\n<\/div>\n<\/div>\n<\/div>\n<\/div>\n","protected":false},"excerpt":{"rendered":"<p>\u00a0 En el panorama europeo, se materializa un hito jur\u00eddico protagonizado por seis j\u00f3venes activistas&#8230;<\/p>\n","protected":false},"author":1,"featured_media":63718,"comment_status":"closed","ping_status":"closed","sticky":false,"template":"","format":"standard","meta":{"_coblocks_attr":"","_coblocks_dimensions":"","_coblocks_responsive_height":"","_coblocks_accordion_ie_support":"","jetpack_post_was_ever_published":false,"_jetpack_newsletter_access":"","_jetpack_dont_email_post_to_subs":false,"_jetpack_newsletter_tier_id":0,"_jetpack_memberships_contains_paywalled_content":false,"_jetpack_memberships_contains_paid_content":false,"footnotes":"","jetpack_publicize_message":"","jetpack_publicize_feature_enabled":true,"jetpack_social_post_already_shared":false,"jetpack_social_options":{"image_generator_settings":{"template":"highway","default_image_id":0,"enabled":false},"version":2}},"categories":[1161,9,44,7671,15],"tags":[10701],"class_list":["post-63717","post","type-post","status-publish","format-standard","has-post-thumbnail","hentry","category-ciudadania","category-medio-ambiente","category-noticias-de-hoy","category-politica","category-ultimas-noticias","tag-demanda-europa"],"jetpack_publicize_connections":[],"jetpack_featured_media_url":"https:\/\/i0.wp.com\/miradordeatarfe.es\/wp-content\/uploads\/2023\/10\/Sin-titulo.jpeg?fit=300%2C168&ssl=1","jetpack_likes_enabled":true,"jetpack_sharing_enabled":true,"_links":{"self":[{"href":"https:\/\/miradordeatarfe.es\/index.php?rest_route=\/wp\/v2\/posts\/63717","targetHints":{"allow":["GET"]}}],"collection":[{"href":"https:\/\/miradordeatarfe.es\/index.php?rest_route=\/wp\/v2\/posts"}],"about":[{"href":"https:\/\/miradordeatarfe.es\/index.php?rest_route=\/wp\/v2\/types\/post"}],"author":[{"embeddable":true,"href":"https:\/\/miradordeatarfe.es\/index.php?rest_route=\/wp\/v2\/users\/1"}],"replies":[{"embeddable":true,"href":"https:\/\/miradordeatarfe.es\/index.php?rest_route=%2Fwp%2Fv2%2Fcomments&post=63717"}],"version-history":[{"count":1,"href":"https:\/\/miradordeatarfe.es\/index.php?rest_route=\/wp\/v2\/posts\/63717\/revisions"}],"predecessor-version":[{"id":63719,"href":"https:\/\/miradordeatarfe.es\/index.php?rest_route=\/wp\/v2\/posts\/63717\/revisions\/63719"}],"wp:featuredmedia":[{"embeddable":true,"href":"https:\/\/miradordeatarfe.es\/index.php?rest_route=\/wp\/v2\/media\/63718"}],"wp:attachment":[{"href":"https:\/\/miradordeatarfe.es\/index.php?rest_route=%2Fwp%2Fv2%2Fmedia&parent=63717"}],"wp:term":[{"taxonomy":"category","embeddable":true,"href":"https:\/\/miradordeatarfe.es\/index.php?rest_route=%2Fwp%2Fv2%2Fcategories&post=63717"},{"taxonomy":"post_tag","embeddable":true,"href":"https:\/\/miradordeatarfe.es\/index.php?rest_route=%2Fwp%2Fv2%2Ftags&post=63717"}],"curies":[{"name":"wp","href":"https:\/\/api.w.org\/{rel}","templated":true}]}}