{"id":63720,"date":"2023-10-11T11:31:02","date_gmt":"2023-10-11T09:31:02","guid":{"rendered":"https:\/\/miradordeatarfe.es\/?p=63720"},"modified":"2023-11-01T13:33:04","modified_gmt":"2023-11-01T12:33:04","slug":"cosecha-de-odio-por-alberto-granados","status":"publish","type":"post","link":"https:\/\/miradordeatarfe.es\/?p=63720","title":{"rendered":"\u00abCosecha de odio\u00bb por Alberto Granados"},"content":{"rendered":"<h3 style=\"text-align: justify;\">La polarizaci\u00f3n de la vida pol\u00edtica est\u00e1 generando unas formas sociales en que nadie se siente \u00e9ticamente obligado a controlar sus impulsos y a moverse en un terreno civilizado.<\/h3>\n<p style=\"text-align: justify;\">Por el contrario, parece que existe un verdadero af\u00e1n competitivo por ver qui\u00e9n es capaz de usar el insulto m\u00e1s salvaje, la mentira m\u00e1s impresentable, la descalificaci\u00f3n m\u00e1s injusta\u2026 sin que parezcan existir ya unos l\u00edmites impuestos desde antiguo por la correcci\u00f3n, la \u00e9tica y el sentido com\u00fan. Todo eso ha quedado desfasado. Ahora lo importante es hacer el da\u00f1o m\u00e1s acusado en la reputaci\u00f3n de aquel a quien se pretende da\u00f1ar. El anonimato que amparan las redes sociales, los ejemplos de los seguidores de Trump y Bolsonaro, la ola conservadora en la que nos movemos parecen haberse llevado las buenas formas, el respeto por el oponente, lo c\u00edvico que alguna vez hubo como tel\u00f3n de fondo de nuestros comportamientos sociales. En las \u00faltimas horas, un energ\u00fameno increpa a \u00d3scar Puente en el AVE y Bendodo equipara al agresor con el agredido. Y Veremos a S\u00e1nchez recibir pitidos en la Cumbre en Granada o en los actos de la Hispanidad: \u00bfpara qu\u00e9 los buenos modales?<\/p>\n<p style=\"text-align: justify;\">Un campo en que este fen\u00f3meno se ha exacerbado de forma especial es el de la pol\u00edtica nacional. Pedro S\u00e1nchez gan\u00f3 dos elecciones seguidas en 1919, aunque sin mayor\u00eda suficiente, lo que le oblig\u00f3 a pactar un gobierno de coalici\u00f3n con Unidas Podemos. Los patriotas de nuestra derecha podr\u00edan haber facilitado las cosas absteni\u00e9ndose, pero estaban decididos a tirar al cuello, as\u00ed que dejaron a S\u00e1nchez en la disyuntiva de, o convocar unas terceras elecciones, o intentar el dif\u00edcil equilibrio de la coalici\u00f3n, alianza que ha sido fuente de problemas durante los cuatro a\u00f1os de la legislatura.<\/p>\n<p style=\"text-align: justify;\">Pero esos problemas ya se intu\u00edan desde el comienzo de la misma. M\u00e1s sorprendente me ha resultado el asfixiante clima que se ha creado durante este per\u00edodo, en que el insulto irracional, la descalificaci\u00f3n gruesa, el torpe intento de deslegitimar al Presidente han sido una constante imp\u00fadica y obscena. Desde los primeros d\u00edas de su legislatura se avent\u00f3 la idea de que S\u00e1nchez ejerc\u00eda el poder de forma ileg\u00edtima porque, habiendo anunciado que no formar\u00eda gobierno con Podemos, al final lo hab\u00eda hecho. Curiosamente, cuando N\u00fa\u00f1ez Feij\u00f3o anunci\u00f3 que no formar\u00eda gobiernos con VOX, algo que finalmente s\u00ed hizo, su cambio de actitud no tuvo la trascendencia que se le concedi\u00f3 al cambio de S\u00e1nchez.<\/p>\n<p style=\"text-align: justify;\">El Presidente ha sido desde entonces, siempre seg\u00fan la interesada opini\u00f3n de la caverna, prepotente, chulo, ha abusado del Falcon, es ambicioso hasta l\u00edmites insospechables, es venal, y pone en serio riesgo la integridad de Espa\u00f1a, palabra esta con la que semejante pe\u00f1a se llena la boca continuamente, como si fuera un mantra milagroso. Ciertos medios y ciertos comunicadores no son nada inocentes en esta situaci\u00f3n. M\u00e1s que comunicadores ejercen de intoxicadores y agravan aun m\u00e1s el clima irrespirable en el que estamos instalados. No s\u00e9 calcular por d\u00f3nde puede explotar la situaci\u00f3n, pero s\u00ed tengo muy claro que no puede ser nada positivo fomentar este odio con el que nos est\u00e1n habituando a enfrentarnos. S\u00e1nchez podr\u00e1 gustar o no y justamente ese es el esp\u00edritu de la democracia, pero la falta de respeto permanente, los pitidos en cualquiera de sus comparecencias p\u00fablicas, el no importar que haya delante otros mandatarios, me hacen pensar que esta derecha entiende el poder pol\u00edtico como algo que les pertenece por derecho natural y que cada vez que el poder le llega a la izquierda es una situaci\u00f3n incomprensible y antinatural. Dicho de otra forma: nunca han sido dem\u00f3cratas y se les nota mucho el resabio caciquil que arrastran secularmente.<\/p>\n<p style=\"text-align: justify;\">El se\u00f1or N\u00fa\u00f1ez Feij\u00f3o ha intentado revestir su amargo fracaso de una dimensi\u00f3n \u00e9pica de guardarrop\u00eda: prefiere no perder la dignidad aunque le cueste la Presidencia. L\u00e9ase: lo opuesto a S\u00e1nchez. Pero es falso: simplemente, no ha tenido oportunidad de mancharse los zapatos, que si la hubiera tenido no me atrevo a hacer un pron\u00f3stico. \u00c9l lo sabe y sabe que todos lo sabemos, pero es un magn\u00edfico pretexto para descalificar oblicuamente a S\u00e1nchez.<\/p>\n<p style=\"text-align: justify;\">En esta situaci\u00f3n, que Mu\u00f1oz Molina denomin\u00f3 <em>la era de la vileza<\/em>, y cuando los populares daban por sentenciadas las elecciones, N\u00fa\u00f1ez Feij\u00f3o ha pinchado en su af\u00e1n de derrotar al sanchismo. Nunca me gust\u00f3 su disyuntiva: O sanchismo o Espa\u00f1a. Siempre pens\u00e9 que era una trampa ya que soy una de las Espa\u00f1as posibles y tambi\u00e9n soy moderadamente sanchista.<\/p>\n<p style=\"text-align: justify;\">El Rey llamar\u00e1 a Pedro S\u00e1nchez para que forme gobierno. Y lo har\u00e1, si encuentra los apoyos suficientes. No me gustan las concesiones que se va a ver obligado a hacer para conseguirlo y espero que cumpla su promesa de respetar la Constituci\u00f3n. Tambi\u00e9n espero, deseo, ruego y necesito un clima pol\u00edtico relajado, que abandone para siempre esa siembra de odio y convierta al PP en un partido homologable con otras derechas del \u00e1mbito europeo en que nunca hubieran dejado de estar. Me conformo con que superen ese canibalismo pol\u00edtico que es su m\u00e1s clara (y lamentable) se\u00f1a de identidad.<\/p>\n<h3 class=\"m_-5194181910878353965post-name\">ALBERTO GRANADOS<\/h3>\n<div>FOTO: Imagen del bronco debate de Atres Media<\/div>\n<div>\u00a0<\/div>\n<table role=\"presentation\" border=\"0\" cellspacing=\"0\" cellpadding=\"0\">\n<tbody>\n<tr>\n<td>https:\/\/albertogranados.wordpress.com\/2023\/10\/03\/cosecha-de-odio\/<\/td>\n<\/tr>\n<\/tbody>\n<\/table>\n","protected":false},"excerpt":{"rendered":"<p>La polarizaci\u00f3n de la vida pol\u00edtica est\u00e1 generando unas formas sociales en que nadie se&#8230;<\/p>\n","protected":false},"author":1,"featured_media":63722,"comment_status":"closed","ping_status":"closed","sticky":false,"template":"","format":"standard","meta":{"_coblocks_attr":"","_coblocks_dimensions":"","_coblocks_responsive_height":"","_coblocks_accordion_ie_support":"","jetpack_post_was_ever_published":false,"_jetpack_newsletter_access":"","_jetpack_dont_email_post_to_subs":false,"_jetpack_newsletter_tier_id":0,"_jetpack_memberships_contains_paywalled_content":false,"_jetpack_memberships_contains_paid_content":false,"footnotes":"","jetpack_publicize_message":"","jetpack_publicize_feature_enabled":true,"jetpack_social_post_already_shared":false,"jetpack_social_options":{"image_generator_settings":{"template":"highway","default_image_id":0,"enabled":false},"version":2}},"categories":[39,1161,44,7671,6937,15],"tags":[10702,8011,42],"class_list":["post-63720","post","type-post","status-publish","format-standard","has-post-thumbnail","hentry","category-opinion-de-alberto-granados","category-ciudadania","category-noticias-de-hoy","category-politica","category-sociedad","category-ultimas-noticias","tag-enfrentamiento","tag-odio","tag-politica"],"jetpack_publicize_connections":[],"jetpack_featured_media_url":"https:\/\/i0.wp.com\/miradordeatarfe.es\/wp-content\/uploads\/2023\/10\/64ac84484d8e4.r_d.962-452.jpeg?fit=940%2C528&ssl=1","jetpack_likes_enabled":true,"jetpack_sharing_enabled":true,"_links":{"self":[{"href":"https:\/\/miradordeatarfe.es\/index.php?rest_route=\/wp\/v2\/posts\/63720","targetHints":{"allow":["GET"]}}],"collection":[{"href":"https:\/\/miradordeatarfe.es\/index.php?rest_route=\/wp\/v2\/posts"}],"about":[{"href":"https:\/\/miradordeatarfe.es\/index.php?rest_route=\/wp\/v2\/types\/post"}],"author":[{"embeddable":true,"href":"https:\/\/miradordeatarfe.es\/index.php?rest_route=\/wp\/v2\/users\/1"}],"replies":[{"embeddable":true,"href":"https:\/\/miradordeatarfe.es\/index.php?rest_route=%2Fwp%2Fv2%2Fcomments&post=63720"}],"version-history":[{"count":1,"href":"https:\/\/miradordeatarfe.es\/index.php?rest_route=\/wp\/v2\/posts\/63720\/revisions"}],"predecessor-version":[{"id":63721,"href":"https:\/\/miradordeatarfe.es\/index.php?rest_route=\/wp\/v2\/posts\/63720\/revisions\/63721"}],"wp:featuredmedia":[{"embeddable":true,"href":"https:\/\/miradordeatarfe.es\/index.php?rest_route=\/wp\/v2\/media\/63722"}],"wp:attachment":[{"href":"https:\/\/miradordeatarfe.es\/index.php?rest_route=%2Fwp%2Fv2%2Fmedia&parent=63720"}],"wp:term":[{"taxonomy":"category","embeddable":true,"href":"https:\/\/miradordeatarfe.es\/index.php?rest_route=%2Fwp%2Fv2%2Fcategories&post=63720"},{"taxonomy":"post_tag","embeddable":true,"href":"https:\/\/miradordeatarfe.es\/index.php?rest_route=%2Fwp%2Fv2%2Ftags&post=63720"}],"curies":[{"name":"wp","href":"https:\/\/api.w.org\/{rel}","templated":true}]}}