{"id":63723,"date":"2023-10-09T10:03:06","date_gmt":"2023-10-09T08:03:06","guid":{"rendered":"https:\/\/miradordeatarfe.es\/?p=63723"},"modified":"2023-10-06T17:49:48","modified_gmt":"2023-10-06T15:49:48","slug":"dia-mundial-del-habitat-una-generacion-abocada-a-dejarse-su-sueldo-en-el-alquiler","status":"publish","type":"post","link":"https:\/\/miradordeatarfe.es\/?p=63723","title":{"rendered":"D\u00eda Mundial del H\u00e1bitat: una generaci\u00f3n abocada a dejarse su sueldo en el alquiler"},"content":{"rendered":"<div class=\"td-post-content\">\n<h3 style=\"text-align: justify;\"><em>Y as\u00ed, en este baile de sue\u00f1os rotos, la juventud danza al ritmo de un futuro incierto.<\/em> <strong>La emancipaci\u00f3n se ha convertido en un<\/strong> sue\u00f1o y ser propietario es un cuento de hadas narrado en las noches de insomnio.<\/h3>\n<p style=\"text-align: justify;\">El D\u00eda Mundial del H\u00e1bitat que se celebra el pasado lunes nos trae a la realidad, a un escenario donde tener un hogar propio es una fantas\u00eda cada vez m\u00e1s distante, y donde el alquiler se presenta como el refugio de aquellos afortunados que pueden permit\u00edrselo.<\/p>\n<p style=\"text-align: justify;\">Con el eco de los tipos de inter\u00e9s resonando en los o\u00eddos de las y los j\u00f3venes menores de 30 a\u00f1os, el panorama parece una pintura abstracta de desesperanza. Las hipotecas elevadas y la inflaci\u00f3n del valor de las viviendas han creado un efecto cascada en el mercado, impulsando los precios de los alquileres y alejando la posibilidad de emancipaci\u00f3n como un barco que se pierde en el horizonte. <em>Es como si la esperanza se desvaneciera en el aire, dejando tras de s\u00ed el eco de un sue\u00f1o inalcanzable.<\/em><\/p>\n<p style=\"text-align: justify;\"><strong>LA TORMENTA PERFECTA: SALARIOS INSUFICIENTES Y REQUISITOS INALCANZABLES<\/strong><\/p>\n<p style=\"text-align: justify;\">Las y los j\u00f3venes se ven obligados a permanecer en los hogares familiares, enfrent\u00e1ndose a requisitos casi inalcanzables para acceder a una vivienda. <strong>El salario insuficiente y las condiciones laborales precarias<\/strong> son el pan de cada d\u00eda, y el concepto de alquiler se eleva como la \u00fanica opci\u00f3n viable, aunque insegura y transitoria. <em>En este laberinto de la precariedad, el minotauro de la realidad devora los hilos de Ariadna de la esperanza.<\/em><\/p>\n<p style=\"text-align: justify;\">Una tormenta perfecta donde el mercado laboral no proporciona salarios suficientes y las dificultades para ahorrar para una entrada se suman a la necesidad de elevar socialmente el concepto del alquiler. <strong>Las siete pruebas de H\u00e9rcules del mercado del alquiler<\/strong> rechazan a los j\u00f3venes que no cumplen con el perfil de buen pagador, que carecen de antig\u00fcedad en la n\u00f3mina y de un buen salario.<\/p>\n<div class=\"td-a-rec td-a-rec-id-content_inline  \" style=\"text-align: justify;\">\u00a0<\/div>\n<p style=\"text-align: justify;\">Pero m\u00e1s all\u00e1 de las estad\u00edsticas oficiales, existe una realidad oculta, una vida por debajo del radar donde las personas viven en situaciones precarias que no se reflejan en los datos. <strong>La pobreza residencial se hereda,<\/strong> y la falta de un hogar propio limita las oportunidades de ascenso social. La mentalidad de propiedad impide asumir el alquiler como una forma de vida normal, y la inseguridad legislativa y de mercado no proporciona tranquilidad. <em>En el silencio de los invisibles, resuena el grito sordo de una generaci\u00f3n olvidada<\/em><\/p>\n<p style=\"text-align: justify;\"><strong>La expectativa de una generaci\u00f3n no se est\u00e1 teniendo en cuenta,<\/strong> y la precarizaci\u00f3n laboral se convierte en la norma. La invisibilidad de los pagos, los desahucios y la vulneraci\u00f3n de los derechos humanos se suman a la espiral de precariedad en la que millones de j\u00f3venes son los m\u00e1s afectados. <strong>Las pol\u00edticas y medidas implementadas se quedan cortas,<\/strong> y la financiaci\u00f3n insuficiente no afecta a la mayor\u00eda de la poblaci\u00f3n joven. <strong>La juventud sobrevive de alguna manera,<\/strong> pero las condiciones indignas y la falta de medidas efectivas ponen en entredicho las esperanzas de formar proyectos de vida independientes. <em>Es como si la juventud fuera el eco de un futuro que nunca llega, la sombra de un sol que nunca brilla.<\/em><\/p>\n<p style=\"text-align: justify;\">La situaci\u00f3n actual es un reflejo de una sociedad que no mide lo que no le interesa, que ignora a quienes viven por debajo del radar y que perpet\u00faa un sistema en el que la juventud se ve obligada a luchar contra viento y marea para alcanzar un m\u00ednimo de estabilidad y seguridad. <strong>Es hora de alumbrar bajo el radar,<\/strong> de reconocer la lucha de la juventud y de implementar medidas que realmente aborden la ra\u00edz del problema. La emancipaci\u00f3n no deber\u00eda ser una utop\u00eda, y la propiedad no deber\u00eda ser un sue\u00f1o inalcanzable. Es hora de actuar.<\/p>\n<div class=\"social-rocket-inline-buttons\">\n<div class=\"social-rocket-buttons\">\u00a0<\/div>\n<\/div>\n<\/div>\n<footer>\n<div class=\"author-box-wrap\">\n<div class=\"desc\">\n<div class=\"td-author-name vcard author\"><strong><span class=\"fn\"><a href=\"https:\/\/contrainformacion.es\/author\/javierfferrero\/\" data-wpel-link=\"internal\">Javier F. Ferrero<\/a><\/span><\/strong><\/div>\n<div>\u00a0<\/div>\n<\/div>\n<div>FOTO: https:\/\/www.cerrajeriaplacer.com\/que-debo-hacer-si-me-roban-las-llaves-de-casa_fb21063.html<\/div>\n<div>\u00a0<\/div>\n<div>https:\/\/contrainformacion.es\/opinion-dia-mundial-del-habitat-una-generacion-abocada-a-dejarse-su-sueldo-en-el-alquiler\/?utm_source=mailpoet&amp;utm_medium=email&amp;utm_campaign=boletin-contrainformacion_1<\/div>\n<\/div>\n<\/footer>\n","protected":false},"excerpt":{"rendered":"<p>Y as\u00ed, en este baile de sue\u00f1os rotos, la juventud danza al ritmo de un&#8230;<\/p>\n","protected":false},"author":1,"featured_media":63724,"comment_status":"closed","ping_status":"closed","sticky":false,"template":"","format":"standard","meta":{"_coblocks_attr":"","_coblocks_dimensions":"","_coblocks_responsive_height":"","_coblocks_accordion_ie_support":"","jetpack_post_was_ever_published":false,"_jetpack_newsletter_access":"","_jetpack_dont_email_post_to_subs":false,"_jetpack_newsletter_tier_id":0,"_jetpack_memberships_contains_paywalled_content":false,"_jetpack_memberships_contains_paid_content":false,"footnotes":"","jetpack_publicize_message":"","jetpack_publicize_feature_enabled":true,"jetpack_social_post_already_shared":false,"jetpack_social_options":{"image_generator_settings":{"template":"highway","default_image_id":0,"enabled":false},"version":2}},"categories":[1161,9,44,7671,6937,15],"tags":[1746,278,922],"class_list":["post-63723","post","type-post","status-publish","format-standard","has-post-thumbnail","hentry","category-ciudadania","category-medio-ambiente","category-noticias-de-hoy","category-politica","category-sociedad","category-ultimas-noticias","tag-comprar","tag-salarios","tag-viviendas"],"jetpack_publicize_connections":[],"jetpack_featured_media_url":"https:\/\/i0.wp.com\/miradordeatarfe.es\/wp-content\/uploads\/2023\/10\/que-debo-hacer-si-me-roban-las-llaves-de-casa_img21063t1.jpg?fit=1024%2C683&ssl=1","jetpack_likes_enabled":true,"jetpack_sharing_enabled":true,"_links":{"self":[{"href":"https:\/\/miradordeatarfe.es\/index.php?rest_route=\/wp\/v2\/posts\/63723","targetHints":{"allow":["GET"]}}],"collection":[{"href":"https:\/\/miradordeatarfe.es\/index.php?rest_route=\/wp\/v2\/posts"}],"about":[{"href":"https:\/\/miradordeatarfe.es\/index.php?rest_route=\/wp\/v2\/types\/post"}],"author":[{"embeddable":true,"href":"https:\/\/miradordeatarfe.es\/index.php?rest_route=\/wp\/v2\/users\/1"}],"replies":[{"embeddable":true,"href":"https:\/\/miradordeatarfe.es\/index.php?rest_route=%2Fwp%2Fv2%2Fcomments&post=63723"}],"version-history":[{"count":1,"href":"https:\/\/miradordeatarfe.es\/index.php?rest_route=\/wp\/v2\/posts\/63723\/revisions"}],"predecessor-version":[{"id":63725,"href":"https:\/\/miradordeatarfe.es\/index.php?rest_route=\/wp\/v2\/posts\/63723\/revisions\/63725"}],"wp:featuredmedia":[{"embeddable":true,"href":"https:\/\/miradordeatarfe.es\/index.php?rest_route=\/wp\/v2\/media\/63724"}],"wp:attachment":[{"href":"https:\/\/miradordeatarfe.es\/index.php?rest_route=%2Fwp%2Fv2%2Fmedia&parent=63723"}],"wp:term":[{"taxonomy":"category","embeddable":true,"href":"https:\/\/miradordeatarfe.es\/index.php?rest_route=%2Fwp%2Fv2%2Fcategories&post=63723"},{"taxonomy":"post_tag","embeddable":true,"href":"https:\/\/miradordeatarfe.es\/index.php?rest_route=%2Fwp%2Fv2%2Ftags&post=63723"}],"curies":[{"name":"wp","href":"https:\/\/api.w.org\/{rel}","templated":true}]}}