{"id":63732,"date":"2023-10-07T11:28:30","date_gmt":"2023-10-07T09:28:30","guid":{"rendered":"https:\/\/miradordeatarfe.es\/?p=63732"},"modified":"2023-10-06T19:01:38","modified_gmt":"2023-10-06T17:01:38","slug":"sin-malafolla-del-destino-por-juan-de-dios-villanueva-roa","status":"publish","type":"post","link":"https:\/\/miradordeatarfe.es\/?p=63732","title":{"rendered":"\u00abSin malafoll\u00e1 del destino\u00bb por Juan de Dios Villanueva Roa"},"content":{"rendered":"<h3 style=\"text-align: justify;\">Granada, espacio humano situado a los pies de la sierra, es ahora en teor\u00eda lo m\u00e1s seguro del mundo mundial.<\/h3>\n<p style=\"text-align: justify;\">Hemos estado en todos los noticiarios europeos. Tres d\u00edas seguros. Y lo m\u00e1s incre\u00edble de esta noticia es que no ser\u00e1 por nada terrible, por ninguna desgracia, por ning\u00fan hecho deleznable, por ninguna malafoll\u00e1 del destino. No. Granada estar\u00e1 en todos los informativos porque el gobierno espa\u00f1ol de Pedro S\u00e1nchez (tambi\u00e9n hay que decir estas cosas) decidi\u00f3 que aqu\u00ed se celebrase un acto fundamental, la reuni\u00f3n de todos los mandamases europeos y parte del extranjero.<\/p>\n<p style=\"text-align: justify;\">Algo que nos trae de cabeza a quienes aqu\u00ed vivimos habitualmente, porque no estamos acostumbrados a tanta ceremonia, a tanta seguridad y a tanto \u2018\u00e9chate pa y\u00e1\u2019. Pero es lo que hay. Y aqu\u00ed estamos porque S\u00e1nchez quiso, y en su d\u00eda Paco Cuenca lo propici\u00f3. Y \u00e9l habr\u00eda querido ser el anfitri\u00f3n de esta movida. En su defecto est\u00e1 Paqui, quien, estoy seguro, tambi\u00e9n lo har\u00e1 bien, porque representar a una ciudad en un evento as\u00ed es un orgullo, adem\u00e1s de motivo de agradecimiento por haberla elegido.<\/p>\n<p style=\"text-align: justify;\">No me cabe la menor duda de que alguien encontrar\u00e1 los peros. Pero a esos peros hagamos lo del D\u00eda de la Cruz: una tijera en ellos. Y hagamos que todo brille lo mejor posible, pues todo lo bien que salgan las cosas ser\u00e1 todo bueno para esta tierra y a la larga para quienes en ella vivimos, aunque hoy no lo veamos.<\/p>\n<p>foto: La Raz\u00f3n<\/p>\n","protected":false},"excerpt":{"rendered":"<p>Granada, espacio humano situado a los pies de la sierra, es ahora en teor\u00eda lo&#8230;<\/p>\n","protected":false},"author":1,"featured_media":63733,"comment_status":"closed","ping_status":"closed","sticky":false,"template":"","format":"standard","meta":{"_coblocks_attr":"","_coblocks_dimensions":"","_coblocks_responsive_height":"","_coblocks_accordion_ie_support":"","jetpack_post_was_ever_published":false,"_jetpack_newsletter_access":"","_jetpack_dont_email_post_to_subs":false,"_jetpack_newsletter_tier_id":0,"_jetpack_memberships_contains_paywalled_content":false,"_jetpack_memberships_contains_paid_content":false,"footnotes":"","jetpack_publicize_message":"","jetpack_publicize_feature_enabled":true,"jetpack_social_post_already_shared":false,"jetpack_social_options":{"image_generator_settings":{"template":"highway","default_image_id":0,"enabled":false},"version":2}},"categories":[1161,9772,44,7671,6937,15],"tags":[10705],"class_list":["post-63732","post","type-post","status-publish","format-standard","has-post-thumbnail","hentry","category-ciudadania","category-opinion-de-juan-de-dios-villanueva","category-noticias-de-hoy","category-politica","category-sociedad","category-ultimas-noticias","tag-seguridad-en-granada"],"jetpack_publicize_connections":[],"jetpack_featured_media_url":"https:\/\/i0.wp.com\/miradordeatarfe.es\/wp-content\/uploads\/2023\/10\/agentes-policia-nacional_98.webp?fit=1900%2C1069&ssl=1","jetpack_likes_enabled":true,"jetpack_sharing_enabled":true,"_links":{"self":[{"href":"https:\/\/miradordeatarfe.es\/index.php?rest_route=\/wp\/v2\/posts\/63732","targetHints":{"allow":["GET"]}}],"collection":[{"href":"https:\/\/miradordeatarfe.es\/index.php?rest_route=\/wp\/v2\/posts"}],"about":[{"href":"https:\/\/miradordeatarfe.es\/index.php?rest_route=\/wp\/v2\/types\/post"}],"author":[{"embeddable":true,"href":"https:\/\/miradordeatarfe.es\/index.php?rest_route=\/wp\/v2\/users\/1"}],"replies":[{"embeddable":true,"href":"https:\/\/miradordeatarfe.es\/index.php?rest_route=%2Fwp%2Fv2%2Fcomments&post=63732"}],"version-history":[{"count":1,"href":"https:\/\/miradordeatarfe.es\/index.php?rest_route=\/wp\/v2\/posts\/63732\/revisions"}],"predecessor-version":[{"id":63734,"href":"https:\/\/miradordeatarfe.es\/index.php?rest_route=\/wp\/v2\/posts\/63732\/revisions\/63734"}],"wp:featuredmedia":[{"embeddable":true,"href":"https:\/\/miradordeatarfe.es\/index.php?rest_route=\/wp\/v2\/media\/63733"}],"wp:attachment":[{"href":"https:\/\/miradordeatarfe.es\/index.php?rest_route=%2Fwp%2Fv2%2Fmedia&parent=63732"}],"wp:term":[{"taxonomy":"category","embeddable":true,"href":"https:\/\/miradordeatarfe.es\/index.php?rest_route=%2Fwp%2Fv2%2Fcategories&post=63732"},{"taxonomy":"post_tag","embeddable":true,"href":"https:\/\/miradordeatarfe.es\/index.php?rest_route=%2Fwp%2Fv2%2Ftags&post=63732"}],"curies":[{"name":"wp","href":"https:\/\/api.w.org\/{rel}","templated":true}]}}