{"id":63744,"date":"2023-10-11T09:09:37","date_gmt":"2023-10-11T07:09:37","guid":{"rendered":"https:\/\/miradordeatarfe.es\/?p=63744"},"modified":"2023-10-06T19:18:05","modified_gmt":"2023-10-06T17:18:05","slug":"historia-de-la-arqueologa-maria-elena-gomez-moreno-rodriguez","status":"publish","type":"post","link":"https:\/\/miradordeatarfe.es\/?p=63744","title":{"rendered":"Historia de la arque\u00f3loga : Mar\u00eda Elena G\u00f3mez-Moreno Rodr\u00edguez"},"content":{"rendered":"<section class=\"elementor-section elementor-top-section elementor-element elementor-element-57ceba00 elementor-section-full_width elementor-section-stretched elementor-section-height-default elementor-section-height-default wpr-particle-no wpr-jarallax-no wpr-parallax-no wpr-sticky-section-no\" data-id=\"57ceba00\" data-element_type=\"section\" data-settings=\"{&quot;stretch_section&quot;:&quot;section-stretched&quot;}\">\n<div class=\"elementor-container elementor-column-gap-default\">\n<div class=\"elementor-column elementor-col-50 elementor-top-column elementor-element elementor-element-1973dc33\" data-id=\"1973dc33\" data-element_type=\"column\">\n<div class=\"elementor-widget-wrap elementor-element-populated\">\n<div class=\"elementor-element elementor-element-3252ad53 elementor-widget elementor-widget-text-editor\" data-id=\"3252ad53\" data-element_type=\"widget\" data-widget_type=\"text-editor.default\">\n<div class=\"elementor-widget-container\">\n<p><strong>Nacida en Granada, 28 de enero de 1907- Madrid, 15 de diciembre de 1998<\/strong><\/p>\n<\/div>\n<\/div>\n<\/div>\n<\/div>\n<\/div>\n<\/section>\n<section class=\"elementor-section elementor-top-section elementor-element elementor-element-52775423 elementor-section-boxed elementor-section-height-default elementor-section-height-default wpr-particle-no wpr-jarallax-no wpr-parallax-no wpr-sticky-section-no\" data-id=\"52775423\" data-element_type=\"section\" data-settings=\"{&quot;_ha_eqh_enable&quot;:false}\">\n<div class=\"elementor-container elementor-column-gap-default\">\n<div class=\"elementor-column elementor-col-100 elementor-top-column elementor-element elementor-element-2ac6522c\" data-id=\"2ac6522c\" data-element_type=\"column\">\n<div class=\"elementor-widget-wrap elementor-element-populated\">\n<div class=\"elementor-element elementor-element-418067b6 elementor-widget elementor-widget-text-editor\" data-id=\"418067b6\" data-element_type=\"widget\" data-widget_type=\"text-editor.default\">\n<div class=\"elementor-widget-container\">\n<div class=\"et_pb_module et_pb_text et_pb_text_3 et_pb_text_align_left et_pb_bg_layout_light\">\n<div class=\"et_pb_text_inner\">\n<p style=\"text-align: justify;\">Fue la mayor de las tres hijas de Manuel G\u00f3mez-Moreno, m\u00e1ximo exponente de la renovaci\u00f3n de los estudios arqueol\u00f3gicos y art\u00edsticos promovida desde el CEH y defensor del nacionalismo cultural para la superaci\u00f3n de la crisis identitaria post 1898. En 1926 se licenci\u00f3 en Filosof\u00eda y Letras y, en 1930, gan\u00f3 una c\u00e1tedra de Instituto. Fue la docencia su actividad principal hasta 1977.<\/p>\n<p style=\"text-align: justify;\">Particip\u00f3 de la efervescencia cultural en la segunda rep\u00fablica al sumarse al crucero por el Mediterr\u00e1neo (1933) y colaborar en las Misiones de Arte, en cuyo seno escribi\u00f3 su Breve historia de la escultura espa\u00f1ola (1935). Durante la guerra civil trabaj\u00f3 en la Junta del Tesoro del Madrid asediado. Ella misma cuenta c\u00f3mo contribuy\u00f3 a evitar la incautaci\u00f3n del Instituto Valencia de don Juan al recomendar que se enarbolara la bandera brit\u00e1nica. Con su padre asisti\u00f3 a investigaciones relevantes de arte medieval en Las Huelgas de Burgos o el Rosell\u00f3n franc\u00e9s. De Don Manuel hered\u00f3, adem\u00e1s, el inter\u00e9s por determinar rasgos de expresi\u00f3n nacional (\u201cvoluntad art\u00edstica\u201d en t\u00e9rminos rieglelianos) en la pr\u00e1ctica escult\u00f3rica de autores como Mart\u00ednez Monta\u00f1\u00e9s, Gregorio Fern\u00e1ndez o Alonso Cano. Tambi\u00e9n public\u00f3 sobre iluminaciones en c\u00f3dices moz\u00e1rabes de Le\u00f3n. En 1991 fue nombrada acad\u00e9mica honor\u00edfica de la de Bellas Artes de San Fernando.<\/p>\n<p style=\"text-align: justify;\">En 1959 fue nombrada directora de la Fundaci\u00f3n de la Vega Incl\u00e1n teniendo bajo su cargo la casa-museo del Greco y el museo del Romanticismo. Junto a sus hermanas y con el apoyo de Joaquina Eguaras promovi\u00f3 en 1972 la donaci\u00f3n de la colecci\u00f3n\/archivo G\u00f3mez-Moreno a la Fundaci\u00f3n Rodr\u00edguez-Acosta para la creaci\u00f3n del instituto y museo dedicados a la memoria del arque\u00f3logo granadino.<\/p>\n<\/div>\n<\/div>\n<\/div>\n<\/div>\n<\/div>\n<\/div>\n<\/div>\n<\/section>\n<section class=\"elementor-section elementor-top-section elementor-element elementor-element-5c16c2d3 elementor-section-boxed elementor-section-height-default elementor-section-height-default wpr-particle-no wpr-jarallax-no wpr-parallax-no wpr-sticky-section-no\" data-id=\"5c16c2d3\" data-element_type=\"section\" data-settings=\"{&quot;background_background&quot;:&quot;classic&quot;,&quot;_ha_eqh_enable&quot;:false}\">\n<div class=\"elementor-container elementor-column-gap-default\">\n<div class=\"elementor-column elementor-col-100 elementor-top-column elementor-element elementor-element-ea1ef0e\" data-id=\"ea1ef0e\" data-element_type=\"column\">\n<div class=\"elementor-widget-wrap elementor-element-populated\">\n<div class=\"elementor-element elementor-element-461024e8 elementor-widget elementor-widget-text-editor\" style=\"text-align: justify;\" data-id=\"461024e8\" data-element_type=\"widget\" data-widget_type=\"text-editor.default\">\n<div class=\"elementor-widget-container\">\n<p><b>Publicaciones de la autora:<\/b><\/p>\n<\/div>\n<\/div>\n<div class=\"elementor-element elementor-element-2bd47118 elementor-widget elementor-widget-text-editor\" style=\"text-align: justify;\" data-id=\"2bd47118\" data-element_type=\"widget\" data-widget_type=\"text-editor.default\">\n<div class=\"elementor-widget-container\">\n<ul>\n<li>G\u00f3mez-Moreno, M. E. 1935.\u00a0<i>Breve Historia de la escultura espa\u00f1ola<\/i>. Madrid: Misiones de Arte.<\/li>\n<li>G\u00f3mez-Moreno, M. E. 1993. <i>Pintura y escultura espa\u00f1ola del siglo XIX<\/i>. Summa Artis Vol. XXXV. Madrid: Espasa Calpe.<\/li>\n<li>G\u00f3mez-Moreno, M. E. 1991.\u00a0<i>Manuel G\u00f3mez-Moreno Mart\u00ednez<\/i>. Madrid: Fundaci\u00f3n Ram\u00f3n Areces.<\/li>\n<li>G\u00f3mez-Moreno, M. E. 1991.\u00a0<i>La Real Academia de San Fernando y el origen del Cat\u00e1logo Monumental de Espa\u00f1a.<\/i>\u00a0Discurso de la Acad\u00e9mica Electa Excma. Sra. Do\u00f1a Mar\u00eda Elena G\u00f3mez-Moreno le\u00eddo en el acto de su Recepci\u00f3n P\u00fablica el d\u00eda 3 de noviembre de 1991. Madrid: Real Academia de Bellas Artes de San Fernando<\/li>\n<\/ul>\n<\/div>\n<\/div>\n<div class=\"elementor-element elementor-element-19029782 elementor-widget elementor-widget-text-editor\" style=\"text-align: justify;\" data-id=\"19029782\" data-element_type=\"widget\" data-widget_type=\"text-editor.default\">\n<div class=\"elementor-widget-container\">\n<p><b>Publicaciones sobre la autora:<\/b><\/p>\n<\/div>\n<\/div>\n<div class=\"elementor-element elementor-element-17a74055 elementor-widget elementor-widget-text-editor\" style=\"text-align: justify;\" data-id=\"17a74055\" data-element_type=\"widget\" data-widget_type=\"text-editor.default\">\n<div class=\"elementor-widget-container\">\n<ul>\n<li>G\u00f3mez-Moreno Calera, J. M. 2016.\u00a0La descendencia: Mar\u00eda Elena, Natividad y Carmen G\u00f3mez-Moreno Rodr\u00edguez.\u00a0En\u00a0<i>Manuel G\u00f3mez-Moreno Mart\u00ednez (1870-1970)<\/i>. Maestros de la Historia del Arte: 156-166. Granada: CEHA<\/li>\n<li>G\u00f3mez-Moreno Rodr\u00edguez, M. E. 1995.\u00a0<i>Manuel G\u00f3mez-Moreno Mart\u00ednez<\/i>. Madrid: Centro de Estudios Ram\u00f3n Areces: passim.<\/li>\n<li>Navarrete, E.\u00a0Mar\u00eda Elena G\u00f3mez-Moreno y Rodr\u00edguez-Bol\u00edvar. En\u00a0<i>Diccionario Biogr\u00e1fico. Real Academia de la Historia\u00a0\u00a0<\/i><a href=\"http:\/\/dbe.rah.es\/biografias\/21866\/maria-elena-gomez-moreno-y-rodriguez-bolivar\">Ver enlace<\/a>\u00a0<\/li>\n<li>V.V.A.A. 1998.\u00a0Necrolog\u00eda de la Excma. Sra. Do\u00f1a Mar\u00eda Elena G\u00f3mez-Moreno. Acad\u00e9mica Honoraria.\u00a0<i>Bolet\u00edn de la Real Academia de Bellas Artes de San Fernando<\/i>\u00a086: 11-36.<\/li>\n<\/ul>\n<\/div>\n<\/div>\n<div class=\"elementor-element elementor-element-700de137 elementor-widget elementor-widget-text-editor\" style=\"text-align: justify;\" data-id=\"700de137\" data-element_type=\"widget\" data-widget_type=\"text-editor.default\">\n<div class=\"elementor-widget-container\">\n<p><b>C\u00f3mo citar:<\/b><\/p>\n<\/div>\n<\/div>\n<div class=\"elementor-element elementor-element-6ac126a1 elementor-widget elementor-widget-text-editor\" data-id=\"6ac126a1\" data-element_type=\"widget\" data-widget_type=\"text-editor.default\">\n<div class=\"elementor-widget-container\">\n<ul style=\"text-align: justify;\">\n<li>Francisco J. Moreno Mart\u00edn\u00a02021. Mar\u00eda Concepci\u00f3n Blasco Bosqued. En\u00a0\u00a0<em>Proyecto Arque\u00f3logas<\/em>. Pioneras. URL: https:\/\/arqueologas.es\/gomez-moreno-maria-elena (url consultada en FECHA)<\/li>\n<\/ul>\n<p style=\"text-align: justify;\"><strong>Autor:\u00a0Francisco J. Moreno Mart\u00edn<\/strong><\/p>\n<p style=\"text-align: justify;\">FOTO: Trabajando en el Instituto Pe\u00f1aflorida de San Sebasti\u00e1n (antes de 1950) \u00a9 Fundaci\u00f3n P\u00fablica Andaluza Rodr\u00edguez-Acosta<\/p>\n<p style=\"text-align: justify;\">https:\/\/arqueologas.es\/gomez-moreno-maria-elena<\/p>\n<\/div>\n<\/div>\n<\/div>\n<\/div>\n<\/div>\n<\/section>\n","protected":false},"excerpt":{"rendered":"<p>Nacida en Granada, 28 de enero de 1907- Madrid, 15 de diciembre de 1998 Fue&#8230;<\/p>\n","protected":false},"author":1,"featured_media":63745,"comment_status":"closed","ping_status":"closed","sticky":false,"template":"","format":"standard","meta":{"_coblocks_attr":"","_coblocks_dimensions":"","_coblocks_responsive_height":"","_coblocks_accordion_ie_support":"","jetpack_post_was_ever_published":false,"_jetpack_newsletter_access":"","_jetpack_dont_email_post_to_subs":false,"_jetpack_newsletter_tier_id":0,"_jetpack_memberships_contains_paywalled_content":false,"_jetpack_memberships_contains_paid_content":false,"footnotes":"","jetpack_publicize_message":"","jetpack_publicize_feature_enabled":true,"jetpack_social_post_already_shared":false,"jetpack_social_options":{"image_generator_settings":{"template":"highway","default_image_id":0,"enabled":false},"version":2}},"categories":[1161,44,15],"tags":[10706,6567],"class_list":["post-63744","post","type-post","status-publish","format-standard","has-post-thumbnail","hentry","category-ciudadania","category-noticias-de-hoy","category-ultimas-noticias","tag-arqueologa","tag-granadina"],"jetpack_publicize_connections":[],"jetpack_featured_media_url":"https:\/\/i0.wp.com\/miradordeatarfe.es\/wp-content\/uploads\/2023\/10\/mariaElena-gomez-moreno-bio.png?fit=444%2C543&ssl=1","jetpack_likes_enabled":true,"jetpack_sharing_enabled":true,"_links":{"self":[{"href":"https:\/\/miradordeatarfe.es\/index.php?rest_route=\/wp\/v2\/posts\/63744","targetHints":{"allow":["GET"]}}],"collection":[{"href":"https:\/\/miradordeatarfe.es\/index.php?rest_route=\/wp\/v2\/posts"}],"about":[{"href":"https:\/\/miradordeatarfe.es\/index.php?rest_route=\/wp\/v2\/types\/post"}],"author":[{"embeddable":true,"href":"https:\/\/miradordeatarfe.es\/index.php?rest_route=\/wp\/v2\/users\/1"}],"replies":[{"embeddable":true,"href":"https:\/\/miradordeatarfe.es\/index.php?rest_route=%2Fwp%2Fv2%2Fcomments&post=63744"}],"version-history":[{"count":1,"href":"https:\/\/miradordeatarfe.es\/index.php?rest_route=\/wp\/v2\/posts\/63744\/revisions"}],"predecessor-version":[{"id":63746,"href":"https:\/\/miradordeatarfe.es\/index.php?rest_route=\/wp\/v2\/posts\/63744\/revisions\/63746"}],"wp:featuredmedia":[{"embeddable":true,"href":"https:\/\/miradordeatarfe.es\/index.php?rest_route=\/wp\/v2\/media\/63745"}],"wp:attachment":[{"href":"https:\/\/miradordeatarfe.es\/index.php?rest_route=%2Fwp%2Fv2%2Fmedia&parent=63744"}],"wp:term":[{"taxonomy":"category","embeddable":true,"href":"https:\/\/miradordeatarfe.es\/index.php?rest_route=%2Fwp%2Fv2%2Fcategories&post=63744"},{"taxonomy":"post_tag","embeddable":true,"href":"https:\/\/miradordeatarfe.es\/index.php?rest_route=%2Fwp%2Fv2%2Ftags&post=63744"}],"curies":[{"name":"wp","href":"https:\/\/api.w.org\/{rel}","templated":true}]}}