{"id":63751,"date":"2023-10-09T11:34:41","date_gmt":"2023-10-09T09:34:41","guid":{"rendered":"https:\/\/miradordeatarfe.es\/?p=63751"},"modified":"2023-12-08T23:26:15","modified_gmt":"2023-12-08T22:26:15","slug":"granada-en-la-cumbre-por-remedios-sanchez","status":"publish","type":"post","link":"https:\/\/miradordeatarfe.es\/?p=63751","title":{"rendered":"\u00abGRANADA EN LA CUMBRE\u00bb por  Remedios S\u00e1nchez"},"content":{"rendered":"<h3>Hasta la semana pasada, cuando en Granada nos refer\u00edamos a la cumbre, lo que le ven\u00eda a la cabeza al personal era el Mulhac\u00e9n o unos esqu\u00edes desliz\u00e1ndose por la nieve; pero, fue llegar el jueves pasado, y hemos empezado a darnos cuenta del valor de la polisemia, de que una cumbre implicaba poner a nuestra ciudad en el centro del mundo, como en los tiempos de Carlos V, pero ahora con Felipe VI y Pedro S\u00e1nchez ejerciendo de hacedor del evento.<\/h3>\n<p>Lo cual, que nos hemos encontrado una situaci\u00f3n in\u00e9dita: de no venir a Granada ni un mandam\u00e1s de Madrid salvo en periodo electoral (para pedir el voto prometiendo unas comunicaciones fluidas con Madrid) hemos pasado a tener movi\u00e9ndose por la ciudad a l\u00edderes mundiales: de Macron al alem\u00e1n Scholz pasando por Ursula Von der Layen, todos con sus coches oficiales, sus delegaciones, sus servicios secretos y sus escudos antimisiles. Lo sabemos porque lo han ido narrando todas las televisiones en directo, impactadas por el entorno y haci\u00e9ndonos una publicidad impagable, porque incluso los lideres granad\u00edes han dado la mejor imagen en estos d\u00edas en los que, para salir bien en las fotos internacionales,\u00a0hab\u00eda que centrarse en sonre\u00edr y no zancadillear al rival.<\/p>\n<p>Pero si un espacio ha brillado con luz singular ha sido La Alhambra, donde el personal ha dado, una vez m\u00e1s, muestras de su capacidad indesmayable para lograr que nada falle con el monumento m\u00e1s sublime del orbe como fondo indescriptible de fotos que son ya hist\u00f3ricas y que evidencian que, cuando vamos todos a una, triunfamos.<\/p>\n<p>Y as\u00ed se han quedado los dirigentes de cincuenta pa\u00edses, incluido Zelenski\u200b, la estrella invitada de \u00faltima hora: deslumbrados frente a tanta belleza arm\u00f3nica, ante la fusi\u00f3n de culturas que somos sin esfuerzo. Y les ha dado tiempo a hablar de geoestrategia, de la paz o de la ampliaci\u00f3n de la Uni\u00f3n Europea, lo cual tiene su gracia, porque precisamente las bases las sent\u00f3 en el mismo sitio hace casi cinco siglos el nieto de los Reyes Cat\u00f3licos, cuando se convirti\u00f3 en due\u00f1o y se\u00f1or de la jaula de grillos que era entonces (y a\u00fan ahora) Europa como Emperador del Sacro Imperio Romano Germ\u00e1nico, rey de Espa\u00f1a, N\u00e1poles, Sicilia, Cerde\u00f1a y los Pa\u00edses Bajos, archiduque de Austria y duque\u00a0de Borgo\u00f1a.<\/p>\n<p>Fue en 1526, para m\u00e1s se\u00f1as, con Castiglione, Navagiero, Bosc\u00e1n o Garcilaso departiendo en el Generalife, paseo va, paseo viene para el cabildeo propio de la pol\u00edtica cortesana y acompa\u00f1ada, como esta vez, del amor por la cultura patria. Porque nadie olvide que el soneto se implant\u00f3 -de verdad- en estos lares gracias a tan providencial encuentro. Pero sucede que, como aqu\u00ed tenemos la costumbre de buscar los tres pies al gato a cualquier situaci\u00f3n en vez de sacar pecho, hay quien anda quejoso porque durante cuarenta y ocho horas no se haya podido mover a sus anchas por el centro o haya tenido que aparcar un poco m\u00e1s lejos, sin darse cuenta de que fastos de esta notabilidad y relumbr\u00f3n sientan las bases para que venga un turismo de mayor poder adquisitivo que llene las arcas municipales y nos baje el paro.<\/p>\n<p>Porque ah\u00ed est\u00e1 la clave: en pensar a lo grande, en dise\u00f1ar, siquiera de vez en cuando, acontecimientos dif\u00edcilmente superables, por mucho que, como asever\u00f3 Lorca, Granada ame lo diminuto.<\/p>\n","protected":false},"excerpt":{"rendered":"<p>Hasta la semana pasada, cuando en Granada nos refer\u00edamos a la cumbre, lo que le&#8230;<\/p>\n","protected":false},"author":1,"featured_media":63752,"comment_status":"closed","ping_status":"closed","sticky":false,"template":"","format":"standard","meta":{"_coblocks_attr":"","_coblocks_dimensions":"","_coblocks_responsive_height":"","_coblocks_accordion_ie_support":"","jetpack_post_was_ever_published":false,"_jetpack_newsletter_access":"","_jetpack_dont_email_post_to_subs":false,"_jetpack_newsletter_tier_id":0,"_jetpack_memberships_contains_paywalled_content":false,"_jetpack_memberships_contains_paid_content":false,"footnotes":"","jetpack_publicize_message":"","jetpack_publicize_feature_enabled":true,"jetpack_social_post_already_shared":false,"jetpack_social_options":{"image_generator_settings":{"template":"highway","default_image_id":0,"enabled":false},"version":2}},"categories":[1161,10781,44,7671,6914,15],"tags":[10623,129],"class_list":["post-63751","post","type-post","status-publish","format-standard","has-post-thumbnail","hentry","category-ciudadania","category-granada","category-noticias-de-hoy","category-politica","category-opinion-de-reme-sanchez","category-ultimas-noticias","tag-cumbre-europea","tag-granada"],"jetpack_publicize_connections":[],"jetpack_featured_media_url":"https:\/\/i0.wp.com\/miradordeatarfe.es\/wp-content\/uploads\/2023\/10\/th-1.jpg?fit=318%2C180&ssl=1","jetpack_likes_enabled":true,"jetpack_sharing_enabled":true,"_links":{"self":[{"href":"https:\/\/miradordeatarfe.es\/index.php?rest_route=\/wp\/v2\/posts\/63751","targetHints":{"allow":["GET"]}}],"collection":[{"href":"https:\/\/miradordeatarfe.es\/index.php?rest_route=\/wp\/v2\/posts"}],"about":[{"href":"https:\/\/miradordeatarfe.es\/index.php?rest_route=\/wp\/v2\/types\/post"}],"author":[{"embeddable":true,"href":"https:\/\/miradordeatarfe.es\/index.php?rest_route=\/wp\/v2\/users\/1"}],"replies":[{"embeddable":true,"href":"https:\/\/miradordeatarfe.es\/index.php?rest_route=%2Fwp%2Fv2%2Fcomments&post=63751"}],"version-history":[{"count":1,"href":"https:\/\/miradordeatarfe.es\/index.php?rest_route=\/wp\/v2\/posts\/63751\/revisions"}],"predecessor-version":[{"id":63753,"href":"https:\/\/miradordeatarfe.es\/index.php?rest_route=\/wp\/v2\/posts\/63751\/revisions\/63753"}],"wp:featuredmedia":[{"embeddable":true,"href":"https:\/\/miradordeatarfe.es\/index.php?rest_route=\/wp\/v2\/media\/63752"}],"wp:attachment":[{"href":"https:\/\/miradordeatarfe.es\/index.php?rest_route=%2Fwp%2Fv2%2Fmedia&parent=63751"}],"wp:term":[{"taxonomy":"category","embeddable":true,"href":"https:\/\/miradordeatarfe.es\/index.php?rest_route=%2Fwp%2Fv2%2Fcategories&post=63751"},{"taxonomy":"post_tag","embeddable":true,"href":"https:\/\/miradordeatarfe.es\/index.php?rest_route=%2Fwp%2Fv2%2Ftags&post=63751"}],"curies":[{"name":"wp","href":"https:\/\/api.w.org\/{rel}","templated":true}]}}