{"id":63754,"date":"2023-10-12T10:13:59","date_gmt":"2023-10-12T08:13:59","guid":{"rendered":"https:\/\/miradordeatarfe.es\/?p=63754"},"modified":"2023-10-09T11:06:37","modified_gmt":"2023-10-09T09:06:37","slug":"lourdes-pastor-lleva-su-musica-y-su-reivindicacion-social-a-madrid-y-a-mexico","status":"publish","type":"post","link":"https:\/\/miradordeatarfe.es\/?p=63754","title":{"rendered":"Lourdes Pastor lleva su m\u00fasica y su reivindicaci\u00f3n social a Madrid y a M\u00e9xico"},"content":{"rendered":"<h3 class=\"headline-article__extended-subtitle headline-article__extended-subtitle--item\" style=\"text-align: justify;\">Esta noche ofrecer\u00e1 un concierto en el auditorio Marcelino Camacho y el 21 de octubre actuar\u00e1 en el Auditorio Cudec de Tlalenplantla en M\u00e9xico<\/h3>\n<div class=\"article-body \">\n<p class=\"article-body__text article-body__text--entry article-body__text-middle\" style=\"text-align: justify;\">La artista <a class=\"link copy\" title=\"Lourdes Pastor\" href=\"https:\/\/www.diariocordoba.com\/tags\/lourdes-pastor\/\">Lourdes Pastor<\/a> llevar\u00e1 su m\u00fasica cargada de reivindicaci\u00f3n por un mundo m\u00e1s justo y m\u00e1s amable al otro lado del \u00f3ceano. <strong>M\u00e9xico<\/strong> rebir\u00e1 a la cantante de <a class=\"link copy\" title=\"C\u00f3rdoba\" href=\"https:\/\/www.diariocordoba.com\/tags\/cordoba\/\">C\u00f3rdoba <\/a>el<strong> pr\u00f3ximo 21 de octubre<\/strong> en el Auditorio Cudec en la ciudad de Tlalenplantla, donde su m\u00fasica y su palabra sonar\u00e1 \u00abdefendiendo siempre los derechos de las mujeres y los m\u00e1s excluidos de la tierra, a trav\u00e9s de composiciones propias as\u00ed como llevando a su terreno canciones universales que han sido himnos en uno y otro continente\u00bb, ha explicado la cantante.<\/p>\n<p style=\"text-align: justify;\">Lourdes Pastor creci\u00f3 arropada por la familia materna en la que el flamenco estuvo presente durante varias generaciones. Visitaci\u00f3n Mart\u00ednez, su t\u00eda abuela, conocida como \u00abEstrella de C\u00f3rdoba\u201d, pis\u00f3 las tablas de escenarios de todo el mundo.<sup id=\"cite_ref-:0_3-0\" class=\"reference separada\"><a href=\"https:\/\/es.wikipedia.org\/wiki\/Lourdes_Pastor#cite_note-:0-3\">3<\/a><\/sup>\u200b El compromiso social de su madre, la <a class=\"mw-redirect\" title=\"Activista feminista\" href=\"https:\/\/es.wikipedia.org\/wiki\/Activista_feminista\">activista feminista<\/a> <a title=\"Rafaela Pastor\" href=\"https:\/\/es.wikipedia.org\/wiki\/Rafaela_Pastor\">Rafaela Pastor<\/a>, es un referente vital<sup id=\"cite_ref-4\" class=\"reference separada\"><a href=\"https:\/\/es.wikipedia.org\/wiki\/Lourdes_Pastor#cite_note-4\">4<\/a><\/sup>\u200b y su activismo feminista comenz\u00f3 en la adolescencia.<\/p>\n<p style=\"text-align: justify;\">Estudi\u00f3 sociolog\u00eda en la <a title=\"Universidad de Granada\" href=\"https:\/\/es.wikipedia.org\/wiki\/Universidad_de_Granada\">Universidad de Granada<\/a>.<\/p>\n<div class=\"article-body--seo-closed\">\n<p class=\"article-body__text \" style=\"text-align: justify;\">Antes de viajar a M\u00e9xico, acompa\u00f1ada por<strong> Mel\u00f3n Jim\u00e9nez a la guitarra y Lara Wong a la flauta<\/strong>, Lourdes Pastor estar\u00e1 en Madrid, la primera cita fue este jueves en el Instituto Cervantes, colaborando con el Club de las 25, presidido por Cristina Almeida, en el que interpret\u00f3 algunas de las canciones de su \u00faltimo disco.<\/p>\n<p class=\"article-body__text \" style=\"text-align: justify;\">La segunda ser\u00e1 hoy esta tarde a las 20:00 horas, el <strong>Auditorio Marcelino Camacho,<\/strong> que recibir\u00e1 a la artista, arropada por sus m\u00fasic@s habituales y con la colaboraci\u00f3n especial del saxofonista Dani Ni\u00f1o y a la palabra por personalidades del mundo de la cultura, la defensa de los derechos de las mujeres y otros espacios:<\/p>\n<p class=\"article-body__text \" style=\"text-align: justify;\">Carmen Sarmiento, Ana de Miguel, Amparo Climent, Carolina Pecharrom\u00e1n, Cristina Almeida, Paca Sauquillo, Victoria Garc\u00eda Espejo, Javier Callejo, Coral Bistuer y Sindi Takanashi, ser\u00e1n quienes acompa\u00f1ar\u00e1n a Lourdes Pastor para hacer ese concierto muy especial, en el que la m\u00fasica \u00abir\u00e1 m\u00e1s all\u00e1 de lo habitual\u00bb.<\/p>\n<p><strong>MARTINETE FEMINISTA<\/strong><\/p>\n<p>Que me van a condenar<\/p>\n<p>Por mi raz\u00f3n y mi conciencia<\/p>\n<p>Que me van a condenar<\/p>\n<p>Por ser mujer ya vivo presa<\/p>\n<p>\u00a1Ay mare m\u00eda qu\u00e9 pasar\u00e1\u01c3<\/p>\n<p>Porque no somos esclavas<\/p>\n<p>Queremos ser nuestra due\u00f1as<\/p>\n<p>Nacemos libres hermanas<\/p>\n<p>Y no queremos que nos vendan<\/p>\n<p><iframe loading=\"lazy\" src=\"\/\/www.youtube.com\/embed\/-SA_ZZ6ejWQ?feature=shared\" width=\"560\" height=\"314\" allowfullscreen=\"allowfullscreen\"><\/iframe><\/p>\n<\/div>\n<\/div>\n","protected":false},"excerpt":{"rendered":"<p>Esta noche ofrecer\u00e1 un concierto en el auditorio Marcelino Camacho y el 21 de octubre&#8230;<\/p>\n","protected":false},"author":1,"featured_media":63755,"comment_status":"closed","ping_status":"closed","sticky":false,"template":"","format":"standard","meta":{"_coblocks_attr":"","_coblocks_dimensions":"","_coblocks_responsive_height":"","_coblocks_accordion_ie_support":"","jetpack_post_was_ever_published":false,"_jetpack_newsletter_access":"","_jetpack_dont_email_post_to_subs":false,"_jetpack_newsletter_tier_id":0,"_jetpack_memberships_contains_paywalled_content":false,"_jetpack_memberships_contains_paid_content":false,"footnotes":"","jetpack_publicize_message":"","jetpack_publicize_feature_enabled":true,"jetpack_social_post_already_shared":false,"jetpack_social_options":{"image_generator_settings":{"template":"highway","default_image_id":0,"enabled":false},"version":2}},"categories":[1161,44,6937,15],"tags":[1078,5753],"class_list":["post-63754","post","type-post","status-publish","format-standard","has-post-thumbnail","hentry","category-ciudadania","category-noticias-de-hoy","category-sociedad","category-ultimas-noticias","tag-flamenco","tag-lourdes-pastor"],"jetpack_publicize_connections":[],"jetpack_featured_media_url":"https:\/\/i0.wp.com\/miradordeatarfe.es\/wp-content\/uploads\/2023\/10\/a1aa9742-8aea-4ff7-9242-74f02ead8164_16-9-discover-aspect-ratio_default_0.jpg?fit=1200%2C675&ssl=1","jetpack_likes_enabled":true,"jetpack_sharing_enabled":true,"_links":{"self":[{"href":"https:\/\/miradordeatarfe.es\/index.php?rest_route=\/wp\/v2\/posts\/63754","targetHints":{"allow":["GET"]}}],"collection":[{"href":"https:\/\/miradordeatarfe.es\/index.php?rest_route=\/wp\/v2\/posts"}],"about":[{"href":"https:\/\/miradordeatarfe.es\/index.php?rest_route=\/wp\/v2\/types\/post"}],"author":[{"embeddable":true,"href":"https:\/\/miradordeatarfe.es\/index.php?rest_route=\/wp\/v2\/users\/1"}],"replies":[{"embeddable":true,"href":"https:\/\/miradordeatarfe.es\/index.php?rest_route=%2Fwp%2Fv2%2Fcomments&post=63754"}],"version-history":[{"count":1,"href":"https:\/\/miradordeatarfe.es\/index.php?rest_route=\/wp\/v2\/posts\/63754\/revisions"}],"predecessor-version":[{"id":63756,"href":"https:\/\/miradordeatarfe.es\/index.php?rest_route=\/wp\/v2\/posts\/63754\/revisions\/63756"}],"wp:featuredmedia":[{"embeddable":true,"href":"https:\/\/miradordeatarfe.es\/index.php?rest_route=\/wp\/v2\/media\/63755"}],"wp:attachment":[{"href":"https:\/\/miradordeatarfe.es\/index.php?rest_route=%2Fwp%2Fv2%2Fmedia&parent=63754"}],"wp:term":[{"taxonomy":"category","embeddable":true,"href":"https:\/\/miradordeatarfe.es\/index.php?rest_route=%2Fwp%2Fv2%2Fcategories&post=63754"},{"taxonomy":"post_tag","embeddable":true,"href":"https:\/\/miradordeatarfe.es\/index.php?rest_route=%2Fwp%2Fv2%2Ftags&post=63754"}],"curies":[{"name":"wp","href":"https:\/\/api.w.org\/{rel}","templated":true}]}}