{"id":63757,"date":"2023-10-10T09:00:38","date_gmt":"2023-10-10T07:00:38","guid":{"rendered":"https:\/\/miradordeatarfe.es\/?p=63757"},"modified":"2023-10-20T10:03:57","modified_gmt":"2023-10-20T08:03:57","slug":"el-nobel-de-la-paz-premia-a-narges-mohammadi-defensora-de-los-derechos-humanos-en-iran","status":"publish","type":"post","link":"https:\/\/miradordeatarfe.es\/?p=63757","title":{"rendered":"El Nobel de la Paz premia a Narges Mohammadi, defensora de los derechos humanos en Ir\u00e1n"},"content":{"rendered":"<h3 class=\"epigraph\" style=\"text-align: justify;\">El prestigioso galard\u00f3n va para la activista iran\u00ed, que actualmente est\u00e1 encarcelada en su pa\u00eds, y tambi\u00e9n reconoce el movimiento de protesta &#8216;Mujer, vida y libertad&#8217;<\/h3>\n<p class=\"paragraph\" style=\"text-align: justify;\" data-gtm-element-container=\"modulo-texto-link\">El Nobel de la Paz de este a\u00f1o es un mensaje directo contra la represi\u00f3n de la Rep\u00fablica Isl\u00e1mica de Ir\u00e1n. El prestigioso galard\u00f3n va dirigido a la periodista y activista de los derechos humanos en Ir\u00e1n <a href=\"https:\/\/www.lavanguardia.com\/internacional\/20201010\/483968097765\/narges-mohamadi-la-mujer-irani-que-no-se-deja-callar.html\" data-gtm-element=\"container-child-link\" data-mrf-link=\"https:\/\/www.lavanguardia.com\/internacional\/20201010\/483968097765\/narges-mohamadi-la-mujer-irani-que-no-se-deja-callar.html\">Narges Mohammadi<\/a>, seg\u00fan dio a conocer el Comit\u00e9 del Nobel noruego ayer desde Oslo. Mohammadi lleva entrando y saliendo de la c\u00e1rcel injustamente desde hace m\u00e1s de una d\u00e9cada debido a su activismo. Actualmente cumple m\u00faltiples condenas en la prisi\u00f3n de Evin, en Teher\u00e1n.<\/p>\n<p class=\"paragraph\" style=\"text-align: justify;\" data-gtm-element-container=\"modulo-texto-link\">El comit\u00e9 premi\u00f3 a Mohammadi \u201cpor su lucha contra la opresi\u00f3n de las mujeres en Ir\u00e1n y su lucha para promover los derechos humanos y la libertad para todos\u201d, se\u00f1al\u00f3 su presidenta Berit Reiss-Andersen.<\/p>\n<figure class=\"image-container\" style=\"text-align: justify;\"><picture><source srcset=\"https:\/\/www.lavanguardia.com\/files\/image_80_83\/uploads\/2020\/10\/10\/5fb289aa9199f.jpeg\" media=\"(min-width: 480px)\" \/><\/picture><\/figure>\n<p class=\"paragraph\" style=\"text-align: justify;\" data-gtm-element-container=\"modulo-texto-link\">Con el galard\u00f3n, el jurado noruego tambi\u00e9n quiso \u201creconocer a los cientos de miles de personas que se han manifestado contra las pol\u00edticas de discriminaci\u00f3n y opresi\u00f3n del r\u00e9gimen teocr\u00e1tico contra las mujeres\u201d. Con esta intenci\u00f3n iniciaba su discurso la presidenta del comit\u00e9, que pronunci\u00f3 las palabras \u201c<i>zan, zendegi, azadi<\/i>\u201d (\u201cmujer, vida, libertad\u201d, en farsi). Este fue el grito de las protestas masivas que estallaron en el pa\u00eds tras la <a href=\"https:\/\/www.lavanguardia.com\/internacional\/20230917\/9232265\/mahsa-jina-amini-sigue-viva-iran.html\" data-gtm-element=\"container-child-link\" data-mrf-link=\"https:\/\/www.lavanguardia.com\/internacional\/20230917\/9232265\/mahsa-jina-amini-sigue-viva-iran.html\">muerte de Mahsa Jina Amini<\/a>, la joven kurda iran\u00ed de 22 a\u00f1os que muri\u00f3 bajo custodia de la<i> polic\u00eda de la moral <\/i>en septiembre de 2022.<\/p>\n<p class=\"paragraph\" style=\"text-align: justify;\" data-gtm-element-container=\"modulo-texto-link\">La \u201cvaliente lucha\u201d de Mohammadi, continu\u00f3 Reiss-Andersen, \u201cha tenido enormes costos personales. El r\u00e9gimen iran\u00ed la arrest\u00f3 13 veces, la conden\u00f3 cinco veces y la conden\u00f3 a un total de 31 a\u00f1os de prisi\u00f3n y 154 latigazos. Mohammadi sigue en prisi\u00f3n\u201d. Entre los delitos de los que se le acusa est\u00e1 la de difundir propaganda contra el gobierno iran\u00ed. Desde la c\u00e1rcel, Mohammadi realiz\u00f3 varias entrevistas a otras reclusas sobre las condiciones penitenciarias, que incluy\u00f3 en su libro <i>Tortura blanca<\/i>, cuya publicaci\u00f3n a\u00f1adi\u00f3 m\u00e1s a\u00f1os a su \u00faltima condena de diez a\u00f1os y ocho meses de prisi\u00f3n.<\/p>\n<h2 class=\"module-title\" style=\"text-align: justify;\">La valiente lucha de Mohammadi ha tenido enormes costos personales<\/h2>\n<p style=\"text-align: justify;\"><span class=\"content-highlights \"> <span class=\"author\"> <span class=\"author-name\">Berit Reiss-Andersen <\/span><span class=\"author-job\">Presidenta del Comit\u00e9 del Nobel<\/span> <\/span> <\/span><\/p>\n<p class=\"paragraph\" style=\"text-align: justify;\" data-gtm-element-container=\"modulo-texto-link\">El comit\u00e9 fue un paso m\u00e1s all\u00e1 al instar a Teher\u00e1n, que ha condenado el premio, a liberar a Mohammadi: \u201cSi las autoridades iran\u00edes toman la decisi\u00f3n correcta, la liberar\u00e1n para que pueda estar presente para recibir este honor (en diciembre), que es lo que esperamos\u201d, afirm\u00f3 su presidenta. La agencia de noticias af\u00edn al gobierno iran\u00ed Fars afe\u00f3 a \u201cOccidente\u201d que galardonara a la activista \u201cpor sus acciones contra la seguridad nacional de Ir\u00e1n\u201d.<\/p>\n<p class=\"paragraph\" style=\"text-align: justify;\" data-gtm-element-container=\"modulo-texto-link\">Nacida en Zanjan, a 300 kil\u00f3metros de Teher\u00e1n, en abril de 1972, Mohammadi estudi\u00f3 f\u00edsica e ingenier\u00eda, pero ya de joven cre\u00f3 un grupo donde se discut\u00edan aspectos sociales y pol\u00edticos. Su activismo le vino de familia, donde varios de sus miembros hab\u00edan pasado por la c\u00e1rcel. En esa \u00e9poca de estudiante conoci\u00f3 a su marido, Taghi Rahmani, a quien encerraron durante 14 a\u00f1os, lo que la empuj\u00f3 todav\u00eda m\u00e1s hacia el activismo.\u00a0<\/p>\n<figure class=\"composite-image image-container \" style=\"text-align: justify;\" data-gtm-element-container=\"button-gallery\"><picture><source srcset=\"https:\/\/www.lavanguardia.com\/files\/content_image_desktop_filter\/uploads\/2023\/10\/06\/651fe62db8ad7.jpeg\" media=\"(min-width: 638px)\" \/><source srcset=\"https:\/\/www.lavanguardia.com\/files\/content_image_intermediate_filter\/uploads\/2023\/10\/06\/651fe62db8ad7.jpeg\" media=\"(min-width: 480px)\" \/><img data-recalc-dims=\"1\" decoding=\"async\" class=\"lazy loaded alignleft\" src=\"https:\/\/i0.wp.com\/www.lavanguardia.com\/files\/content_image_mobile_filter\/uploads\/2023\/10\/06\/651fe62db8ad7.jpeg?w=640&#038;ssl=1\" alt=\"Vertical\" data-full-src=\"https:\/\/www.lavanguardia.com\/uploads\/2023\/10\/06\/651fe62db8ad7.jpeg\" data-ll-status=\"loaded\" \/> <\/picture><figcaption class=\"figure-caption\">\n<p class=\"caption-title \">Mohammadi se enrol\u00f3 en el activismo social y pol\u00edtico de muy joven<\/p>\n<p><span class=\"caption-author \">Reuters<\/span><\/p>\n<\/figcaption><\/figure>\n<p class=\"paragraph\" style=\"text-align: justify;\" data-gtm-element-container=\"modulo-texto-link\">\u201cEste premio Nobel alentar\u00e1 la lucha de Narges por los derechos humanos, pero lo m\u00e1s importante es que es, de hecho, un premio para el movimiento Mujer, vida y libertad\u201d, asegur\u00f3 Rahmani, en una entrevista difundida por Reuters en su casa de Par\u00eds, donde se exili\u00f3 tras salir de la c\u00e1rcel mientras que su mujer se qued\u00f3 para continuar con su lucha por los derechos humanos.<\/p>\n<p class=\"paragraph\" style=\"text-align: justify;\" data-gtm-element-container=\"modulo-texto-link\">Mohammadi, madre de dos mellizos que rozan la veintena, trabaj\u00f3 en los noventa en varias publicaciones reformistas, entre ellas la \u00fanica revista que abogaba por los derechos de la mujer. Fue tambi\u00e9n subdirectora del Centro de Defensores de los Derechos Humanos de Ir\u00e1n, organizaci\u00f3n no gubernamental dirigida por la tambi\u00e9n Nobel de la Paz en 2003, Shirin Ebadi. Mohammadi fue una de los tres periodistas iran\u00edes encarceladas que recibieron el Premio Mundial de la Libertad de Prensa de la UNESCO a principios de 2023.<\/p>\n<p class=\"paragraph\" style=\"text-align: justify;\" data-gtm-element-container=\"modulo-texto-link\">Desde las Naciones Unidas resaltaron que el reconocimiento del Nobel sirve para destacar \u201cel coraje y determinaci\u00f3n frente a las represalias, la intimidaci\u00f3n, la violencia y las detenciones que sufren las mujeres iran\u00edes\u201d, y que son \u201cuna inspiraci\u00f3n para el mundo\u201d, en palabras de la portavoz de la Oficina del Alto Comisionado de la ONU, Elizabeth Throssell.<\/p>\n<p class=\"paragraph\" style=\"text-align: justify;\" data-gtm-element-container=\"modulo-texto-link\">Mientras que la elecci\u00f3n de este a\u00f1o sirve como denuncia a la opresi\u00f3n del r\u00e9gimen de los ayatol\u00e1s, el <a href=\"https:\/\/www.lavanguardia.com\/internacional\/20221007\/8558341\/ganador-premio-nobel-paz.html\" data-gtm-element=\"container-child-link\" data-mrf-link=\"https:\/\/www.lavanguardia.com\/internacional\/20221007\/8558341\/ganador-premio-nobel-paz.html\">Nobel de la Paz del 2022 se ley\u00f3 como una advertencia a Vlad\u00edmir Putin y sus aliados<\/a>. En esa ocasi\u00f3n el galard\u00f3n fue compartido por Al\u00e9s Bialiatski, un defensor de los derechos humanos que Bielorrusia ha condenado este a\u00f1o a diez a\u00f1os de c\u00e1rcel; la organizaci\u00f3n rusa de derechos humanos Memorial, ilegalizada en su pa\u00eds; y el Centro para las Libertades Civiles de Ucrania.<\/p>\n<figure class=\"composite-image image-container \" style=\"text-align: justify;\" data-gtm-element-container=\"button-gallery\"><picture><source srcset=\"https:\/\/www.lavanguardia.com\/files\/content_image_desktop_filter\/uploads\/2023\/10\/06\/651fe6329888a.jpeg\" media=\"(min-width: 638px)\" \/><source srcset=\"https:\/\/www.lavanguardia.com\/files\/content_image_intermediate_filter\/uploads\/2023\/10\/06\/651fe6329888a.jpeg\" media=\"(min-width: 480px)\" \/><img data-recalc-dims=\"1\" decoding=\"async\" class=\"lazy loaded alignright\" src=\"https:\/\/i0.wp.com\/www.lavanguardia.com\/files\/content_image_mobile_filter\/uploads\/2023\/10\/06\/651fe6329888a.jpeg?w=640&#038;ssl=1\" alt=\"Horizontal\" data-full-src=\"https:\/\/www.lavanguardia.com\/uploads\/2023\/10\/06\/651fe6329888a.jpeg\" data-ll-status=\"loaded\" \/> <\/picture><figcaption class=\"figure-caption\">\n<p>&nbsp;<\/p>\n<p>&nbsp;<\/p>\n<p class=\"caption-title \">Mohammadi (derecha), hoy Nobel de la Paz, junto a otra galardonada por el Nobel (2003) Shirin Ebadi\u00a0<\/p>\n<p><span class=\"caption-author \">Vahid Salemi \/ LaPresse<\/span><\/p>\n<\/figcaption><\/figure>\n<p class=\"paragraph\" style=\"text-align: justify;\" data-gtm-element-container=\"modulo-texto-link\">El jurado que elige a los ganadores lo forman cinco miembros acad\u00e9micos y ex pol\u00edticos. Es independiente pero est\u00e1 designado por el parlamento noruego. El comit\u00e9 dice que ha recibido 351 nominaciones para el premio de este a\u00f1o, incluidas 259 para individuos y 92 para organizaciones.<\/p>\n<p class=\"paragraph\" style=\"text-align: justify;\" data-gtm-element-container=\"modulo-texto-link\">El Nobel de la Paz es el \u00fanico de los seis galardones que se otorga y se entrega fuera de Suecia, en Oslo, por deseo expreso del fundador de los premios, el magnate sueco Alfred Nobel, ya que en su \u00e9poca Noruega formaba parte del vecino pa\u00eds.\u00a0\u00abS\u00f3lo abrazando la igualdad de derechos para todos podr\u00e1 el mundo lograr la fraternidad entre naciones que Alfred Nobel busc\u00f3 promover\u00bb, dijo Reiss-Andersen.<\/p>\n<p style=\"text-align: justify;\"><a href=\"https:\/\/www.lavanguardia.com\/autores\/gina-tosas.html\" data-gtm-element=\"container-child-link\"><strong>Gina Tosas<\/strong><\/a><\/p>\n<header class=\"article-top-header col-12\">\n<div class=\"article-top\">\n<div class=\"article-media-main\">\n<figure class=\"composite-image image-container \" data-gtm-element-container=\"button-gallery\"><figcaption class=\"figure-caption\">\n<p class=\"caption-title \">FOTO: La periodista y activista Narges Mohammadi\u00a0<\/p>\n<\/figcaption><\/figure>\n<\/div>\n<\/div>\n<\/header>\n<div class=\"infinite-scroll-preload\" style=\"text-align: justify;\">https:\/\/www.lavanguardia.com\/internacional\/20231006\/9280078\/nobel-paz-premia-narges-mohammadi.html<\/div>\n<div class=\"article-content col-12 col-md-8\">\n<div class=\"article-info\">\n<div class=\"author-date-content\">\n<figure class=\"author-image\" style=\"text-align: justify;\"><\/figure>\n<div class=\"author-date-time\">\n<div class=\"author-name\" data-gtm-element-container=\"author\">\n<p style=\"text-align: justify;\">\u00a0<\/p>\n<\/div>\n<\/div>\n<\/div>\n<\/div>\n<\/div>\n","protected":false},"excerpt":{"rendered":"<p>El prestigioso galard\u00f3n va para la activista iran\u00ed, que actualmente est\u00e1 encarcelada en su pa\u00eds,&#8230;<\/p>\n","protected":false},"author":1,"featured_media":63758,"comment_status":"closed","ping_status":"closed","sticky":false,"template":"","format":"standard","meta":{"_coblocks_attr":"","_coblocks_dimensions":"","_coblocks_responsive_height":"","_coblocks_accordion_ie_support":"","jetpack_post_was_ever_published":false,"_jetpack_newsletter_access":"","_jetpack_dont_email_post_to_subs":false,"_jetpack_newsletter_tier_id":0,"_jetpack_memberships_contains_paywalled_content":false,"_jetpack_memberships_contains_paid_content":false,"footnotes":"","jetpack_publicize_message":"","jetpack_publicize_feature_enabled":true,"jetpack_social_post_already_shared":false,"jetpack_social_options":{"image_generator_settings":{"template":"highway","default_image_id":0,"enabled":false},"version":2}},"categories":[7721],"tags":[10710,10709,10708],"class_list":["post-63757","post","type-post","status-publish","format-standard","has-post-thumbnail","hentry","category-mujeres-que-cambiaron-la-historia","tag-amini","tag-narges-mohammadi","tag-premio-nobel-de-la-paz"],"jetpack_publicize_connections":[],"jetpack_featured_media_url":"https:\/\/i0.wp.com\/miradordeatarfe.es\/wp-content\/uploads\/2023\/10\/651fbea873696.r_d.540-405-8778.jpeg?fit=948%2C465&ssl=1","jetpack_likes_enabled":true,"jetpack_sharing_enabled":true,"_links":{"self":[{"href":"https:\/\/miradordeatarfe.es\/index.php?rest_route=\/wp\/v2\/posts\/63757","targetHints":{"allow":["GET"]}}],"collection":[{"href":"https:\/\/miradordeatarfe.es\/index.php?rest_route=\/wp\/v2\/posts"}],"about":[{"href":"https:\/\/miradordeatarfe.es\/index.php?rest_route=\/wp\/v2\/types\/post"}],"author":[{"embeddable":true,"href":"https:\/\/miradordeatarfe.es\/index.php?rest_route=\/wp\/v2\/users\/1"}],"replies":[{"embeddable":true,"href":"https:\/\/miradordeatarfe.es\/index.php?rest_route=%2Fwp%2Fv2%2Fcomments&post=63757"}],"version-history":[{"count":3,"href":"https:\/\/miradordeatarfe.es\/index.php?rest_route=\/wp\/v2\/posts\/63757\/revisions"}],"predecessor-version":[{"id":63761,"href":"https:\/\/miradordeatarfe.es\/index.php?rest_route=\/wp\/v2\/posts\/63757\/revisions\/63761"}],"wp:featuredmedia":[{"embeddable":true,"href":"https:\/\/miradordeatarfe.es\/index.php?rest_route=\/wp\/v2\/media\/63758"}],"wp:attachment":[{"href":"https:\/\/miradordeatarfe.es\/index.php?rest_route=%2Fwp%2Fv2%2Fmedia&parent=63757"}],"wp:term":[{"taxonomy":"category","embeddable":true,"href":"https:\/\/miradordeatarfe.es\/index.php?rest_route=%2Fwp%2Fv2%2Fcategories&post=63757"},{"taxonomy":"post_tag","embeddable":true,"href":"https:\/\/miradordeatarfe.es\/index.php?rest_route=%2Fwp%2Fv2%2Ftags&post=63757"}],"curies":[{"name":"wp","href":"https:\/\/api.w.org\/{rel}","templated":true}]}}